{"id":667394,"date":"2026-09-06T04:30:27","date_gmt":"2026-09-06T04:30:27","guid":{"rendered":"https:\/\/www.europesays.com\/it\/667394\/"},"modified":"2026-09-06T04:30:27","modified_gmt":"2026-09-06T04:30:27","slug":"lazio-le-chance-di-partire-dal-1-per-pinamonti-gli-aggiornamenti-su-rovella-cataldi-dele-bashiru","status":"publish","type":"post","link":"https:\/\/www.europesays.com\/it\/667394\/","title":{"rendered":"Lazio, le chance di partire dal 1&#8242; per Pinamonti. Gli aggiornamenti su Rovella, Cataldi, Dele-Bashiru"},"content":{"rendered":"<p>\nGattuso deve ancora fare la conta degli infortunati, come ricorda il Corriere dello Sport: &#8220;<strong>Rovella \u00e8 finito ko contro il Genoa, torner\u00e0 dopo la sosta per una lesione al polpaccio. Rientro previsto il 10 ottobre con il Monza<\/strong>. Ai box, nella prima giornata a Bologna, c&#8217;era finito invece <strong>Dele-Bashiru<\/strong>, il suo problema \u00e8 meno pesante di quello di Marusic (l&#8217;altro sostituito forzatamente al Dall&#8217;Ara)&#8221;.\n<\/p>\n<p>\n<strong>&#8220;Cataldi \u00e8 ancora alle prese con il recupero post-operazione per la pubalgia<\/strong>, il reparto \u00e8 praticamente scontato: Belahyane tra <a href=\"https:\/\/www.sosfanta.com\/news\/frattesi-lazio-inter-asta-fantacalcio\/\" rel=\"nofollow noopener\" target=\"_blank\">Frattesi<\/a> e Taylor come successo dal 37&#8242; del primo tempo di domenica scorsa. Definita anche la linea di difesa: Floriani Mussolini e Tavares sulle fasce, la coppia Doekhi-Provstgaard in mezzo per proteggere Mandas. Sono stati centrati due clean-sheet dopo la figuraccia di Coppa Italia con il Mantova. Davanti i dubbi maggiori di formazione: <strong>Pinamonti, ceduto Dia, viaggia verso la prima titolarit\u00e0<\/strong> in biancoceleste. L&#8217;alternativa \u00e8 Noslin, anche se Gudmunsson in allenamento \u00e8 stato testato nel doppio ruolo, come falso nove e sulla sinistra. Dove giocher\u00e0 Zaccagni, mentre a destra \u00e8 aperto il ballottaggio tra Cancellieri e Isaksen&#8221;.\n<\/p>\n<p>        <img src=\"https:\/\/www.europesays.com\/it\/wp-content\/uploads\/2026\/09\/GettyImages-2292478309-244f498559a6-1200x675.jpeg\"   width=\"715\" height=\"402\" alt=\"SS Lazio Training Session\" title=\"SS Lazio Training Session\" loading=\"eager\" fetchpriority=\"high\" decoding=\"sync\" class=\"w-full h-auto aspect-3\/2 object-cover object-top rounded-lg\"\/><\/p>\n","protected":false},"excerpt":{"rendered":"Gattuso deve ancora fare la conta degli infortunati, come ricorda il Corriere dello Sport: &#8220;Rovella \u00e8 finito ko&hellip;\n","protected":false},"author":3,"featured_media":667395,"comment_status":"","ping_status":"","sticky":false,"template":"","format":"standard","meta":{"footnotes":"","_share_on_mastodon":"0"},"categories":[1452],"tags":[21457,721,51674,4023,367739,21460,21461,5299,1740,11332,367740,367741,62706,1537,90,89,5188,7544,53388,1739,245,244],"class_list":["post-667394","post","type-post","status-publish","format-standard","has-post-thumbnail","category-calcio","tag-bashiru","tag-calcio","tag-cataldi","tag-conta","tag-conta-infortunati","tag-dele","tag-dele-bashiru","tag-finito","tag-football","tag-gattuso","tag-gattuso-conta","tag-gattuso-conta-infortunati","tag-infortunati","tag-it","tag-italia","tag-italy","tag-lazio","tag-pinamonti","tag-rovella","tag-soccer","tag-sport","tag-sports"],"share_on_mastodon":{"url":"https:\/\/pubeurope.com\/@it\/117222220604208785","error":""},"_links":{"self":[{"href":"https:\/\/www.europesays.com\/it\/wp-json\/wp\/v2\/posts\/667394","targetHints":{"allow":["GET"]}}],"collection":[{"href":"https:\/\/www.europesays.com\/it\/wp-json\/wp\/v2\/posts"}],"about":[{"href":"https:\/\/www.europesays.com\/it\/wp-json\/wp\/v2\/types\/post"}],"author":[{"embeddable":true,"href":"https:\/\/www.europesays.com\/it\/wp-json\/wp\/v2\/users\/3"}],"replies":[{"embeddable":true,"href":"https:\/\/www.europesays.com\/it\/wp-json\/wp\/v2\/comments?post=667394"}],"version-history":[{"count":0,"href":"https:\/\/www.europesays.com\/it\/wp-json\/wp\/v2\/posts\/667394\/revisions"}],"wp:featuredmedia":[{"embeddable":true,"href":"https:\/\/www.europesays.com\/it\/wp-json\/wp\/v2\/media\/667395"}],"wp:attachment":[{"href":"https:\/\/www.europesays.com\/it\/wp-json\/wp\/v2\/media?parent=667394"}],"wp:term":[{"taxonomy":"category","embeddable":true,"href":"https:\/\/www.europesays.com\/it\/wp-json\/wp\/v2\/categories?post=667394"},{"taxonomy":"post_tag","embeddable":true,"href":"https:\/\/www.europesays.com\/it\/wp-json\/wp\/v2\/tags?post=667394"}],"curies":[{"name":"wp","href":"https:\/\/api.w.org\/{rel}","templated":true}]}}