{"id":667398,"date":"2026-09-06T04:32:17","date_gmt":"2026-09-06T04:32:17","guid":{"rendered":"https:\/\/www.europesays.com\/it\/667398\/"},"modified":"2026-09-06T04:32:17","modified_gmt":"2026-09-06T04:32:17","slug":"la-proiezione-de-le-confessioni-di-una-donna-e-la-mostra-che-racconta-palermo-il-weekend-di-palazzo-bonocore","status":"publish","type":"post","link":"https:\/\/www.europesays.com\/it\/667398\/","title":{"rendered":"La proiezione de \u201cLe confessioni di una donna\u201d e la mostra che racconta Palermo: il weekend di Palazzo Bonocore"},"content":{"rendered":"<p>&#13;<br \/>\n      &#13;<br \/>\n&#13;<br \/>\n     &#13;<br \/>\n        &#13;<\/p>\n<p>Un weekend ricco di appuntamenti a palazzo Bonocore, tra mostre e concerti dal vivo che accompagneranno una proiezione.<\/p>\n<p>Sabato 9 maggio alle 17.30 si inaugura \u201cRaccontare Palermo. Un viaggio tra immagini e parole\u201d, mostra dedicata ai taccuini di viaggio del gruppo Palermo \/ Sketchcrawl, realt\u00e0 attiva dal 2013 e fondata dall&#8217;architetto Anna Cottone. Il progetto nasce da un\u2019idea tanto semplice quanto profonda: il viaggio come strumento di conoscenza. Un viaggio lento, fatto di osservazione e ascolto, in cui il disegno e la parola diventano strumenti per restituire l\u2019esperienza dei luoghi, proprio come accadeva nei diari dei viaggiatori di un tempo.<\/p>\n<p>La mostra raccoglie una selezione di taccuini in cui immagini e annotazioni convivono in un equilibrio delicato, offrendo uno sguardo intimo e stratificato su Palermo e sul suo territorio. I lavori esposti sono il risultato di una pratica condivisa che, negli anni, ha trasformato un\u2019esperienza individuale in un racconto collettivo, in dialogo con realt\u00e0 internazionali come quella degli Urban Sketchers. In occasione dell\u2019inaugurazione interverranno Beatrice Agnello, editor e critica letteraria, Lucia Pierro, architetto e responsabile della sezione mostre del Consiglio dell\u2019Ordine degli Architetti.<\/p>\n<p>Attraverso una pluralit\u00e0 di sguardi, il percorso espositivo attraversa alcuni dei luoghi e delle trasformazioni pi\u00f9 significative della citt\u00e0: il porto e il fronte a mare, oggi restituiti alla fruizione pubblica; i luoghi del Grand Tour; la Palermo Liberty e i suoi teatri, tra cui il Teatro Massimo; i piccoli musei d\u2019eccellenza e la cultura materiale; i luoghi del lavoro e della produzione, memoria di una citt\u00e0 industriale; e il tema dell\u2019acqua, elemento fondante del paesaggio urbano siciliano.<\/p>\n<p>Ne emerge una narrazione corale, in cui ogni taccuino contribuisce a costruire una visione pi\u00f9 ampia e complessa della citt\u00e0, restituendone stratificazioni, trasformazioni e identit\u00e0.<\/p>\n<p>Elenco skechers in mostra:Rosanna Amorosi, Marcella Bacarella, Cinzia Bascone, Anna Benigno, Giovanni Benincasa, Mariella Cal\u00f2, Massimo Cirrone, Anna Cottone, Danilo D\u2019Acquisto, Enza Gambino, Simonetta Genova, Celeste Gurgone, Anne Guy, Antonella Italia, Giovanna Pizzo, Annick Le Jan, Anna Madonia, Antonietta Mazzamuto, Pierluca Pepe, Anna Maria Puleo, Mariella Ramondo, Laura Salmeri Moncada, Maria Francesca Starrabba, Antonella Stillone.<\/p>\n<p>La mostra si inserisce nel programma di Bonocore Open Art, la call promossa da CoopCulture e Palazzo Bonocore dedicata ai linguaggi visivi contemporanei.<\/p>\n<p>\u00c8 realizzata con il patrocinio dell\u2019Ordine degli Architetti, Pianificatori, Paesaggisti e Conservatori della Provincia di Palermo ed \u00e8 inserita nel programma della Settimana delle Culture. L\u2019esposizione sar\u00e0 visitabile fino al 12 giugno.<\/p>\n<p>Ancora domenica 10 maggio alle 18.30 Crossings presenta \u201cLe confessioni di una donna\u201d con musiche dal vivo. Il film muto in bianco e nero diretto da Amleto Palermi, \u00e8 un\u2019opera rara e difficilmente reperibile, ambientata tra Palermo e alcuni dei luoghi pi\u00f9 iconici della Sicilia, tra cui Taormina, Siracusa e Agrigento. A rendere l\u2019esperienza ancora pi\u00f9 immersiva sar\u00e0 l\u2019esecuzione dal vivo delle musiche originali a cura di Umberto Porcaro &#8211; chitarre, Federico Chisesi &#8211; batteria, Claudio Trapani &#8211; tastiera, Fabio Lannino &#8211; basso \/ Synth, in un dialogo continuo tra immagine e suono, cifra distintiva della rassegna.<\/p>\n<p>Il film, costruito come un \u201ccineromanzo\u201d, prende avvio dal ritrovamento di un diario in un ospedale e si sviluppa come un racconto denso di emozioni e colpi di scena: un amore ostacolato, segreti familiari, misteriosi intrighi e una protagonista femminile determinata a ricostruire la propria storia. Sullo sfondo, una Sicilia degli anni Venti che attraversa miniere, contesti aristocratici e paesaggi naturali, restituendo un ritratto prezioso e suggestivo dell\u2019isola.<\/p>\n<p>Amleto Palermi, figura centrale del cinema italiano tra muto e sonoro, \u00e8 stato un autore capace di coniugare sensibilit\u00e0 narrativa e innovazione tecnica, dirigendo alcune delle pi\u00f9 importanti interpreti del suo tempo e contribuendo allo sviluppo dell\u2019industria cinematografica nazionale.<\/p>\n<p> &#13;<br \/>\n       &#13;<br \/>\n&#13;<br \/>\n&#13;<br \/>\n  &#13;<br \/>\n  &#13;<br \/>\n&#13;<br \/>\n&#13;<br \/>\n  &#13;<br \/>\n&#13;<br \/>\n        &#13;<br \/>\n        &#13;<br \/>\n               &#13;<br \/>\n      &#13;<br \/>\n      &#13;<br \/>\n      &#13;<br \/>\n&#13;<br \/>\n&#13;<br \/>\n            &#13;<br \/>\n   &#13;<br \/>\n&#13;<br \/>\n &#13;<br \/>\n      &#13;<br \/>\n&#13;<br \/>\n      &#13;<\/p>\n","protected":false},"excerpt":{"rendered":"&#13; &#13; &#13; &#13; &#13; Un weekend ricco di appuntamenti a palazzo Bonocore, tra mostre e concerti dal&hellip;\n","protected":false},"author":3,"featured_media":667399,"comment_status":"","ping_status":"","sticky":false,"template":"","format":"standard","meta":{"footnotes":"","_share_on_mastodon":"0"},"categories":[1446],"tags":[1615,1613,1614,1611,1610,1612,203,626,204,1537,90,89],"class_list":["post-667398","post","type-post","status-publish","format-standard","has-post-thumbnail","category-arte-e-design","tag-arte","tag-arte-e-design","tag-arteedesign","tag-arts","tag-arts-and-design","tag-design","tag-entertainment","tag-eventi","tag-intrattenimento","tag-it","tag-italia","tag-italy"],"share_on_mastodon":{"url":"https:\/\/pubeurope.com\/@it\/117222227925204731","error":""},"_links":{"self":[{"href":"https:\/\/www.europesays.com\/it\/wp-json\/wp\/v2\/posts\/667398","targetHints":{"allow":["GET"]}}],"collection":[{"href":"https:\/\/www.europesays.com\/it\/wp-json\/wp\/v2\/posts"}],"about":[{"href":"https:\/\/www.europesays.com\/it\/wp-json\/wp\/v2\/types\/post"}],"author":[{"embeddable":true,"href":"https:\/\/www.europesays.com\/it\/wp-json\/wp\/v2\/users\/3"}],"replies":[{"embeddable":true,"href":"https:\/\/www.europesays.com\/it\/wp-json\/wp\/v2\/comments?post=667398"}],"version-history":[{"count":0,"href":"https:\/\/www.europesays.com\/it\/wp-json\/wp\/v2\/posts\/667398\/revisions"}],"wp:featuredmedia":[{"embeddable":true,"href":"https:\/\/www.europesays.com\/it\/wp-json\/wp\/v2\/media\/667399"}],"wp:attachment":[{"href":"https:\/\/www.europesays.com\/it\/wp-json\/wp\/v2\/media?parent=667398"}],"wp:term":[{"taxonomy":"category","embeddable":true,"href":"https:\/\/www.europesays.com\/it\/wp-json\/wp\/v2\/categories?post=667398"},{"taxonomy":"post_tag","embeddable":true,"href":"https:\/\/www.europesays.com\/it\/wp-json\/wp\/v2\/tags?post=667398"}],"curies":[{"name":"wp","href":"https:\/\/api.w.org\/{rel}","templated":true}]}}