{"id":667447,"date":"2026-09-06T05:26:19","date_gmt":"2026-09-06T05:26:19","guid":{"rendered":"https:\/\/www.europesays.com\/it\/667447\/"},"modified":"2026-09-06T05:26:19","modified_gmt":"2026-09-06T05:26:19","slug":"carta-da-parati-le-nuove-tendenze-in-5-case-fra-parigi-e-milano","status":"publish","type":"post","link":"https:\/\/www.europesays.com\/it\/667447\/","title":{"rendered":"Carta da parati, le nuove tendenze in 5 case fra Parigi e Milano"},"content":{"rendered":"<p>La <a href=\"https:\/\/www.ad-italia.it\/article\/tendenze-della-camera-da-letto-2026-idee-ad100\/\" target=\"_blank\" rel=\"nofollow noopener\">camera da letto<\/a> principale, con la sua carta da parati color rame, \u00e8 orchestrata in modo teatrale da un paio di tende ai lati della testiera del letto. \u201c\u00c8 un dettaglio che utilizziamo spesso\u201d, spiega Samantha Hauvette. \u201cL\u2019idea di un sipario teatrale in velluto, con rifiniture d&#8217;altri tempi, contribuisce a creare la scena nelle camere da letto\u201d.<\/p>\n<p>La carta da parati che armonizza con l\u2019ottone<\/p>\n<p>Per il suo primo progetto, Daphn\u00e9 Savare firma la ristrutturazione di un <a href=\"https:\/\/www.ad-italia.it\/article\/appartamento-parigino-sound-bar-misura-simmetria-fluidita\/\" target=\"_blank\" rel=\"nofollow noopener\">appartamento parigino<\/a> trasformato in un rifugio accogliente. Boiserie e curve avvolgenti delineano spazi morbidi e conviviali, pensati per ospitare.<\/p>\n<p><strong>Nell\u2019VIII arrondissement di <a href=\"https:\/\/www.ad-italia.it\/article\/piccolo-spazio-a-parigi-sottotetto-sembra-piu-grande-grazie-alle-pareti-inclinate\/\" target=\"_blank\" rel=\"nofollow noopener\">Parigi<\/a>, Daphn\u00e9 Savare firma il primissimo appartamento del suo studio di architettura d\u2019interni<\/strong>. Con una formazione in marketing e comunicazione alle spalle, ha lavorato per cinque anni presso maison di lusso come coordinatrice stampa. Poich\u00e9 quell\u2019ambiente non le permetteva di esprimere la propria creativit\u00e0 come avrebbe voluto, due anni e mezzo fa ha deciso di riconvertirsi all\u2019architettura d\u2019interni. In questo modo, ha dato un senso a ci\u00f2 che realizza, dando libero sfogo alla propria creativit\u00e0 in modo pi\u00f9 duraturo e concreto. Un altro aspetto che fa battere forte il cuore dell\u2019architetta \u00e8 che \u201cin questo ambito si conciliano sia l\u2019aspetto estetico, sia quello tecnico, che \u00e8 ovviamente il pilastro di ogni progetto\u201d, spiega Daphn\u00e9 Savare. In questo <a href=\"https:\/\/www.ad-italia.it\/article\/appartamento-stile-haussmann-rifugio-caldo-chic-trocadero\/\" target=\"_blank\" rel=\"nofollow noopener\">appartamento in stile Haussmann<\/a> ristrutturato per una coppia, Daphn\u00e9 Savare lascia che siano le curve e le <a href=\"https:\/\/www.ad-italia.it\/article\/boiserie-suggerimenti-modelli-consigli-architetto\/\" target=\"_blank\" rel=\"nofollow noopener\">boiserie<\/a> a guidare lo sguardo.<\/p>\n<p><img decoding=\"async\" alt=\"carta da parati applique in ottone armadi su misura letto in nicchia\" loading=\"lazy\" class=\"ResponsiveImageContainer-dkeESL cQPiWi responsive-image__image\"   src=\"https:\/\/www.europesays.com\/it\/wp-content\/uploads\/2026\/09\/Capture%20d%E2%80%99e%CC%81cran%202026-05-21%20a%CC%80%2015.38.17.png\"\/><\/p>\n<p>Sopra il letto, un&#8217;applique in ottone Flamant.<\/p>\n<p>\u00a9 Cl\u00e9ment Gerard &#8211; Oracle Paris<\/p>\n<p>Nella camera <a href=\"https:\/\/www.ad-italia.it\/article\/camere-da-letto-belle-9-case-ad100\/\" target=\"_blank\" rel=\"nofollow noopener\">da letto<\/a> principale ritroviamo ancora il legno tinto, filo conduttore dell\u2019arredamento. Ma qui si crea un contrasto con la testiera in tweed intrecciato multicolore e la \u201ccarta da parati punteggiata da dettagli in ottone, che si ritrovano un po\u2019 ovunque nell\u2019appartamento e che conferiscono un po\u2019 di rilievo e di luce a questo spazio storage\u201d, spiega Daphn\u00e9 Savare. La camera \u00e8 stata completamente ripensata dall\u2019architetta per quanto riguarda il rivestimento delle pareti. La professionista ha aggiunto delle modanature per mantenere quel mood <a href=\"https:\/\/www.ad-italia.it\/gallery\/arredamento-stile-parigino-appartamento-milano\/\" target=\"_blank\" rel=\"nofollow noopener\">parigino<\/a> che piace tanto ai proprietari.<\/p>\n","protected":false},"excerpt":{"rendered":"La camera da letto principale, con la sua carta da parati color rame, \u00e8 orchestrata in modo teatrale&hellip;\n","protected":false},"author":3,"featured_media":667448,"comment_status":"","ping_status":"","sticky":false,"template":"","format":"standard","meta":{"footnotes":"","_share_on_mastodon":"0"},"categories":[1446],"tags":[1615,1613,1614,1611,1610,1612,203,16916,204,1537,90,89,16915],"class_list":["post-667447","post","type-post","status-publish","format-standard","has-post-thumbnail","category-arte-e-design","tag-arte","tag-arte-e-design","tag-arteedesign","tag-arts","tag-arts-and-design","tag-design","tag-entertainment","tag-how-to","tag-intrattenimento","tag-it","tag-italia","tag-italy","tag-tendenze"],"share_on_mastodon":{"url":"https:\/\/pubeurope.com\/@it\/117222440162865457","error":""},"_links":{"self":[{"href":"https:\/\/www.europesays.com\/it\/wp-json\/wp\/v2\/posts\/667447","targetHints":{"allow":["GET"]}}],"collection":[{"href":"https:\/\/www.europesays.com\/it\/wp-json\/wp\/v2\/posts"}],"about":[{"href":"https:\/\/www.europesays.com\/it\/wp-json\/wp\/v2\/types\/post"}],"author":[{"embeddable":true,"href":"https:\/\/www.europesays.com\/it\/wp-json\/wp\/v2\/users\/3"}],"replies":[{"embeddable":true,"href":"https:\/\/www.europesays.com\/it\/wp-json\/wp\/v2\/comments?post=667447"}],"version-history":[{"count":0,"href":"https:\/\/www.europesays.com\/it\/wp-json\/wp\/v2\/posts\/667447\/revisions"}],"wp:featuredmedia":[{"embeddable":true,"href":"https:\/\/www.europesays.com\/it\/wp-json\/wp\/v2\/media\/667448"}],"wp:attachment":[{"href":"https:\/\/www.europesays.com\/it\/wp-json\/wp\/v2\/media?parent=667447"}],"wp:term":[{"taxonomy":"category","embeddable":true,"href":"https:\/\/www.europesays.com\/it\/wp-json\/wp\/v2\/categories?post=667447"},{"taxonomy":"post_tag","embeddable":true,"href":"https:\/\/www.europesays.com\/it\/wp-json\/wp\/v2\/tags?post=667447"}],"curies":[{"name":"wp","href":"https:\/\/api.w.org\/{rel}","templated":true}]}}