{"id":667449,"date":"2026-09-06T05:29:19","date_gmt":"2026-09-06T05:29:19","guid":{"rendered":"https:\/\/www.europesays.com\/it\/667449\/"},"modified":"2026-09-06T05:29:19","modified_gmt":"2026-09-06T05:29:19","slug":"travis-kelce-adoro-il-fatto-che-tay-taylor-swift-sia-sempre-autenticamente-se-stessa-con-ogni-look-e-le-altre-frasi-sulla-moda-che-ci-hanno-colpiti-questa-settimana","status":"publish","type":"post","link":"https:\/\/www.europesays.com\/it\/667449\/","title":{"rendered":"Travis Kelce: \u00abAdoro il fatto che Tay [Taylor Swift] sia sempre autenticamente se stessa con ogni look\u00bb\u2026 E le altre frasi sulla moda che ci hanno colpiti questa settimana"},"content":{"rendered":"<p><img decoding=\"async\" alt=\"Haider Ackermann 26 giugno 2026.\" loading=\"lazy\" class=\"ResponsiveImageContainer-dkeESL cQPiWi responsive-image__image\"   src=\"https:\/\/www.europesays.com\/it\/wp-content\/uploads\/2026\/09\/GettyImages-2283479821.jpg\"\/><\/p>\n<p>Haider Ackermann, 26 giugno 2026. (Photo by Christian Vierig\/Getty Images)<\/p>\n<p>Christian Vierig\/Getty Images<\/p>\n<p>Haider Ackermann, direttore creativo di Tom Ford, condivide la sua visione per la maison: \u00abNon voglio imitare la sua eredit\u00e0, perch\u00e9 la nostalgia non fa per me. Devo farla respirare in un certo modo, in un modo nuovo\u00bb.<\/p>\n<p>In un mondo \u00abchiassoso\u00bb, Ackermann vuole che il suo Tom Ford rappresenti un invito alla discrezione. \u00abFuori le voci sono forti\u00bb, dice a <a href=\"https:\/\/www.vanityfair.com\/story\/haider-ackermann-tom-ford?utm_source=chatgpt.com\" target=\"_blank\" rel=\"nofollow noopener\">Vanity Fair US<\/a>. \u00abIo voglio solo che sia qualcosa di discreto, silenzioso, ma silenzio non significa noioso. A volte il silenzio ha pi\u00f9 forza del rumore\u00bb, continua. \u00abLa discrezione \u00e8 eleganza, ed \u00e8 ci\u00f2 di cui abbiamo bisogno\u00bb.<\/p>\n<p>L&#8217;ispirazione viene dalla strada. Ackermann racconta che gli piace sedersi nei bar o nei bistrot e osservare le persone che passano davanti a lui. \u00ab\u00c8 il mio teatro\u00bb, dice. \u00abPer me, in sostanza, il mio lavoro consiste semplicemente nel cercare la bellezza e nel tentativo di portare dignit\u00e0, oltre a un senso di disciplina ed eleganza\u00bb.<\/p>\n<p>\u00abAdoro il fatto che Tay [Taylor Swift] sia sempre autenticamente se stessa con ogni look\u00bb<\/p>\n<p>Travis Kelce<\/p>\n","protected":false},"excerpt":{"rendered":"Haider Ackermann, 26 giugno 2026. (Photo by Christian Vierig\/Getty Images) Christian Vierig\/Getty Images Haider Ackermann, direttore creativo di&hellip;\n","protected":false},"author":3,"featured_media":667450,"comment_status":"","ping_status":"","sticky":false,"template":"","format":"standard","meta":{"footnotes":"","_share_on_mastodon":"0"},"categories":[1443],"tags":[203,204,1537,90,89,1538,1539,6865,56506],"class_list":["post-667449","post","type-post","status-publish","format-standard","has-post-thumbnail","category-musica","tag-entertainment","tag-intrattenimento","tag-it","tag-italia","tag-italy","tag-music","tag-musica","tag-taylor-swift","tag-tom-ford"],"share_on_mastodon":{"url":"https:\/\/pubeurope.com\/@it\/117222452740351432","error":""},"_links":{"self":[{"href":"https:\/\/www.europesays.com\/it\/wp-json\/wp\/v2\/posts\/667449","targetHints":{"allow":["GET"]}}],"collection":[{"href":"https:\/\/www.europesays.com\/it\/wp-json\/wp\/v2\/posts"}],"about":[{"href":"https:\/\/www.europesays.com\/it\/wp-json\/wp\/v2\/types\/post"}],"author":[{"embeddable":true,"href":"https:\/\/www.europesays.com\/it\/wp-json\/wp\/v2\/users\/3"}],"replies":[{"embeddable":true,"href":"https:\/\/www.europesays.com\/it\/wp-json\/wp\/v2\/comments?post=667449"}],"version-history":[{"count":0,"href":"https:\/\/www.europesays.com\/it\/wp-json\/wp\/v2\/posts\/667449\/revisions"}],"wp:featuredmedia":[{"embeddable":true,"href":"https:\/\/www.europesays.com\/it\/wp-json\/wp\/v2\/media\/667450"}],"wp:attachment":[{"href":"https:\/\/www.europesays.com\/it\/wp-json\/wp\/v2\/media?parent=667449"}],"wp:term":[{"taxonomy":"category","embeddable":true,"href":"https:\/\/www.europesays.com\/it\/wp-json\/wp\/v2\/categories?post=667449"},{"taxonomy":"post_tag","embeddable":true,"href":"https:\/\/www.europesays.com\/it\/wp-json\/wp\/v2\/tags?post=667449"}],"curies":[{"name":"wp","href":"https:\/\/api.w.org\/{rel}","templated":true}]}}