{"id":667491,"date":"2026-09-06T06:05:22","date_gmt":"2026-09-06T06:05:22","guid":{"rendered":"https:\/\/www.europesays.com\/it\/667491\/"},"modified":"2026-09-06T06:05:22","modified_gmt":"2026-09-06T06:05:22","slug":"se-ne-va-un-grande-uomo-le-reazioni-della-comunita-islamica-allomicidio-di-santosvaldo","status":"publish","type":"post","link":"https:\/\/www.europesays.com\/it\/667491\/","title":{"rendered":"\u201cSe ne va un grande uomo\u201d le reazioni della comunit\u00e0 islamica all&#8217;omicidio di Sant&#8217;Osvaldo"},"content":{"rendered":"<p>\u00c8 ancora sotto shock la comunit\u00e0 islamica udinese, sconvolta dal brutale omicidio del 65enne Abdellatif Bensefiyan, avvenuto ieri sera nel quartiere di Sant&#8217;Osvaldo. Mentre sono ancora in corso le indagini per ricostruire i dettagli della vicenda e, soprattutto, per assicurare il presunto colpevole alla giustizia, la famiglia, gli amici e i conoscenti dell&#8217;uomo ne piangono la scomparsa, dipingendo il ritratto di una persona onesta e benvoluta da tutti, anche all&#8217;infuori della comunit\u00e0 dei fedeli.<\/p>\n<p><img decoding=\"async\" src=\"https:\/\/www.europesays.com\/it\/wp-content\/uploads\/2026\/09\/abdellatif-bensefiyan.jpeg\" alt=\"Abdellatif Bensefiyan\" title=\"Abdellatif Bensefiyan\"\/><\/p>\n<p>L&#8217;imam Baba Crachi: \u201cIeri abbiamo scherzato insieme\u201d<\/p>\n<p>Il primo a condividere con noi il suo ricordo su Abdellatif \u00e8 stato l&#8217;imam Baba Crachi, presidente dell&#8217;associazione culturale spirituale \u201cIslam \u00e8 Luce\u201d, in viale Ungheria: \u201cEra amico di tutti, mai ho sentito dire qualcosa di male su di lui. Veniva spesso qui alla moschea \u2014 ci ha detto, mostrandoci il posto dove era solito pregare \u2014, era davvero un brav&#8217;uomo\u201d. Crachi non si d\u00e0 pace, soprattutto perch\u00e9 il suo ultimo incontro con Abdellatif \u00e8 stato recentissimo, e la sua morte \u00e8 un fulmine a ciel sereno: \u201cProprio ieri ci siamo visti qua \u2014 ha raccontato \u2014, abbiamo riso e scherzato insieme, come succedeva spesso. Era molto conosciuto in via Roma, non solo dalla comunit\u00e0 marocchina. Se chiedete di lui in qualunque bar della zona, dove magari si fermava a bere il caff\u00e8, tutti vi diranno che persona gentile era\u201d. L&#8217;imam ha voluto sottolineare, pi\u00f9 di tutto, la sua generosit\u00e0, legata anche al lavoro di Abdellatif come commerciante al dettaglio: \u201cVendeva piccoli oggetti come orologi e profumi. Ma se qualcuno era in difficolt\u00e0 economica, lui dava la merce a credito, o addirittura la regalava. \u00c8 davvero una notizia terribile, io lo conoscevo dal 2007, da quando sono venuto in Italia dal Ghana\u201d.\u00a0<\/p>\n<p><img decoding=\"async\" src=\"https:\/\/www.europesays.com\/it\/wp-content\/uploads\/2026\/09\/l-esterno-della-moschea-di-viale-ungheria.jpg\" alt=\"L'esterno della moschea di viale Ungheria\" title=\"L'esterno della moschea di viale Ungheria\"\/><\/p>\n<p>L&#8217;imam Ahmed: \u201cNon conosciamo il responsabile dell&#8217;assassinio\u201d<\/p>\n<p>Proprio in queste ore, i fedeli del Centro Misericordia e Solidariet\u00e0, frequentato soprattutto dalla comunit\u00e0 marocchina, sono riuniti in preghiera per ricordare Abdellatif. L&#8217;ingresso della moschea di via Marano Lagunare \u00e8 un triste viavai di parenti, amici del 65enne e fedeli venuti a stringersi attorno alla famiglia. Alcuni lontani parenti della vittima e membri della comunit\u00e0 accettano di parlare con noi, ma ci pregano di rispettare il riserbo della famiglia, ancora sotto shock per l&#8217;accaduto. Anche in questo caso, \u00e8 la guida spirituale del centro, l&#8217;imam Ahmed, a parlarci brevemente di Abdellatif: \u201cEra una persona onesta e un grande uomo. Abitava in Italia da moltissimi anni, credo addirittura dal 1990. Non conosciamo l&#8217;uomo ricercato per il suo omicidio, non frequentava la nostra comunit\u00e0 di preghiera. N\u00e9 sapevamo della sua situazione familiare\u201d. Secondo le ultime indagini degli inquirenti, l&#8217;assassino sarebbe il 32enne Mohamed Kouifi, ex fidanzato della sorella della vittima, residente a Rive d&#8217;Arcano. Stando a quanto emerso finora, il fuggitivo non avrebbe accettato la fine della sua relazione con la sorella del 65enne, rendendosi responsabile di un&#8217;escalation di minacce e violenze culminate con l&#8217;agguato mortale di ieri sera. Abdellatif, descritto da tutti i suoi conoscenti come una persona pacifica e ben inserita nella comunit\u00e0, lascia la moglie, un figlio e diversi parenti.<\/p>\n","protected":false},"excerpt":{"rendered":"\u00c8 ancora sotto shock la comunit\u00e0 islamica udinese, sconvolta dal brutale omicidio del 65enne Abdellatif Bensefiyan, avvenuto ieri&hellip;\n","protected":false},"author":3,"featured_media":667492,"comment_status":"","ping_status":"","sticky":false,"template":"","format":"standard","meta":{"footnotes":"","_share_on_mastodon":"0"},"categories":[79],"tags":[367782,14,93,94,1537,90,89,34206,7,15,1728,367783,11,84,91,12,85,92],"class_list":["post-667491","post","type-post","status-publish","format-standard","has-post-thumbnail","category-italia","tag-abdellatif","tag-cronaca","tag-cronaca-italiana","tag-cronacaitaliana","tag-it","tag-italia","tag-italy","tag-moschea","tag-news","tag-notizie","tag-omicidio","tag-santosvaldo","tag-ultime-notizie","tag-ultime-notizie-e-news-di-oggi","tag-ultime-notizie-italia","tag-ultimenotizie","tag-ultimenotizieenewsdioggi","tag-ultimenotizieitalia"],"share_on_mastodon":{"url":"https:\/\/pubeurope.com\/@it\/117222594588800524","error":""},"_links":{"self":[{"href":"https:\/\/www.europesays.com\/it\/wp-json\/wp\/v2\/posts\/667491","targetHints":{"allow":["GET"]}}],"collection":[{"href":"https:\/\/www.europesays.com\/it\/wp-json\/wp\/v2\/posts"}],"about":[{"href":"https:\/\/www.europesays.com\/it\/wp-json\/wp\/v2\/types\/post"}],"author":[{"embeddable":true,"href":"https:\/\/www.europesays.com\/it\/wp-json\/wp\/v2\/users\/3"}],"replies":[{"embeddable":true,"href":"https:\/\/www.europesays.com\/it\/wp-json\/wp\/v2\/comments?post=667491"}],"version-history":[{"count":0,"href":"https:\/\/www.europesays.com\/it\/wp-json\/wp\/v2\/posts\/667491\/revisions"}],"wp:featuredmedia":[{"embeddable":true,"href":"https:\/\/www.europesays.com\/it\/wp-json\/wp\/v2\/media\/667492"}],"wp:attachment":[{"href":"https:\/\/www.europesays.com\/it\/wp-json\/wp\/v2\/media?parent=667491"}],"wp:term":[{"taxonomy":"category","embeddable":true,"href":"https:\/\/www.europesays.com\/it\/wp-json\/wp\/v2\/categories?post=667491"},{"taxonomy":"post_tag","embeddable":true,"href":"https:\/\/www.europesays.com\/it\/wp-json\/wp\/v2\/tags?post=667491"}],"curies":[{"name":"wp","href":"https:\/\/api.w.org\/{rel}","templated":true}]}}