{"id":667504,"date":"2026-09-06T06:23:17","date_gmt":"2026-09-06T06:23:17","guid":{"rendered":"https:\/\/www.europesays.com\/it\/667504\/"},"modified":"2026-09-06T06:23:17","modified_gmt":"2026-09-06T06:23:17","slug":"rai-1-cambia-tutto-da-lunedi-7-settembre-tornano-clerici-matano-balivo-e-unomattina-2","status":"publish","type":"post","link":"https:\/\/www.europesays.com\/it\/667504\/","title":{"rendered":"Rai 1, cambia tutto da luned\u00ec 7 settembre: tornano Clerici, Matano, Balivo e Unomattina"},"content":{"rendered":"<p>            <strong>Unomattina compie 40 anni<\/strong> <\/p>\n<p>Alle <strong>8.35<\/strong> la linea passa a <a href=\"https:\/\/www.ilmattino.it\/t\/unomattina\" rel=\"nofollow noopener\" target=\"_blank\"><strong>Unomattina<\/strong><\/a>, ancora affidato a <a href=\"https:\/\/www.ilmattino.it\/t\/massimiliano-ossini\" rel=\"nofollow noopener\" target=\"_blank\"><strong>Massimiliano Ossini<\/strong><\/a> e <a href=\"https:\/\/www.ilmattino.it\/t\/daniela-ferolla\" rel=\"nofollow noopener\" target=\"_blank\"><strong>Daniela Ferolla<\/strong><\/a>. La stagione 2026\/2027 porta con s\u00e9 un anniversario importante: il programma si prepara infatti a celebrare <strong>40 anni dalla prima puntata<\/strong>, trasmessa il 22 dicembre 1986 in una fascia oraria allora quasi inesplorata dalla televisione italiana.<\/p>\n<p>La formula resta ampia e consolidata: cronaca, salute, lavoro, consumi, ambiente, cultura e cucina, con esperti, testimonianze, collegamenti e attenzione ai territori. Pi\u00f9 che stravolgere il programma, Rai punta quindi sulla continuit\u00e0 di uno dei marchi pi\u00f9 longevi della propria programmazione.<\/p>\n<p>Per Ossini sar\u00e0 anche un secondo anniversario: nel 2026 festeggia <strong>vent\u2019anni in Rai<\/strong>. Il conduttore continua inoltre a dividersi tra Roma e la famiglia ad Ascoli Piceno e ha raccontato di percorrere ogni anno tra <strong>70 e 80mila chilometri in automobile<\/strong> per conciliare lavoro e vita privata.<\/p>\n","protected":false},"excerpt":{"rendered":"Unomattina compie 40 anni Alle 8.35 la linea passa a Unomattina, ancora affidato a Massimiliano Ossini e Daniela&hellip;\n","protected":false},"author":3,"featured_media":666936,"comment_status":"","ping_status":"","sticky":false,"template":"","format":"standard","meta":{"footnotes":"","_share_on_mastodon":"0"},"categories":[1444],"tags":[10359,18205,39049,60591,97534,203,65316,204,1537,90,89,165010,2848,3501,64986,14404,253],"class_list":["post-667504","post","type-post","status-publish","format-standard","has-post-thumbnail","category-tv","tag-alberto-matano","tag-antonella-clerici","tag-caterina-balivo","tag-daniela-ferolla","tag-eleonora-daniele","tag-entertainment","tag-il-paradiso-delle-signore","tag-intrattenimento","tag-it","tag-italia","tag-italy","tag-massimiliano-ossini","tag-rai","tag-rai-1","tag-tg1","tag-tiberio-timperi","tag-tv"],"share_on_mastodon":{"url":"https:\/\/pubeurope.com\/@it\/117222664323106255","error":""},"_links":{"self":[{"href":"https:\/\/www.europesays.com\/it\/wp-json\/wp\/v2\/posts\/667504","targetHints":{"allow":["GET"]}}],"collection":[{"href":"https:\/\/www.europesays.com\/it\/wp-json\/wp\/v2\/posts"}],"about":[{"href":"https:\/\/www.europesays.com\/it\/wp-json\/wp\/v2\/types\/post"}],"author":[{"embeddable":true,"href":"https:\/\/www.europesays.com\/it\/wp-json\/wp\/v2\/users\/3"}],"replies":[{"embeddable":true,"href":"https:\/\/www.europesays.com\/it\/wp-json\/wp\/v2\/comments?post=667504"}],"version-history":[{"count":0,"href":"https:\/\/www.europesays.com\/it\/wp-json\/wp\/v2\/posts\/667504\/revisions"}],"wp:featuredmedia":[{"embeddable":true,"href":"https:\/\/www.europesays.com\/it\/wp-json\/wp\/v2\/media\/666936"}],"wp:attachment":[{"href":"https:\/\/www.europesays.com\/it\/wp-json\/wp\/v2\/media?parent=667504"}],"wp:term":[{"taxonomy":"category","embeddable":true,"href":"https:\/\/www.europesays.com\/it\/wp-json\/wp\/v2\/categories?post=667504"},{"taxonomy":"post_tag","embeddable":true,"href":"https:\/\/www.europesays.com\/it\/wp-json\/wp\/v2\/tags?post=667504"}],"curies":[{"name":"wp","href":"https:\/\/api.w.org\/{rel}","templated":true}]}}