{"id":667547,"date":"2026-09-06T07:16:20","date_gmt":"2026-09-06T07:16:20","guid":{"rendered":"https:\/\/www.europesays.com\/it\/667547\/"},"modified":"2026-09-06T07:16:20","modified_gmt":"2026-09-06T07:16:20","slug":"peggy-gou-total-white-a-san-siro-per-inter-napoli","status":"publish","type":"post","link":"https:\/\/www.europesays.com\/it\/667547\/","title":{"rendered":"Peggy Gou, total white a San Siro per Inter-Napoli"},"content":{"rendered":"<p>    di<br \/>\n    Federica Bandirali<\/p>\n<p class=\"summary-art is-line-h-12\">La famosissima deejay e producer conquista gli spalti con un look total white. La dj e icona della moda internazionale sceglie ancora una volta Milano per mescolare calcio, musica e stile<\/p>\n<p class=\"chapter-paragraph\">San Siro si accende per Inter-Napoli e sugli spalti, accanto ai protagonisti del calcio, arrivano anche volti della musica e della moda internazionale. Tra gli ospiti della sfida c&#8217;\u00e8 Peggy Gou, la dj e producer sudcoreana, che sceglie Milano anche per una delle sue apparizioni pi\u00f9 glamour. <b>Per il pomeriggio al Meazza Peggy Gou punta sul bianco, con un look luminoso e sofisticato che si fa notare tra le tribune dello stadio<\/b>. Un&#8217;immagine in linea con quello stile personale diventato parte integrante della sua identit\u00e0 pubblica: essenziale ma riconoscibile, capace di muoversi con naturalezza tra club, fashion week ed eventi internazionali. La sua presenza aggiunge un tocco internazionale alla sfida tra Inter e Napoli, una delle partite pi\u00f9 attese della terza giornata di Serie A.\u00a0<\/p>\n<p>        <img decoding=\"async\" class=\"is_full_image\" loading=\"lazy\" alt=\"Peggy Gou, total white a San Siro per Inter-Napoli\" src=\"https:\/\/www.europesays.com\/it\/wp-content\/uploads\/2026\/09\/6a9c4ff6ac680.jpeg\" data-full-src=\"https:\/\/www.europesays.com\/it\/wp-content\/uploads\/2026\/09\/6a9c4ff6ac680.jpeg\"\/><\/p>\n<p class=\"chapter-paragraph\">Il match, disputato sabato 5 settembre a San Siro, ha richiamato un pubblico particolarmente numeroso: lo stadio \u00e8 andato verso il tutto esaurito e l&#8217;Inter aveva preparato anche un ricco programma di intrattenimento pre-partita. Peggy Gou non \u00e8 stata per\u00f2 l&#8217;unico volto noto sugli spalti. Tra gli ospiti della serata anche <b>Sfera Ebbasta e la mezzofondista Nadia Battocletti,<\/b> in una tribuna che ancora una volta conferma quanto calcio, musica e moda siano ormai mondi sempre pi\u00f9 vicini. Per Peggy Gou, Milano rappresenta del resto un territorio particolarmente congeniale: una citt\u00e0 dove la scena musicale internazionale incontra quella della moda e dove il suo stile pu\u00f2 diventare parte dello spettacolo anche lontano dalla consolle. A San Siro, questa volta, il ritmo non lo detta lei: \u00e8 quello del calcio.    &#13;<br \/>\n&#13;<br \/>\n&#13;<br \/>\n&#13;<br \/>\n&#13;<br \/>\n&#13;<br \/>\n&#13;<br \/>\n&#13;<br \/>\n&#13;<br \/>\n&#13;<br \/>\n&#13;<br \/>\n&#13;<br \/>\n&#13;<br \/>\n&#13;<br \/>\n&#13;<br \/>\n&#13;<br \/>\n&#13;<br \/>\n&#13;<br \/>\n&#13;<br \/>\n&#13;<br \/>\n&#13;<br \/>\n&#13;<br \/>\n&#13;<br \/>\n&#13;<br \/>\n&#13;<br \/>\n&#13;<br \/>\n&#13;<br \/>\n&#13;<br \/>\n&#13;<br \/>\n&#13;<br \/>\n&#13;<br \/>\n&#13;<br \/>\n&#13;<br \/>\n&#13;<br \/>\n&#13;<br \/>\n&#13;<br \/>\n&#13;<br \/>\n&#13;<br \/>\n&#13;<br \/>\n&#13;<br \/>\n&#13;<br \/>\n&#13;<br \/>\n&#13;<br \/>\n&#13;<br \/>\n&#13;<br \/>\n&#13;<br \/>\n&#13;<br \/>\n&#13;<br \/>\n&#13;<br \/>\n&#13;<br \/>\n&#13;<br \/>\n&#13;<br \/>\n&#13;\n<\/p>\n<p>        <img decoding=\"async\" class=\"is_full_image\" loading=\"lazy\" alt=\"Peggy Gou, total white a San Siro per Inter-Napoli\" src=\"https:\/\/www.europesays.com\/it\/wp-content\/uploads\/2026\/09\/6a9c4fc815628.jpeg\" data-full-src=\"https:\/\/www.europesays.com\/it\/wp-content\/uploads\/2026\/09\/6a9c4fc815628.jpeg\"\/><\/p>\n<p class=\"is-last-update\" datetime=\"2026-09-05T19:25:55+02:00\">5 settembre 2026<\/p>\n<p class=\"is-copyright\">\n            \u00a9 RIPRODUZIONE RISERVATA\n        <\/p>\n","protected":false},"excerpt":{"rendered":"di Federica Bandirali La famosissima deejay e producer conquista gli spalti con un look total white. La dj&hellip;\n","protected":false},"author":3,"featured_media":667548,"comment_status":"","ping_status":"","sticky":false,"template":"","format":"standard","meta":{"footnotes":"","_share_on_mastodon":"0"},"categories":[1452],"tags":[721,273606,2215,1740,312033,350,50766,832,1537,90,89,28,3112,1539,248,82236,312034,532,9612,9613,1739,3374,245,244,1581],"class_list":["post-667547","post","type-post","status-publish","format-standard","has-post-thumbnail","category-calcio","tag-calcio","tag-calcio-musica","tag-dj","tag-football","tag-gou","tag-inter","tag-inter-napoli","tag-internazionale","tag-it","tag-italia","tag-italy","tag-milano","tag-moda","tag-musica","tag-napoli","tag-peggy","tag-peggy-gou","tag-san","tag-san-siro","tag-siro","tag-soccer","tag-spalti","tag-sport","tag-sports","tag-stile"],"share_on_mastodon":{"url":"https:\/\/pubeurope.com\/@it\/117222873552921784","error":""},"_links":{"self":[{"href":"https:\/\/www.europesays.com\/it\/wp-json\/wp\/v2\/posts\/667547","targetHints":{"allow":["GET"]}}],"collection":[{"href":"https:\/\/www.europesays.com\/it\/wp-json\/wp\/v2\/posts"}],"about":[{"href":"https:\/\/www.europesays.com\/it\/wp-json\/wp\/v2\/types\/post"}],"author":[{"embeddable":true,"href":"https:\/\/www.europesays.com\/it\/wp-json\/wp\/v2\/users\/3"}],"replies":[{"embeddable":true,"href":"https:\/\/www.europesays.com\/it\/wp-json\/wp\/v2\/comments?post=667547"}],"version-history":[{"count":0,"href":"https:\/\/www.europesays.com\/it\/wp-json\/wp\/v2\/posts\/667547\/revisions"}],"wp:featuredmedia":[{"embeddable":true,"href":"https:\/\/www.europesays.com\/it\/wp-json\/wp\/v2\/media\/667548"}],"wp:attachment":[{"href":"https:\/\/www.europesays.com\/it\/wp-json\/wp\/v2\/media?parent=667547"}],"wp:term":[{"taxonomy":"category","embeddable":true,"href":"https:\/\/www.europesays.com\/it\/wp-json\/wp\/v2\/categories?post=667547"},{"taxonomy":"post_tag","embeddable":true,"href":"https:\/\/www.europesays.com\/it\/wp-json\/wp\/v2\/tags?post=667547"}],"curies":[{"name":"wp","href":"https:\/\/api.w.org\/{rel}","templated":true}]}}