{"id":667555,"date":"2026-09-06T07:21:27","date_gmt":"2026-09-06T07:21:27","guid":{"rendered":"https:\/\/www.europesays.com\/it\/667555\/"},"modified":"2026-09-06T07:21:27","modified_gmt":"2026-09-06T07:21:27","slug":"mauro-repetto-tra-note-e-racconti-amore-e-amicizia-in-stile-pop-rock","status":"publish","type":"post","link":"https:\/\/www.europesays.com\/it\/667555\/","title":{"rendered":"Mauro Repetto tra note e racconti: &#8220;Amore e amicizia in stile pop-rock&#8221;"},"content":{"rendered":"<p>Stasera dalle 19 nel cortile del Castello Estense, si terranno le finali del <strong>Gran Gal\u00e0 di Festival<\/strong> e <strong>Una voce per l\u2019Europa<\/strong> e, a seguire, il concerto di <strong>Mauro Repetto<\/strong>.<\/p>\n<p>Repetto, che spettacolo sar\u00e0? &#8220;Sono sempre entusiasta di fare live. Qui con la formula voce, chitarra e basso. Una scorpacciata di successi che io e il mio compagno di banco (<strong>Max Pezzali<\/strong>, ndr) abbiamo scritto. \u00c8 sempre un piacere eseguirli live, interpretarli e riviverli assieme al pubblico, con una comunione di entusiasmo. Poi ci saranno anche pezzi miei nuovi, alla ribalta nell\u2019arena ma anche una cover di Bon Jovi, perch\u00e9 ho sempre tracciato una diagonale Pavia-New Jersey: io e Max, davanti all\u2019impero milanese, come credevamo che Bon Jovi, Springsteen e Tom Waits fossero di fronte all\u2019impero di Manhattan, provinciali come noi. E un po\u2019 era vero&#8221;.<\/p>\n<p>\u00c8 venuto a Ferrara a teatro con \u2018Chi ha ucciso l\u2019uomo ragno\u2019 e ora ha dato vita a \u2018Ho trovato Spider Woman\u2019 ed \u00e8 uscito con la nuova canzone \u2018In riva a te\u2019: un nuovo inizio? &#8220;Mi trovo nel momento in cui mi diverto a salire sul palco e a continuare questa comunione con il pubblico che ho iniziato, in fondo, con il teatro. Poter fare delle performance anche di canzoni mie nuove, non solo di vecchi successi, mi riempie di entusiasmo. A Ferrara ne canter\u00f2 tre, per provare l\u2019ebbrezza di fare anche qualcosa di contemporaneo, di futuro e non solo una celebrazione bellissima del passato, che per\u00f2 \u00e8 anche presente. Canzoni molto pop-rock. Sono stralci dai miei spettacoli teatrali e parlano di amicizia, fedelt\u00e0, devozione e amore, imbevute del tema della coppia, dall\u2019amico, compagno di banco, alla partner&#8221;.<\/p>\n<p>All\u2019epoca degli 883 ha costruito un modo molto personale di stare sul palco, tenendo forse il cantautore un po\u2019 troppo dietro le quinte? &#8220;Ne parlavamo proprio recentemente, io e Max, in una chiacchierata. Non c\u2019era nessun limite, ma solo un sacco di vita che ci spingeva a godere dei momenti di gioia che avevamo. Non abbiamo mai barato o cercato di essere quello che non eravamo e, soprattutto, io davo vita a questa gioia di essere sul palco e di interpretare le canzoni. Ora le interpreter\u00f2 cantando. Un nuovo modo ma sempre con gioia&#8221;.<\/p>\n<p>Ha accennato a una recente chiacchierata con Max: c\u2019\u00e8 in vista finalmente la reunion? &#8220;Non abitiamo pi\u00f9 nella stessa citt\u00e0, non siamo pi\u00f9 compagni di banco e non ci cerchiamo per fare delle cose per forza. Quando ci incontriamo ci divertiamo e ridiamo anche a lungo, ma n\u00e9 io n\u00e9 lui siamo interessati a fare qualcosa col calzascarpe. Se avremo qualcosa da raccontare, divertendoci, la reunion ci sar\u00e0. Ma non la cercheremo per forza&#8221;.<\/p>\n<p>Dalla popolarit\u00e0 degli 883 si \u00e8 allontanato. Oggi qual \u00e8 il successo che cerca? &#8220;In autunno uscir\u00e0 anche il mio primo romanzo, non autobiografico. Cerco sempre di emozionarmi e di essere pronto a raccontare delle cose per avere una comunione col pubblico. Questo per me \u00e8 il successo. La possibilit\u00e0 di cantare, quindi raccontare anche a livello interpretativo, canoro, delle emozioni. Il contagiare il pubblico trasmettendo il proprio entusiasmo, \u00e8 il successo&#8221;.<\/p>\n<p>Cosa prova sul palco? &#8220;Sento l\u2019affetto non solo dalla mia generazione, che ha conosciuto sulla pelle le canzoni degli 883 ma anche da quelle pi\u00f9 giovani che ci hanno conosciuto attraverso la serie su Sky. \u00c8 bellissimo sentire questo affetto transgenerazionale&#8221;.<\/p>\n","protected":false},"excerpt":{"rendered":"Stasera dalle 19 nel cortile del Castello Estense, si terranno le finali del Gran Gal\u00e0 di Festival e&hellip;\n","protected":false},"author":3,"featured_media":667556,"comment_status":"","ping_status":"","sticky":false,"template":"","format":"standard","meta":{"footnotes":"","_share_on_mastodon":"0"},"categories":[1443],"tags":[11166,87,203,204,1537,90,89,26758,1538,1539,17190,367817,31695,121471],"class_list":["post-667555","post","type-post","status-publish","format-standard","has-post-thumbnail","category-musica","tag-amicizia","tag-amore","tag-entertainment","tag-intrattenimento","tag-it","tag-italia","tag-italy","tag-mauro","tag-music","tag-musica","tag-note","tag-poprock","tag-racconti","tag-repetto"],"share_on_mastodon":{"url":"https:\/\/pubeurope.com\/@it\/117222892228415175","error":""},"_links":{"self":[{"href":"https:\/\/www.europesays.com\/it\/wp-json\/wp\/v2\/posts\/667555","targetHints":{"allow":["GET"]}}],"collection":[{"href":"https:\/\/www.europesays.com\/it\/wp-json\/wp\/v2\/posts"}],"about":[{"href":"https:\/\/www.europesays.com\/it\/wp-json\/wp\/v2\/types\/post"}],"author":[{"embeddable":true,"href":"https:\/\/www.europesays.com\/it\/wp-json\/wp\/v2\/users\/3"}],"replies":[{"embeddable":true,"href":"https:\/\/www.europesays.com\/it\/wp-json\/wp\/v2\/comments?post=667555"}],"version-history":[{"count":0,"href":"https:\/\/www.europesays.com\/it\/wp-json\/wp\/v2\/posts\/667555\/revisions"}],"wp:featuredmedia":[{"embeddable":true,"href":"https:\/\/www.europesays.com\/it\/wp-json\/wp\/v2\/media\/667556"}],"wp:attachment":[{"href":"https:\/\/www.europesays.com\/it\/wp-json\/wp\/v2\/media?parent=667555"}],"wp:term":[{"taxonomy":"category","embeddable":true,"href":"https:\/\/www.europesays.com\/it\/wp-json\/wp\/v2\/categories?post=667555"},{"taxonomy":"post_tag","embeddable":true,"href":"https:\/\/www.europesays.com\/it\/wp-json\/wp\/v2\/tags?post=667555"}],"curies":[{"name":"wp","href":"https:\/\/api.w.org\/{rel}","templated":true}]}}