{"id":667561,"date":"2026-09-06T07:27:33","date_gmt":"2026-09-06T07:27:33","guid":{"rendered":"https:\/\/www.europesays.com\/it\/667561\/"},"modified":"2026-09-06T07:27:33","modified_gmt":"2026-09-06T07:27:33","slug":"san-pellegrino-dove-va-lacqua-made-in-italy-dopo-laddio-di-nestle-puo-crescere-ancora-con-un-private-equity","status":"publish","type":"post","link":"https:\/\/www.europesays.com\/it\/667561\/","title":{"rendered":"San Pellegrino, dove va l\u2019acqua made in Italy dopo l\u2019addio di Nestl\u00e9? Pu\u00f2 crescere ancora con un private equity?"},"content":{"rendered":"<p>    di<br \/>\n    Dario Di Vico<\/p>\n<p class=\"summary-art is-line-h-12 is-mr-t-20\">La multinazionale ha ceduto la \u00abfrizzante\u00bb amata nei ristoranti al fondo americano Platinum. Dopo una gestione trentennale di successo, per gli analisti sar\u00e0 un lascia-e-raddoppia<\/p>\n<p class=\"chapter-paragraph\">Nel lessico del management l\u2019<b>acqua San Pellegrino <\/b>\u00e8 sicuramente considerata un caso di studio. La sua specialit\u00e0 sta nell\u2019indicare al mercato e agli stakeholders l\u2019optimum del rapporto tra made in Italy e multinazionali. Per riflesso condizionato siamo abituati a considerare la vendita di un\u2019azienda italiana a una company straniera come una sconfitta dell\u2019imprenditoria e del sistema (governo, banche, ecc.). Lo facciamo da anni e continuiamo senza accompagnare il giudizio con un\u2019analisi ad hoc dei singoli mercati, delle potenzialit\u00e0 dell\u2019azienda, della cultura del subentrante. E invece San Pellegrino dimostra l\u2019esatto contrario ovvero come la presunta \u00abcolonizzazione\u00bb del marchio pi\u00f9 pregiato delle acque minerali sia diventata nel tempo un\u2019occasione di creazione di valore e di crescita. <br \/><b>Quello che era un marchio conosciuto in un\u2019area geografica comunque limitata \u00e8 diventato grazie all\u2019acquirente svizzero Nestl\u00e9 un prodotto noto in tutto il mondo<\/b> (150 Paesi), ricercato e capace di guadagnare un posizionamento premium nell\u2019offerta di acque da tavolo. Con tutta probabilit\u00e0 nessun soggetto italiano privato avrebbe potuto convogliare sul marchio San Pellegrino le centinaia di milioni di investimenti che nel tempo Nestl\u00e9 ha sborsato (200 milioni solo negli ultimi tre anni).<\/p>\n<p>    Il veicolo Usa<\/p>\n<p class=\"chapter-paragraph\">Stiamo parlando di un deal del 1998 e non lo facciamo certo per archeologia industriale: di San Pellegrino infatti si torna a parlare in queste settimane perch\u00e9 la societ\u00e0 italiana ha cambiato di mano ed \u00e8 passata al fondo di private equity americano Platinum. Da una multinazionale straconosciuta, le acque bergamasche passano nel portafoglio di un fondo californiano che con quest\u2019operazione debutta sul mercato europeo. Che cosa cambia? Che prospettive si aprono? Come quei ragionamenti sugli investimenti esteri diretti del \u201898 oggi possono essere aggiornati?<br \/>Sottolineato che <b>una fonte non \u00e8 delocalizzabile<\/b> e quindi non si possa prescindere dal territorio, ci chiediamo se ancora una volta la San Pellegrino possa insegnare qualcosa al management e al sistema italiano. Magari proprio nei rapporti con il private equity estero. Abbiamo parlato finora del brand-principe, ma nella societ\u00e0 San Pellegrino ci sono anche l\u2019Acqua Panna che esce dallo stabilimento fiorentino di Scarperia e la Levissima di Sondrio.<br \/><b>La novit\u00e0 \u00e8 che Madame Nestl\u00e9 ha deciso di razionalizzare il business<\/b>, come altri conglomerati tende a semplificare il portafoglio e quindi ad assecondare i mercati finanziari che non amano il mix. Il nuovo capo si chiama <b>Philipp Navratil <\/b>e intende concentrare le risorse nei settori che garantiscono maggior crescita come caff\u00e8, petfood e prodotti nutrizionali.<br \/>Le acque minerali sono un business che richiede un alto consumo di capitale logistico e infrastrutturale e di conseguenza si prestano ad essere tagliate. In pi\u00f9 Nestl\u00e9 sul fronte dell\u2019altra grande acqua che possiede, la francese Perrier, viene da vicende complesse che l\u2019hanno vista nel mirino delle autorit\u00e0 transalpine per un contenzioso legato al filtraggio e al trattamento delle sorgenti. In sostanza, in nome della riorganizzazione, <b>Nestl\u00e9 non ha avuto nessun problema a mettere sul mercato marchi redditizi come San Pellegrino<\/b> e Perrier ma troppo piccoli per generare nuovi indirizzi di business.<br \/>&#13;<br \/>\n&#13;<br \/>\n&#13;<br \/>\n&#13;<br \/>\n&#13;<br \/>\n&#13;<br \/>\n&#13;<br \/>\n&#13;<br \/>\n&#13;<br \/>\n&#13;<br \/>\n&#13;<br \/>\n&#13;<br \/>\n&#13;<br \/>\n&#13;<br \/>\n&#13;<br \/>\n&#13;<br \/>\n&#13;<br \/>\n&#13;<br \/>\n&#13;<br \/>\n&#13;<br \/>\n&#13;<br \/>\n&#13;<br \/>\n&#13;<br \/>\n&#13;<br \/>\n&#13;<br \/>\n&#13;<br \/>\n&#13;<br \/>\n&#13;<br \/>\n&#13;<br \/>\n&#13;<br \/>\n&#13;<br \/>\n&#13;<br \/>\n&#13;<br \/>\n&#13;<br \/>\n&#13;<br \/>\n&#13;<br \/>\n&#13;<br \/>\n&#13;<br \/>\n&#13;<br \/>\n&#13;<br \/>\n&#13;<br \/>\n&#13;<br \/>\n&#13;<br \/>\n&#13;<br \/>\n&#13;<br \/>\n&#13;<br \/>\n&#13;<br \/>\n&#13;<br \/>\n&#13;<br \/>\n&#13;<br \/>\n&#13;<br \/>\n&#13;<br \/>\n&#13;\n<\/p>\n<p>    Effervescenti\u00a0<\/p>\n<p class=\"chapter-paragraph\">E ci\u00f2 nonostante in questi anni l\u2019acqua italiana sia diventata la scelta pi\u00f9 ovvia dei ristoranti a cinque stelle e abbia saputo conquistarsi un posizionamento di prezzo che forse nel \u201898 era inimmaginabile. La vendita alla Nestl\u00e9 \u00e8 stato un affare win win, ha guadagnato la multinazionale ma ha guadagnato anche il sistema Italia che ha potuto consolidare l\u2019occupazione, instaurare ottime relazioni industriali, vedere crescere il prestigio internazionale delle acque italiane presso la ristorazione pi\u00f9 qualificata. Una dimostrazione \u00e8 sicuramente il nuovo e moderno impianto in Val Brembana progettato dallo studio danese Bjarke Ingels.<br \/><b>Ora nascer\u00e0 Peranel, una joint venture 50% Nestl\u00e9 50% Platinum<\/b> che sar\u00e0 guidata ancora, almeno per un anno e mezzo, da una manager di estrazione svizzera, Muriel Lienau.<br \/><b>Peranel avr\u00e0 in portafoglio Perrier, San Pellegrino, Levissima e Panna.<\/b> L\u2019operazione \u00e8 stata valutata attorno ai 5 miliardi di euro e la sede sar\u00e0 Parigi. Nelle dichiarazioni ufficiali ovviamente non \u00e8 prevista nessuna ritirata dall\u2019Italia e anzi un rilancio commerciale. Platinum entra per iniettare nuovo capitale e dare maggiore agilit\u00e0 decisionale al gruppo e l\u2019obiettivo sembra essere la crescita nella ristorazione premium specie in Nord America. Platinum \u00e8 stata fondata dal miliardario americano-israeliano Tom Gores, proprietario dei Detroit Pistons e si \u00e8 specializzata nell\u2019acquisire singole societ\u00e0 dalle multinazionali. E, secondo le dichiarazioni rese in occasione del deal, <b>Peranel ha ulteriori intenzioni di crescere tramite shopping.<\/b> Ma cosa far\u00e0 Platinum con le acque italiane? La sensazione che c\u2019\u00e8 tra gli analisti industriali e che potrebbe vieppi\u00f9 rafforzare per San Pellegrino (e forse anche per Panna) il posizionamento Premium, tanto che alla fine pi\u00f9 che un\u2019acqua minerale si venderebbe un soft drink possibilmente a un prezzo ancora superiore. <b>Una sorta di lascia-e-raddoppia che potrebbe esaltare ancora una volta il made in Italy<\/b>. Una sfida.<\/p>\n<p>    Visto dall\u2019Italia<\/p>\n<p class=\"chapter-paragraph\">Ma come viene vista in Italia la seconda vendita di San Pellegrino? \u00abEra nell\u2019aria \u2014 risponde Angelo Paolella, segretario generale della Flai-Cgil \u2014. <b>Lo stesso schema Nestl\u00e9 aveva seguito con i gelati Motta<\/b>. Ma mentre questi ultimi attraversavano una fase critica di mercato, le acque vanno bene\u00bb.<br \/>Per il sindacato la Nestl\u00e9 \u00e8 stato un ottimo partner, la qualit\u00e0 della contrattazione in azienda \u00e8 alta e i risultati anche. \u00abCerto mentre gli svizzeri avevano una loro riconoscibile responsabilit\u00e0 sociale, il fondo Platinum \u00e8 praticamente uno sconosciuto e non sappiamo che cultura abbia delle relazioni con il sindacato e il territorio\u201d. <b>Paolella non \u00e8 preoccupato di possibili ricadute occupazionali se non per la sede centrale che potrebbe subire processi di accorpamento a Parigi.<\/b> Certo \u00e8 possibile che Platinum valorizzi San Pellegrino e Panna e invece valuti di vendere Levissima (e le bibite ex Vera prodotte a San Giorgio in bosco), ma per ora si tratta di una prospettiva lontana. E anche il sindacato aspetta fiducioso l\u2019ennesima nuova vita di San Pellegrino.<\/p>\n<p><a href=\"https:\/\/www.corriere.it\/app-economia\/?intcmp=DL-app_nd_011024_corriere_ss_conomia\" target=\"_blank\" class=\"bck-app-banner\" rel=\"nofollow noopener\"><img decoding=\"async\" class=\"bck-app-img\" src=\"https:\/\/www.europesays.com\/it\/wp-content\/uploads\/2025\/08\/1756449670_863_app.png\"\/><\/p>\n<p>Nuova app <strong>L&#8217;Economia<\/strong>. News, approfondimenti e l&#8217;assistente virtuale al tuo servizio.<\/p>\n<p>SCARICA L&#8217; APP<\/p>\n<p><img decoding=\"async\" src=\"https:\/\/www.europesays.com\/it\/wp-content\/uploads\/2025\/07\/eco.png\"\/><\/a><\/p>\n<p>Iscriviti alle <a href=\"https:\/\/www.corriere.it\/newsletter\/?theme=4\" rel=\"nofollow noopener\" target=\"_blank\">newsletter de L&#8217;Economia<\/a>. Analisi e commenti sui principali avvenimenti\u00a0economici a cura delle firme del Corriere.<\/p>\n<p class=\"is-last-update\" datetime=\"2026-08-31T12:53:45+02:00\">4 settembre 2026<\/p>\n<p class=\"is-copyright\">\n            \u00a9 RIPRODUZIONE RISERVATA\n        <\/p>\n","protected":false},"excerpt":{"rendered":"di Dario Di Vico La multinazionale ha ceduto la \u00abfrizzante\u00bb amata nei ristoranti al fondo americano Platinum. Dopo&hellip;\n","protected":false},"author":3,"featured_media":667562,"comment_status":"","ping_status":"","sticky":false,"template":"","format":"standard","meta":{"footnotes":"","_share_on_mastodon":"0"},"categories":[172],"tags":[412,415,367819,125219,178,536,367820,4600,4072,177,392,3081,1307,1644,6628,1102,13035,151066,45,38263,4943,5430,1537,90,4945,4946,1599,89,2735,367821,104524,9876,9888,19234,6726,3716,1412,36963,24979,76237,60571,3205,811,14562,367822,1289,28710,367823,367824,330224,98943,150284,4955,32834,367825,11045,1513,4734,21272,158909,11921,532,157634,903,2099,1359,9280],"class_list":["post-667561","post","type-post","status-publish","format-standard","has-post-thumbnail","category-affari","tag-acqua","tag-acque","tag-acque-italiane","tag-acque-minerali","tag-affari","tag-americano","tag-americano-platinum","tag-analisti","tag-azienda","tag-business","tag-capitale","tag-crescere","tag-crescita","tag-cultura","tag-deal","tag-dichiarazioni","tag-diventata","tag-equity","tag-fondo","tag-guadagnato","tag-industriali","tag-investimenti","tag-it","tag-italia","tag-italiana","tag-italiane","tag-italiano","tag-italy","tag-lascia","tag-lascia-raddoppia","tag-levissima","tag-made","tag-made-italy","tag-management","tag-marchio","tag-mercati","tag-mercato","tag-minerali","tag-multinazionale","tag-multinazionali","tag-nestle","tag-occasione","tag-operazione","tag-panna","tag-paolella","tag-parigi","tag-pellegrino","tag-pellegrino-acqua","tag-pellegrino-panna","tag-peranel","tag-perrier","tag-platinum","tag-portafoglio","tag-posizionamento","tag-posizionamento-premium","tag-potuto","tag-premium","tag-prezzo","tag-private","tag-private-equity","tag-raddoppia","tag-san","tag-san-pellegrino","tag-sindacato","tag-sistema","tag-societa","tag-vendita"],"share_on_mastodon":{"url":"","error":"Validation failed: Text character limit of 500 exceeded"},"_links":{"self":[{"href":"https:\/\/www.europesays.com\/it\/wp-json\/wp\/v2\/posts\/667561","targetHints":{"allow":["GET"]}}],"collection":[{"href":"https:\/\/www.europesays.com\/it\/wp-json\/wp\/v2\/posts"}],"about":[{"href":"https:\/\/www.europesays.com\/it\/wp-json\/wp\/v2\/types\/post"}],"author":[{"embeddable":true,"href":"https:\/\/www.europesays.com\/it\/wp-json\/wp\/v2\/users\/3"}],"replies":[{"embeddable":true,"href":"https:\/\/www.europesays.com\/it\/wp-json\/wp\/v2\/comments?post=667561"}],"version-history":[{"count":0,"href":"https:\/\/www.europesays.com\/it\/wp-json\/wp\/v2\/posts\/667561\/revisions"}],"wp:featuredmedia":[{"embeddable":true,"href":"https:\/\/www.europesays.com\/it\/wp-json\/wp\/v2\/media\/667562"}],"wp:attachment":[{"href":"https:\/\/www.europesays.com\/it\/wp-json\/wp\/v2\/media?parent=667561"}],"wp:term":[{"taxonomy":"category","embeddable":true,"href":"https:\/\/www.europesays.com\/it\/wp-json\/wp\/v2\/categories?post=667561"},{"taxonomy":"post_tag","embeddable":true,"href":"https:\/\/www.europesays.com\/it\/wp-json\/wp\/v2\/tags?post=667561"}],"curies":[{"name":"wp","href":"https:\/\/api.w.org\/{rel}","templated":true}]}}