{"id":667605,"date":"2026-09-06T08:09:15","date_gmt":"2026-09-06T08:09:15","guid":{"rendered":"https:\/\/www.europesays.com\/it\/667605\/"},"modified":"2026-09-06T08:09:15","modified_gmt":"2026-09-06T08:09:15","slug":"hackett-si-e-gia-preso-la-virtus-capitano-e-leader-cosi-aiuta-tutti","status":"publish","type":"post","link":"https:\/\/www.europesays.com\/it\/667605\/","title":{"rendered":"Hackett si \u00e8 gi\u00e0 preso la Virtus. Capitano e leader: cos\u00ec aiuta tutti"},"content":{"rendered":"<p>La prima volta da capitano, anche se solo in un\u2019amichevole, non si dimentica. Soprattutto se arriva in una terra che <strong>Daniel Hackett<\/strong> conosce bene e che, in qualche modo, gli appartiene. Nato a Forlimpopoli, cresciuto cestisticamente e non solo a Pesaro, legato alla Romagna e alla Riviera, il capitano della <strong>Virtus<\/strong> ha ricevuto al Flaminio un abbraccio particolare. Al momento della presentazione \u00e8 arrivata un\u2019ovazione da parte del pubblico, compreso quello di fede Dole. Un applauso che il figlio di Rudy ha incassato con il sorriso, prima di rispondere sul parquet nel modo che gli \u00e8 pi\u00f9 congeniale: con una prestazione concreta, da leader. Perch\u00e9 se \u00e8 vero che il tabellino racconta di 3 punti, conditi da 3 rimbalzi e 3 assist in 14 minuti, \u00e8 altrettanto vero che le cifre non spiegano fino in fondo l\u2019impatto avuto dal numero 23.<\/p>\n<p>Tra gli italiani della <strong>Virtus<\/strong> \u00e8 stato quello che ha lasciato le sensazioni migliori, per la capacit\u00e0 di incidere nei due lati del campo. In particolare in difesa, dove nel primo quarto ha messo quella fisicit\u00e0 e quella attenzione che servivano alla squadra per provare a indirizzare la partita. Il primo strappo bianconero, quello che aveva fatto pensare a una serata in discesa, porta anche la sua firma. L\u2019esterno ha dato il l\u00e0 all\u2019allungo iniziale con la sua energia, contribuendo a mettere la <strong>Virtus<\/strong> nella condizione di comandare il ritmo. Non servivano grandi numeri, n\u00e9 giocate spettacolari, ma bastavano presenza e quella dose di personalit\u00e0 che, in una squadra cos\u00ec giovane, pu\u00f2 diventare un valore aggiunto. Daniel sar\u00e0 importante sul parquet, ma forse lo sar\u00e0 ancora di pi\u00f9 lontano dai riflettori. Il roster bianconero ha un\u2019et\u00e0 media inferiore ai 25 anni e al suo interno ci sono rookie e giocatori che devono ancora conoscere fino in fondo il basket europeo e le esigenze di una stagione lunga e senza pause. Hackett, che il 19 dicembre compir\u00e0 39 anni, dovr\u00e0 essere il punto di riferimento, l\u2019uomo a cui guardare nei momenti complicati, quello chiamato a tenere unito il gruppo quando arriveranno gli inevitabili passaggi a vuoto.<\/p>\n<p>La doppia competizione non concede molto tempo per rimuginare sugli errori. Tra campionato ed Eurolega serviranno continuit\u00e0 e capacit\u00e0 di voltare pagina rapidamente. E avere nello spogliatoio un giocatore con l\u2019esperienza di Hackett significa poter contare su una <strong>bussola<\/strong> nei momenti in cui servir\u00e0 ritrovare la direzione. \u00c8 presto, prestissimo per trarre conclusioni. Quella di Rimini \u00e8 stata appena la prima amichevole e davanti alla <strong>Virtus<\/strong> ci sono ancora settimane di lavoro, allenamenti e partite per costruire automatismi e amalgama. Ma una certezza gi\u00e0 c\u2019\u00e8: <strong>Daniel Hackett<\/strong> \u00e8 il capitano e, dentro questa nuova <strong>Virtus<\/strong>, sar\u00e0 uno dei punti fermi.<\/p>\n","protected":false},"excerpt":{"rendered":"La prima volta da capitano, anche se solo in un\u2019amichevole, non si dimentica. Soprattutto se arriva in una&hellip;\n","protected":false},"author":3,"featured_media":667606,"comment_status":"","ping_status":"","sticky":false,"template":"","format":"standard","meta":{"footnotes":"","_share_on_mastodon":"0"},"categories":[1453],"tags":[2102,1756,1757,8230,23111,9422,1537,90,89,381,8559,245,244,5284],"class_list":["post-667605","post","type-post","status-publish","format-standard","has-post-thumbnail","category-basket","tag-aiuta","tag-basket","tag-basketball","tag-capitano","tag-gia","tag-hackett","tag-it","tag-italia","tag-italy","tag-leader","tag-preso","tag-sport","tag-sports","tag-virtus"],"share_on_mastodon":{"url":"https:\/\/pubeurope.com\/@it\/117223081130694755","error":""},"_links":{"self":[{"href":"https:\/\/www.europesays.com\/it\/wp-json\/wp\/v2\/posts\/667605","targetHints":{"allow":["GET"]}}],"collection":[{"href":"https:\/\/www.europesays.com\/it\/wp-json\/wp\/v2\/posts"}],"about":[{"href":"https:\/\/www.europesays.com\/it\/wp-json\/wp\/v2\/types\/post"}],"author":[{"embeddable":true,"href":"https:\/\/www.europesays.com\/it\/wp-json\/wp\/v2\/users\/3"}],"replies":[{"embeddable":true,"href":"https:\/\/www.europesays.com\/it\/wp-json\/wp\/v2\/comments?post=667605"}],"version-history":[{"count":0,"href":"https:\/\/www.europesays.com\/it\/wp-json\/wp\/v2\/posts\/667605\/revisions"}],"wp:featuredmedia":[{"embeddable":true,"href":"https:\/\/www.europesays.com\/it\/wp-json\/wp\/v2\/media\/667606"}],"wp:attachment":[{"href":"https:\/\/www.europesays.com\/it\/wp-json\/wp\/v2\/media?parent=667605"}],"wp:term":[{"taxonomy":"category","embeddable":true,"href":"https:\/\/www.europesays.com\/it\/wp-json\/wp\/v2\/categories?post=667605"},{"taxonomy":"post_tag","embeddable":true,"href":"https:\/\/www.europesays.com\/it\/wp-json\/wp\/v2\/tags?post=667605"}],"curies":[{"name":"wp","href":"https:\/\/api.w.org\/{rel}","templated":true}]}}