{"id":667611,"date":"2026-09-06T08:12:20","date_gmt":"2026-09-06T08:12:20","guid":{"rendered":"https:\/\/www.europesays.com\/it\/667611\/"},"modified":"2026-09-06T08:12:20","modified_gmt":"2026-09-06T08:12:20","slug":"la-casa-al-mare-di-un-pittore-sulle-sponde-del-mediterraneo-dove-si-puo-vivere-in-infradito","status":"publish","type":"post","link":"https:\/\/www.europesays.com\/it\/667611\/","title":{"rendered":"La casa al mare di un pittore sulle sponde del Mediterraneo, dove si pu\u00f2 vivere in infradito"},"content":{"rendered":"<p>L\u2019importanza del contesto in un paesaggio naturale<\/p>\n<p>Una volta risolta la questione della <a href=\"https:\/\/www.ad-italia.it\/article\/ville-private-natura-privacy-trend-estate-2026-tutti-le-vogliono\/\" target=\"_blank\" rel=\"nofollow noopener\">privacy<\/a>, \u00e8 la natura a dettare legge. <strong>La luce e l\u2019orografia determinano l\u2019architettura<\/strong>: \u201cLavorare con il terreno \u00e8 stato, al tempo stesso, la sfida pi\u00f9 grande e la soddisfazione pi\u00f9 grande del progetto, in gran parte dettato dal percorso del sole, quindi abbiamo dedicato del tempo a decidere la posizione delle zone di seduta esterne, <strong>sfruttando gli alberi esistenti e l\u2019ombra che generano naturalmente.<\/strong> Il lavoro richiedeva grande moderazione, pertanto l\u2019intervento edilizio \u00e8 stato deliberatamente ridotto al minimo per preservare il carattere del paesaggio\u201d, ricordano <a data-offer-url=\"https:\/\/spinocchiafreund.com\/\" class=\"external-link\" data-event-click=\"{&quot;element&quot;:&quot;ExternalLink&quot;,&quot;outgoingURL&quot;:&quot;https:\/\/spinocchiafreund.com\/&quot;}\" href=\"https:\/\/spinocchiafreund.com\/\" rel=\"nofollow noopener\" target=\"_blank\">dallo studio<\/a>.<\/p>\n<p><img decoding=\"async\" alt=\"casa al mare casa mediterranea esterni giardino tettoia zona pranzo gradini in pietra\" loading=\"lazy\" class=\"ResponsiveImageContainer-dkeESL cQPiWi responsive-image__image\"   src=\"https:\/\/www.europesays.com\/it\/wp-content\/uploads\/2026\/09\/SF_MED%20VILLA%20-%20KATE%20MARTIN_11.jpg\"\/><\/p>\n<p>Spinocchia Freund ha collaborato con ebanisti locali per realizzare diversi tavoli ricavati da sezioni intere di tronchi.<\/p>\n<p>\u00a9 Kate Martin<img decoding=\"async\" alt=\"casa al mare casa mediterranea esterni giardino tettoia zona pranzo lampade in paglia tavolo lungo tavolo da pranzo sedie\" loading=\"lazy\" class=\"ResponsiveImageContainer-dkeESL cQPiWi responsive-image__image\"   src=\"https:\/\/www.europesays.com\/it\/wp-content\/uploads\/2026\/09\/SF_MED%20VILLA%20-%20KATE%20MARTIN_19.jpg\"\/><\/p>\n<p>\u00abCi piace particolarmente il grande tavolo da pranzo, che pu\u00f2 ospitare comodamente 24 persone, e anche qualcuna in pi\u00f9 se ci si stringe un po\u2019. \u00c8 realizzato da un unico pezzo continuo di legno di sequoia\u00bb.<\/p>\n<p>\u00a9 Kate Martin<\/p>\n<p>Anche la proposta decorativa \u00e8 stata ispirata dall\u2019ambiente circostante. Per questo motivo, i materiali sono organici e locali: <strong><a href=\"https:\/\/www.ad-italia.it\/article\/come-integrare-la-pietra-in-casa-consigli-esperti-marmo\/\" target=\"_blank\" rel=\"nofollow noopener\">pietra<\/a>, gesso per le pareti, fibre naturali<\/strong>&#8230; \u201cAll\u2019esterno, tutti gli arredi sono in legno, con tavoli realizzati a partire da sezioni intere di tronchi di alberi di grandi dimensioni. I <a href=\"https:\/\/www.ad-italia.it\/article\/tendenze-tessuti-carte-da-parati-rivestimenti-2026-novita\/\" target=\"_blank\" rel=\"nofollow noopener\">tessuti<\/a> sono piacevoli al tatto, con la trama del lino, e le fantasie sono quasi assenti, a parte quelle ispirate alle <a href=\"https:\/\/www.ad-italia.it\/article\/come-scegliere-le-piastrelle-giuste-idee-da-copiare\/\" target=\"_blank\" rel=\"nofollow noopener\">piastrelle<\/a> locali. L\u2019unico colore di accento \u00e8 un <a href=\"https:\/\/www.ad-italia.it\/article\/casa-franciacorta-giovane-coppia-colore-giallo-burro-effetto-avvolgente\/\" target=\"_blank\" rel=\"nofollow noopener\">giallo<\/a> caldo e luminoso\u201d.<\/p>\n","protected":false},"excerpt":{"rendered":"L\u2019importanza del contesto in un paesaggio naturale Una volta risolta la questione della privacy, \u00e8 la natura a&hellip;\n","protected":false},"author":3,"featured_media":667612,"comment_status":"","ping_status":"","sticky":false,"template":"","format":"standard","meta":{"footnotes":"","_share_on_mastodon":"0"},"categories":[1446],"tags":[1615,1613,1614,1611,1610,1612,203,1619,204,1537,90,89],"class_list":["post-667611","post","type-post","status-publish","format-standard","has-post-thumbnail","category-arte-e-design","tag-arte","tag-arte-e-design","tag-arteedesign","tag-arts","tag-arts-and-design","tag-design","tag-entertainment","tag-home-tour","tag-intrattenimento","tag-it","tag-italia","tag-italy"],"share_on_mastodon":{"url":"https:\/\/pubeurope.com\/@it\/117223093684785192","error":""},"_links":{"self":[{"href":"https:\/\/www.europesays.com\/it\/wp-json\/wp\/v2\/posts\/667611","targetHints":{"allow":["GET"]}}],"collection":[{"href":"https:\/\/www.europesays.com\/it\/wp-json\/wp\/v2\/posts"}],"about":[{"href":"https:\/\/www.europesays.com\/it\/wp-json\/wp\/v2\/types\/post"}],"author":[{"embeddable":true,"href":"https:\/\/www.europesays.com\/it\/wp-json\/wp\/v2\/users\/3"}],"replies":[{"embeddable":true,"href":"https:\/\/www.europesays.com\/it\/wp-json\/wp\/v2\/comments?post=667611"}],"version-history":[{"count":0,"href":"https:\/\/www.europesays.com\/it\/wp-json\/wp\/v2\/posts\/667611\/revisions"}],"wp:featuredmedia":[{"embeddable":true,"href":"https:\/\/www.europesays.com\/it\/wp-json\/wp\/v2\/media\/667612"}],"wp:attachment":[{"href":"https:\/\/www.europesays.com\/it\/wp-json\/wp\/v2\/media?parent=667611"}],"wp:term":[{"taxonomy":"category","embeddable":true,"href":"https:\/\/www.europesays.com\/it\/wp-json\/wp\/v2\/categories?post=667611"},{"taxonomy":"post_tag","embeddable":true,"href":"https:\/\/www.europesays.com\/it\/wp-json\/wp\/v2\/tags?post=667611"}],"curies":[{"name":"wp","href":"https:\/\/api.w.org\/{rel}","templated":true}]}}