{"id":667642,"date":"2026-09-06T08:38:17","date_gmt":"2026-09-06T08:38:17","guid":{"rendered":"https:\/\/www.europesays.com\/it\/667642\/"},"modified":"2026-09-06T08:38:17","modified_gmt":"2026-09-06T08:38:17","slug":"casa-a-prima-vista-ida-di-filippo-si-e-sposata-velo-e-abito-di-pizzo-per-la-cerimonia-a-sorrento","status":"publish","type":"post","link":"https:\/\/www.europesays.com\/it\/667642\/","title":{"rendered":"&#8220;Casa a Prima vista&#8221;, Ida Di Filippo si \u00e8 sposata: velo e abito di pizzo per la cerimonia a Sorrento"},"content":{"rendered":"<p>    di<br \/>\n    Federica Bandirali<\/p>\n<p class=\"summary-art is-line-h-12\">Gianluca Torre e Mariana D\u2019Amico, compagni televisivi della sposa, sono stati scelti come &#8220;damigelli d\u2019onore&#8221;.<\/p>\n<p class=\"chapter-paragraph\">Dalla televisione alla vita privata. <b>Ida Di Filippo<\/b> si \u00e8 sposata: l\u2019agente immobiliare diventata uno dei volti pi\u00f9 amati di &#8220;Casa a prima vista&#8221; ha sposato il compagno Pietro Albano, infermiere al Niguarda di Milano, nella cornice di Sorrento. La cerimonia religiosa si \u00e8 svolta sabato 5 settembre nel Santuario della Madonna del Carmine, davanti a parenti e amici.  Una scelta, quella della Costiera, che unisce il legame con la Campania e il desiderio di celebrare le nozze sul mare: <b>Ida, originaria di Siano,<\/b> aveva raccontato nei mesi scorsi di voler tornare al Sud per il matrimonio, nonostante la vita costruita a Milano. Alla fine, il s\u00ec \u00e8 arrivato proprio in una delle localit\u00e0 pi\u00f9 suggestive della sua terra. Per la sposa un abito a sirena in pizzo con maniche lunghe e un romantico velo che nascondeva i capelli raccolti in uno chignon perfetto.<\/p>\n<p>        <img decoding=\"async\" class=\"is_full_image\" loading=\"lazy\" alt=\"\" casa=\"\" a=\"\" prima=\"\" vista=\"\" ida=\"\" di=\"\" filippo=\"\" si=\"\" sposata:=\"\" velo=\"\" e=\"\" abito=\"\" pizzo=\"\" per=\"\" la=\"\" cerimonia=\"\" sorrento=\"\" src=\"https:\/\/www.europesays.com\/it\/wp-content\/uploads\/2026\/09\/6a9d14905fbde.jpeg\" data-full-src=\"https:\/\/www.europesays.com\/it\/wp-content\/uploads\/2026\/09\/6a9d14905fbde.jpeg\"\/><\/p>\n<p class=\"chapter-paragraph\">La storia con Pietro \u00e8 iniziata dodici anni fa, lontano dai riflettori. I due si sono conosciuti su Facebook e hanno condiviso a lungo una quotidianit\u00e0 semplice, prima che la popolarit\u00e0 televisiva trasformasse Ida in un volto riconoscibile al grande pubblico. Lui, pi\u00f9 riservato, <b>ha continuato a lavorare in ospedale<\/b>, mentre lei \u00e8 diventata una delle protagoniste del programma di Real Time. La proposta era arrivata nel 2025, durante una gita in barca davanti ai <b>Faraglioni di Capri.<\/b>\u00a0    &#13;<br \/>\n&#13;<br \/>\n&#13;<br \/>\n&#13;<br \/>\n&#13;<br \/>\n&#13;<br \/>\n&#13;<br \/>\n&#13;<br \/>\n&#13;<br \/>\n&#13;<br \/>\n&#13;<br \/>\n&#13;<br \/>\n&#13;<br \/>\n&#13;<br \/>\n&#13;<br \/>\n&#13;<br \/>\n&#13;<br \/>\n&#13;<br \/>\n&#13;<br \/>\n&#13;<br \/>\n&#13;<br \/>\n&#13;<br \/>\n&#13;<br \/>\n&#13;<br \/>\n&#13;<br \/>\n&#13;<br \/>\n&#13;<br \/>\n&#13;<br \/>\n&#13;<br \/>\n&#13;<br \/>\n&#13;<br \/>\n&#13;<br \/>\n&#13;<br \/>\n&#13;<br \/>\n&#13;<br \/>\n&#13;<br \/>\n&#13;<br \/>\n&#13;<br \/>\n&#13;<br \/>\n&#13;<br \/>\n&#13;<br \/>\n&#13;<br \/>\n&#13;<br \/>\n&#13;<br \/>\n&#13;<br \/>\n&#13;<br \/>\n&#13;<br \/>\n&#13;<br \/>\n&#13;<br \/>\n&#13;<br \/>\n&#13;<br \/>\n&#13;<br \/>\n&#13;\n<\/p>\n<p class=\"chapter-paragraph\">Le nozze sono state preparate con <b>grande attenzione ai dettagli<\/b>. Gli inviti, dipinti a mano e ispirati al paesaggio marino, hanno anticipato l\u2019atmosfera della giornata. Ida aveva inoltre fatto realizzare una guida di stile per gli invitati, con palette cromatiche e indicazioni sugli abiti: dal giallo canarino al ruggine, dal grigio perla al verde bosco per le donne; blu notte, marrone, beige e azzurro per gli uomini. Accanto agli sposi, un ruolo speciale \u00e8 stato riservato anche ai colleghi e amici conosciuti nel mondo della televisione. Gianluca Torre e Mariana D\u2019Amico, compagni in tv della sposa, sono stati indicati come<b> &#8220;damigelli d\u2019onore&#8221;.<\/b> A firmare la torta nuziale e la proposta di pasticceria \u00e8 stato invece Tommaso Foglia, amico della sposa e volto televisivo con cui ha condiviso l\u2019esperienza di &#8220;Pazzi di dolci&#8221;.<\/p>\n<p>        <img decoding=\"async\" class=\"is_full_image\" loading=\"lazy\" alt=\"\" casa=\"\" a=\"\" prima=\"\" vista=\"\" ida=\"\" di=\"\" filippo=\"\" si=\"\" sposata:=\"\" velo=\"\" e=\"\" abito=\"\" pizzo=\"\" per=\"\" la=\"\" cerimonia=\"\" sorrento=\"\" src=\"https:\/\/www.europesays.com\/it\/wp-content\/uploads\/2026\/09\/6a9d13c209ac2.jpeg\" data-full-src=\"https:\/\/www.europesays.com\/it\/wp-content\/uploads\/2026\/09\/6a9d13c209ac2.jpeg\"\/><\/p>\n<p class=\"is-last-update\" datetime=\"2026-09-06T09:42:31+02:00\">6 settembre 2026<\/p>\n<p class=\"is-copyright\">\n            \u00a9 RIPRODUZIONE RISERVATA\n        <\/p>\n","protected":false},"excerpt":{"rendered":"di Federica Bandirali Gianluca Torre e Mariana D\u2019Amico, compagni televisivi della sposa, sono stati scelti come &#8220;damigelli d\u2019onore&#8221;.&hellip;\n","protected":false},"author":3,"featured_media":667643,"comment_status":"","ping_status":"","sticky":false,"template":"","format":"standard","meta":{"footnotes":"","_share_on_mastodon":"0"},"categories":[1451],"tags":[7730,1266,4008,367881,1621,1620,818,4021,10900,26329,367882,367883,13035,203,9435,367884,10796,287770,367885,65522,65525,367886,204,1537,90,89,11995,367887,367888,28,15384,36364],"class_list":["post-667642","post","type-post","status-publish","format-standard","has-post-thumbnail","category-celebrita","tag-abito","tag-amici","tag-amico","tag-amico-compagni","tag-celebrita","tag-celebrities","tag-cerimonia","tag-compagni","tag-condiviso","tag-conosciuti","tag-damigelli","tag-damigelli-onore","tag-diventata","tag-entertainment","tag-filippo","tag-filippo-sposata","tag-gianluca","tag-gianluca-torre","tag-gianluca-torre-mariana","tag-ida","tag-ida-filippo","tag-ida-filippo-sposata","tag-intrattenimento","tag-it","tag-italia","tag-italy","tag-mariana","tag-mariana-amico","tag-mariana-amico-compagni","tag-milano","tag-nozze","tag-sposa"],"share_on_mastodon":{"url":"https:\/\/pubeurope.com\/@it\/117223195919155343","error":""},"_links":{"self":[{"href":"https:\/\/www.europesays.com\/it\/wp-json\/wp\/v2\/posts\/667642","targetHints":{"allow":["GET"]}}],"collection":[{"href":"https:\/\/www.europesays.com\/it\/wp-json\/wp\/v2\/posts"}],"about":[{"href":"https:\/\/www.europesays.com\/it\/wp-json\/wp\/v2\/types\/post"}],"author":[{"embeddable":true,"href":"https:\/\/www.europesays.com\/it\/wp-json\/wp\/v2\/users\/3"}],"replies":[{"embeddable":true,"href":"https:\/\/www.europesays.com\/it\/wp-json\/wp\/v2\/comments?post=667642"}],"version-history":[{"count":0,"href":"https:\/\/www.europesays.com\/it\/wp-json\/wp\/v2\/posts\/667642\/revisions"}],"wp:featuredmedia":[{"embeddable":true,"href":"https:\/\/www.europesays.com\/it\/wp-json\/wp\/v2\/media\/667643"}],"wp:attachment":[{"href":"https:\/\/www.europesays.com\/it\/wp-json\/wp\/v2\/media?parent=667642"}],"wp:term":[{"taxonomy":"category","embeddable":true,"href":"https:\/\/www.europesays.com\/it\/wp-json\/wp\/v2\/categories?post=667642"},{"taxonomy":"post_tag","embeddable":true,"href":"https:\/\/www.europesays.com\/it\/wp-json\/wp\/v2\/tags?post=667642"}],"curies":[{"name":"wp","href":"https:\/\/api.w.org\/{rel}","templated":true}]}}