{"id":667739,"date":"2026-09-06T09:58:16","date_gmt":"2026-09-06T09:58:16","guid":{"rendered":"https:\/\/www.europesays.com\/it\/667739\/"},"modified":"2026-09-06T09:58:16","modified_gmt":"2026-09-06T09:58:16","slug":"gullit-intervista-milan-e-juve-lanno-scorso-un-disastro-amorim-serve-fiducia","status":"publish","type":"post","link":"https:\/\/www.europesays.com\/it\/667739\/","title":{"rendered":"Gullit, intervista: &#8220;Milan e Juve, l&#8217;anno scorso un disastro. Amorim? Serve fiducia&#8221;"},"content":{"rendered":"<p>                                La leggenda rossonero: &#8220;Si deve rientrare in Champions, per\u00f2 serve lavoro e Amorim ha bisogno di tempo. Spalletti \u00e8 bravo&#8221;<\/p>\n<p class=\"paragraph\" spellcheck=\"true\">La stazza da gigante, il sorriso irriverente. Cambiano i capelli, quelli s\u00ec, perch\u00e9 dell\u2019iconica chioma non c\u2019\u00e8 pi\u00f9 nessuna traccia. Per il resto, Ruud Gullit \u00e8 rimasto sempre lo stesso. Un po\u2019 sportivo e un po\u2019 showman, come piaceva a Berlusconi, senza peli sulla lingua anche a 64 anni. In occasione di IFA 2026, l\u2019ex Milan \u00e8 stato ospite di Haier a Berlino, dove il brand di elettrodomestici ha ufficializzato una partnership con la Uefa Champions League che partir\u00e0 dalla prossima stagione. Gullit \u00e8 salito sul palco per annunciare l\u2019accordo, portando con s\u00e9 una riproduzione di quella coppa che per due volte \u00e8 riuscito a vincere con i rossoneri: &#8220;Chi trionfa scrive la storia e sar\u00e0 ricordato per sempre, gli altri no. E\u2026 indovinate un po\u2019? Io oggi sono su questo palco!&#8221;. Il solito Gullit.<\/p>\n<p class=\"paragraph\" spellcheck=\"true\"><b>Ruud, che effetto le fa vedere il suo Milan fuori dalla Champions?<\/b><\/p>\n<p>&#8220;Mi dispiace, certe squadre hanno la Coppa nel loro dna. Lo scorso anno i rossoneri sono andati a un passo dalla qualificazione, ma proprio sul pi\u00f9 bello hanno sprecato mesi di duro lavoro. Spero di rivederli presto al top, per\u00f2 per arrivare in alto c\u2019\u00e8 bisogno di giocatori che in campo sappiano fare le scelte giuste&#8221;.<br \/><b><br \/>Ai suoi tempi era un\u2019altra storia.<\/b><\/p>\n<p>&#8220;S\u00ec, soprattutto in termini economici. E non parlo soltanto del Milan, dove c\u2019era Berlusconi che chiacchierava con i calciatori e raccontava dei grandi affari che lo tenevano impegnato. I club italiani erano quelli pi\u00f9 ricchi e tutti i giocatori sognavano la Serie A. Adesso c\u2019\u00e8 la Premier, poi la Liga spagnola. Serve pazienza, prima o poi le cose cambieranno&#8221;.<\/p>\n<p><b>Tra le escluse d\u2019eccellenza, quest\u2019anno c\u2019\u00e8 pure la Juventus. E oggi i rossoneri giocano a Torino.\u00a0<\/b><\/p>\n<p>&#8220;L\u2019anno scorso ho visto Milan-Juve a San Siro, \u00e8 stato un disastro. Zero gol, zero spettacolo. Sulla carta doveva essere un big match e invece&#8230; Spero che stavolta cambi qualcosa&#8221;.<\/p>\n<p><b>Il 10 gennaio 1988, proprio in casa della Juventus, fu lei a decidere la sfida con i bianconeri con un\u2019incornata rimasta nella storia. Ogni tanto ci ripensa?\u00a0<\/b><\/p>\n<p>&#8220;Ho fatto gol pi\u00f9 belli, ma quello fu speciale perch\u00e9 si rivel\u00f2 decisivo. Ricordo che Tacconi fece una serie di belle parate, avevamo bisogno di sbloccarla e da calcio d\u2019angolo arriv\u00f2 la palla giusta. E poi era la mia prima rete contro la Juve&#8230;&#8221;.<\/p>\n<p><b>Adesso, in casa Milan, si aspettano tanti gol da Gon\u00e7alo Ramos. \u00c8 l\u2019uomo giusto per sfatare il tab\u00f9 dei centravanti rossoneri?<\/b><\/p>\n<p>&#8220;Gon\u00e7alo mi piace, per\u00f2 non si pu\u00f2 pensare che un attaccante riesca a risolvere tutti i problemi. Quanti palloni gli arrivano? Come giocano gli altri, che dovrebbero servirlo in area di rigore? Ramos merita fiducia, ma ha bisogno di essere supportato dal resto della squadra&#8221;.<\/p>\n<p class=\"text\">Giusto cedere Leao, faceva una partita super ogni dieci. I fuoriclasse sono diversi: Van Basten lasciava a bocca aperta ogni volta che giocava<\/p>\n<p class=\"paragraph\" spellcheck=\"true\"><b>Faccia un pronostico: chi \u00e8 pi\u00f9 forte tra Juventus e Milan?\u00a0<br \/><\/b><br \/>&#8220;\u00c8 difficile dirlo dopo appena due partite. Spalletti \u00e8 bravo, mentre il Milan ha preso Amorim e sta puntando su un mix di calciatori giovani ed esperti. Chi cambia tanto ha sempre bisogno di tempo e questo Milan deve lavorare per ritrovare la fiducia&#8221;.<\/p>\n<p><b>Passiamo al mercato: condivide la scelta di salutare Leao?\u00a0<br \/><\/b><br \/>&#8220;Mi dispiace per il ragazzo, per\u00f2 ormai la storia d\u2019amore con il Milan era finita&#8221;.<\/p>\n<p><b>Nel 2023, al Maradona, Rafa percorreva tutto il campo palla al piede, dribblava gli avversari come birilli e faceva segnare un gol facile a Giroud nei quarti di Champions. Per qualche tempo si azzard\u00f2 un paragone tra Leao e Gullit, che proprio a Napoli nel 1988 andava via sulla fascia nella stessa maniera.<\/b><\/p>\n<p>(Ruud alza gli occhi al cielo e sorride, ndr) &#8220;Sa qual \u00e8 la differenza tra un giocatore forte e un fuoriclasse? Certe cose, se sei un fuoriclasse, non le fai soltanto una volta. Van Basten lasciava tutti a bocca aperta ogni volta che scendeva in campo, Leao ci riusciva in una partita su dieci. \u00c8 un peccato, perch\u00e9 il potenziale non manca&#8221;.<\/p>\n<p class=\"paragraph\" spellcheck=\"true\"><b>A proposito di Van Basten: in Serie A oggi c\u2019\u00e8 un altro olandese che sembra inarrestabile.<\/b><\/p>\n<p>&#8220;Malen? \u00c8 forte, sono contento che sia partito segnando cos\u00ec tanti gol. E sono curioso di vedere la sua Roma in Champions League. La squadra di Gasperini, cos\u00ec come il Como, \u00e8 una bella sorpresa. Fabregas mi ha stupito&#8221;.\u00a0<\/p>\n<p><b>L\u2019Inter negli ultimi anni ha sfiorato due volte il trionfo in Europa. \u00c8 ancora tra le favorite?\u00a0<\/b><\/p>\n<p>&#8220;Le delusioni capitano, per\u00f2 Lautaro e compagni sanno come si arriva in fondo. In generale, Bayern Monaco, Barcellona, Paris Saint-Germain e Real Madrid restano un passo avanti. Il ritorno di Mourinho in Spagna e in un top club mi intriga, spero possa fare bene. E vi dir\u00f2: occhio pure al Manchester City, anche se quest\u2019anno non parte in primissima linea&#8221;.<\/p>\n<p><b>Ai suoi tempi, con un tipo come Gullit in campo, sembrava molto pi\u00f9 facile vincere la Coppa. Oggi c\u2019\u00e8 un giocatore che sposta gli equilibri?<\/b><\/p>\n<p>&#8220;Ogni club ha i suoi punti di forza e le sue debolezze: vedo tante squadre che sono brave ad attaccare ma poi non sanno difendere. Certo, uno come Lamine Yamal farebbe comodo a tutti&#8230;&#8221;.<\/p>\n<p class=\"is-copyright\">\u00a9 RIPRODUZIONE RISERVATA<\/p>\n","protected":false},"excerpt":{"rendered":"La leggenda rossonero: &#8220;Si deve rientrare in Champions, per\u00f2 serve lavoro e Amorim ha bisogno di tempo. Spalletti&hellip;\n","protected":false},"author":3,"featured_media":667740,"comment_status":"","ping_status":"","sticky":false,"template":"","format":"standard","meta":{"footnotes":"","_share_on_mastodon":"0"},"categories":[1452],"tags":[579,367942,367943,4007,367944,50020,721,1969,1740,262781,1537,90,89,553,2298,2181,1739,245,244],"class_list":["post-667739","post","type-post","status-publish","format-standard","has-post-thumbnail","category-calcio","tag-accordo","tag-accordo-portando","tag-accordo-portando-se","tag-aiutato","tag-aiutato-leggenda","tag-amorim","tag-calcio","tag-champions","tag-football","tag-gullit","tag-it","tag-italia","tag-italy","tag-milan","tag-palco","tag-serve","tag-soccer","tag-sport","tag-sports"],"share_on_mastodon":{"url":"https:\/\/pubeurope.com\/@it\/117223509688988194","error":""},"_links":{"self":[{"href":"https:\/\/www.europesays.com\/it\/wp-json\/wp\/v2\/posts\/667739","targetHints":{"allow":["GET"]}}],"collection":[{"href":"https:\/\/www.europesays.com\/it\/wp-json\/wp\/v2\/posts"}],"about":[{"href":"https:\/\/www.europesays.com\/it\/wp-json\/wp\/v2\/types\/post"}],"author":[{"embeddable":true,"href":"https:\/\/www.europesays.com\/it\/wp-json\/wp\/v2\/users\/3"}],"replies":[{"embeddable":true,"href":"https:\/\/www.europesays.com\/it\/wp-json\/wp\/v2\/comments?post=667739"}],"version-history":[{"count":0,"href":"https:\/\/www.europesays.com\/it\/wp-json\/wp\/v2\/posts\/667739\/revisions"}],"wp:featuredmedia":[{"embeddable":true,"href":"https:\/\/www.europesays.com\/it\/wp-json\/wp\/v2\/media\/667740"}],"wp:attachment":[{"href":"https:\/\/www.europesays.com\/it\/wp-json\/wp\/v2\/media?parent=667739"}],"wp:term":[{"taxonomy":"category","embeddable":true,"href":"https:\/\/www.europesays.com\/it\/wp-json\/wp\/v2\/categories?post=667739"},{"taxonomy":"post_tag","embeddable":true,"href":"https:\/\/www.europesays.com\/it\/wp-json\/wp\/v2\/tags?post=667739"}],"curies":[{"name":"wp","href":"https:\/\/api.w.org\/{rel}","templated":true}]}}