{"id":667768,"date":"2026-09-06T10:27:13","date_gmt":"2026-09-06T10:27:13","guid":{"rendered":"https:\/\/www.europesays.com\/it\/667768\/"},"modified":"2026-09-06T10:27:13","modified_gmt":"2026-09-06T10:27:13","slug":"unopera-di-vincent-van-gogh-ci-insegna-a-non-temere-i-cambiamenti-tipici-di-settembre","status":"publish","type":"post","link":"https:\/\/www.europesays.com\/it\/667768\/","title":{"rendered":"Un&#8217;opera di Vincent Van Gogh ci insegna a non temere i cambiamenti tipici di Settembre"},"content":{"rendered":"<p class=\"wp-block-post-excerpt__excerpt\">Tra i toni caldi della vendemmia e la magia di settembre, \u201cLa vigna rossa\u201d di Vincent Van Gogh \u00e8 l\u2019opera ideale per il fine settimana. <\/p>\n<p class=\"wp-block-paragraph\">Se c\u2019\u00e8 un simbolo che definisce il mese di Settembre \u00e8 la vendemmia: quel momento magico in cui la natura regala i suoi frutti pi\u00f9 dolci e le campagne si tingono di sfumature dorate e bruciate. C\u2019\u00e8 un capolavoro di <a href=\"https:\/\/libreriamo.it\/tag\/vincent-van-gogh\/\" data-type=\"link\" data-id=\"https:\/\/libreriamo.it\/tag\/vincent-van-gogh\/\" target=\"_blank\" rel=\"noreferrer noopener nofollow\">Vincent van Gogh<\/a> che cattura questa atmosfera meglio di qualunque altro, racchiudendo in s\u00e9 l\u2019energia viscerale, la poesia del lavoro e il calore della terra prima dell\u2019arrivo del freddo: \u201cLa vigna rossa\u201d (La Vignoble rouge), conservata presso il <a href=\"https:\/\/www.decorarconarte.com\/it\/fotografias-de-museos-y-viajes-it\/museo-pushkin\/\" data-type=\"link\" data-id=\"https:\/\/www.decorarconarte.com\/it\/fotografias-de-museos-y-viajes-it\/museo-pushkin\/\" target=\"_blank\" rel=\"noreferrer noopener nofollow\">Museo Pu\u0161kin delle belle arti<\/a> di Mosca. <\/p>\n<p class=\"wp-block-paragraph\">Immergersi in questa tela durante un fine settimana di fine estate significa fare un viaggio nei colori dell\u2019anima e nella bellezza pura dell\u2019autunno che avanza.<\/p>\n<p>\u201cLa vigna rossa\u201d di Van Gogh: un\u2019esplosione di rosso e di luce<\/p>\n<p class=\"wp-block-paragraph\">Dipinto nel novembre del 1888 durante il celebre soggiorno ad Arles, in Provenza, il quadro raffigura i contadini intenti a raccogliere l\u2019uva in una vigna tinta di un rosso acceso e vibrante. A differenza della maggior parte dei suoi paesaggi, Van Gogh non dipinse quest\u2019opera direttamente sul posto (en plein air), ma a memoria all\u2019interno del suo studio, rielaborando le suggestioni visive provate durante una passeggiata al tramonto.<\/p>\n<p class=\"wp-block-paragraph\">La composizione \u00e8 dominata dal contrasto maestoso tra la terra e il cielo. Un sole giallo e accecante, simile a un grande disco di luce pura, pende all\u2019orizzonte inondando la scena di un bagliore dorato. La terra sottostante risponde con un incendio di pennellate: tonalit\u00e0 di magenta, viola, ocra e arancione che fanno sembrare i filari un mare denso e incandescente. I lavoratori sono sagome scure e ricurve, perfettamente integrate nel paesaggio, a testimonianza di una connessione profonda e quasi sacra tra la fatica umana e la fertilit\u00e0 della natura.<\/p>\n<p>Aneddoti sull\u2019opera: il miracolo di un\u2019unica vendita e la sfida con Gauguin<\/p>\n<p class=\"wp-block-paragraph\">Attorno a \u201cLa vigna rossa\u201d ruota uno degli aneddoti pi\u00f9 celebri e malinconici della storia dell\u2019arte. Questa tela \u00e8 ufficialmente l\u2019unico dipinto che Vincent van Gogh sia riuscito a vendere durante la sua vita. Avvenne nel marzo del 1890, in occasione della mostra del gruppo Les XX a Bruxelles: la pittrice e collezionista belga Anna Boch rimase incantata dall\u2019opera e la acquist\u00f2 per la somma di 400 franchi (l\u2019equivalente di circa 1.000 euro odierni). Per un artista che ha prodotto oltre duemila opere vivendo nella miseria e nell\u2019incomprensione, questo dettaglio trasforma il quadro in un simbolo di speranza dal valore inestimabile.<\/p>\n<p class=\"wp-block-paragraph\">Inoltre, la nascita del dipinto \u00e8 legata alla complessa convivenza nella \u201cCasa Gialla\u201d con Paul Gauguin. Fu proprio Gauguin a spronare Van Gogh ad abbandonare momentaneamente la pittura dal vero per affidarsi all\u2019immaginazione. Il risultato fu una pittura sintetica e visceralmente emotiva, dove il colore smette di limitarsi a descrivere la realt\u00e0 e diventa pura espressione dello stato d\u2019animo.<\/p>\n<p>Cosa ci trasmette quest\u2019opera<\/p>\n<p class=\"wp-block-paragraph\">Contemplare La vigna rossa in questo periodo dell\u2019anno offre chiavi di lettura preziose per affrontare il cambio di stagione. La vendemmia ci ricorda che ogni traguardo richiede tempo, dedizione e cura. Settembre \u00e8 il momento ideale per guardarsi indietro, raccogliere i frutti di ci\u00f2 che abbiamo coltivato nei mesi passati e celebrare la nostra crescita.<\/p>\n<p class=\"wp-block-paragraph\">La storia di questo dipinto \u00e8 un potente promemoria sulla perseveranza. La bellezza e il valore intrinseco di ci\u00f2 che creiamo esistono a prescindere dal riconoscimento immediato degli altri. Il passaggio dall\u2019estate all\u2019autunno non \u00e8 un declino, ma una metamorfosi fiammeggiante. Van Gogh ci insegna a non temere i cambiamenti, dimostrando come la maturit\u00e0 di una fase della vita possa essere ancora pi\u00f9 ricca e luminosa della sua giovinezza.<\/p>\n<p class=\"wp-block-paragraph\">Dedicare un momento del fine settimana alla visione di questa tela significa lasciarsi scaldate dal sole di Arles e ritrovare quell\u2019energia accogliente necessaria per ripartire con slancio.<\/p>\n","protected":false},"excerpt":{"rendered":"Tra i toni caldi della vendemmia e la magia di settembre, \u201cLa vigna rossa\u201d di Vincent Van Gogh&hellip;\n","protected":false},"author":3,"featured_media":667769,"comment_status":"","ping_status":"","sticky":false,"template":"","format":"standard","meta":{"footnotes":"","_share_on_mastodon":"0"},"categories":[1446],"tags":[1615,1613,1614,1611,1610,1612,203,204,1537,90,89],"class_list":["post-667768","post","type-post","status-publish","format-standard","has-post-thumbnail","category-arte-e-design","tag-arte","tag-arte-e-design","tag-arteedesign","tag-arts","tag-arts-and-design","tag-design","tag-entertainment","tag-intrattenimento","tag-it","tag-italia","tag-italy"],"share_on_mastodon":{"url":"https:\/\/pubeurope.com\/@it\/117223623420229023","error":""},"_links":{"self":[{"href":"https:\/\/www.europesays.com\/it\/wp-json\/wp\/v2\/posts\/667768","targetHints":{"allow":["GET"]}}],"collection":[{"href":"https:\/\/www.europesays.com\/it\/wp-json\/wp\/v2\/posts"}],"about":[{"href":"https:\/\/www.europesays.com\/it\/wp-json\/wp\/v2\/types\/post"}],"author":[{"embeddable":true,"href":"https:\/\/www.europesays.com\/it\/wp-json\/wp\/v2\/users\/3"}],"replies":[{"embeddable":true,"href":"https:\/\/www.europesays.com\/it\/wp-json\/wp\/v2\/comments?post=667768"}],"version-history":[{"count":0,"href":"https:\/\/www.europesays.com\/it\/wp-json\/wp\/v2\/posts\/667768\/revisions"}],"wp:featuredmedia":[{"embeddable":true,"href":"https:\/\/www.europesays.com\/it\/wp-json\/wp\/v2\/media\/667769"}],"wp:attachment":[{"href":"https:\/\/www.europesays.com\/it\/wp-json\/wp\/v2\/media?parent=667768"}],"wp:term":[{"taxonomy":"category","embeddable":true,"href":"https:\/\/www.europesays.com\/it\/wp-json\/wp\/v2\/categories?post=667768"},{"taxonomy":"post_tag","embeddable":true,"href":"https:\/\/www.europesays.com\/it\/wp-json\/wp\/v2\/tags?post=667768"}],"curies":[{"name":"wp","href":"https:\/\/api.w.org\/{rel}","templated":true}]}}