{"id":667832,"date":"2026-09-06T11:23:17","date_gmt":"2026-09-06T11:23:17","guid":{"rendered":"https:\/\/www.europesays.com\/it\/667832\/"},"modified":"2026-09-06T11:23:17","modified_gmt":"2026-09-06T11:23:17","slug":"tutto-per-la-mia-famiglia-anticipazioni-dal-6-al-12-settembre","status":"publish","type":"post","link":"https:\/\/www.europesays.com\/it\/667832\/","title":{"rendered":"Tutto per la mia famiglia, anticipazioni dal 6 al 12 settembre"},"content":{"rendered":"<p class=\"paragraph\" spellcheck=\"true\">Proseguir\u00e0 domenica 6 settembre 2026 la programmazione di <b>Tutto per la mia famiglia <\/b>su Canale 5 e in streaming su Mediaset Infinity. La serie tv turca, che ha appena vissuto un&#8217;importante tragedia con la morte di uno dei suoi protagonisti, \u00e8 in onda tutti i giorni su Canale 5, sabato e domenica alle 17,45 e dal luned\u00ec al venerd\u00ec alle 15.45. La serie tv, con il titolo di Karde\u015flerim, \u00e8 gi\u00e0 andata interamente in onda in Turchia tra il 2021 e il 2024 ha 4 stagioni con 132 puntate da 130 minuti circa, qualcuna anche da 150, in Italia \u00e8 arrivata nel formato da 45 minuti e attualmente siamo alla seconda stagione.\u00a0<\/p>\n<p class=\"paragraph\" spellcheck=\"true\">Prima di scoprire quello che succeder\u00e0 nelle puntate della settimana dal  <b>6 al 12 settembre<\/b>, vediamo dove eravamo rimasti. Melisa \u00e8 stata portata a Ginevra per curare la sua depressione nata dopo che ha causato l&#8217;incidente in cui \u00e8 morto Kadir, un segreto che conoscono soltanto Susan, i fratelli e i genitori. Doruk, ormai pienamente parte della famiglia di Akif, \u00e8 tornato a scuola cos\u00ec come Omer e Asiye. Susen ha accompagnato con la sua macchina nuova, Omer e Ogulcan ad affiggere volantini per cercare testimoni dell&#8217;incidente, la ragazza ha un momento di difficolt\u00e0 e vorrebbe confessare quanto successo. Un uomo si \u00e8 ricordato di esser passato davanti al luogo dell&#8217;incidente dopo aver visto un volantino al benzinaio.<\/p>\n","protected":false},"excerpt":{"rendered":"Proseguir\u00e0 domenica 6 settembre 2026 la programmazione di Tutto per la mia famiglia su Canale 5 e in&hellip;\n","protected":false},"author":3,"featured_media":667833,"comment_status":"","ping_status":"","sticky":false,"template":"","format":"standard","meta":{"footnotes":"","_share_on_mastodon":"0"},"categories":[1444],"tags":[18381,303825,1961,1518,11536,83275,304315,310035,310038,3733,4293,2773,51519,12206,344863,1053,2205,475,3155,7779,49081,6920,3874,1112,1731,203,1909,310040,332733,67654,204,1537,90,89,160698,304314,964,310032,304318,27554,9167,16282,181291,8176,8202,20617,310034,1821,9100,407,362681,368027,2128,57594,253,7068,4981],"class_list":["post-667832","post","type-post","status-publish","format-standard","has-post-thumbnail","category-tv","tag-acquistare","tag-akif","tag-andata","tag-anticipazioni","tag-anticipazioni-puntata","tag-anticipazioni-puntata-settembre","tag-asiye","tag-aybike","tag-berk","tag-borsa","tag-borsa-studio","tag-canale","tag-canale-vediamo","tag-cellulare","tag-cemile","tag-cerca","tag-chiama","tag-chiede","tag-classe","tag-comprare","tag-confessa","tag-decide","tag-denaro","tag-domenica","tag-donna","tag-entertainment","tag-famiglia","tag-famiglia-onda","tag-famiglia-onda-canale","tag-harika","tag-intrattenimento","tag-it","tag-italia","tag-italy","tag-kaan","tag-kadir","tag-morte","tag-nebahat","tag-ogulcan","tag-omer","tag-onda","tag-onda-canale","tag-orhan","tag-pensa","tag-puntata","tag-scoprire","tag-sengul","tag-serie","tag-serie-tv","tag-settembre","tag-settembre-famiglia","tag-settembre-famiglia-onda","tag-studio","tag-tolga","tag-tv","tag-vede","tag-vediamo"],"share_on_mastodon":{"url":"","error":"Validation failed: Text character limit of 500 exceeded"},"_links":{"self":[{"href":"https:\/\/www.europesays.com\/it\/wp-json\/wp\/v2\/posts\/667832","targetHints":{"allow":["GET"]}}],"collection":[{"href":"https:\/\/www.europesays.com\/it\/wp-json\/wp\/v2\/posts"}],"about":[{"href":"https:\/\/www.europesays.com\/it\/wp-json\/wp\/v2\/types\/post"}],"author":[{"embeddable":true,"href":"https:\/\/www.europesays.com\/it\/wp-json\/wp\/v2\/users\/3"}],"replies":[{"embeddable":true,"href":"https:\/\/www.europesays.com\/it\/wp-json\/wp\/v2\/comments?post=667832"}],"version-history":[{"count":0,"href":"https:\/\/www.europesays.com\/it\/wp-json\/wp\/v2\/posts\/667832\/revisions"}],"wp:featuredmedia":[{"embeddable":true,"href":"https:\/\/www.europesays.com\/it\/wp-json\/wp\/v2\/media\/667833"}],"wp:attachment":[{"href":"https:\/\/www.europesays.com\/it\/wp-json\/wp\/v2\/media?parent=667832"}],"wp:term":[{"taxonomy":"category","embeddable":true,"href":"https:\/\/www.europesays.com\/it\/wp-json\/wp\/v2\/categories?post=667832"},{"taxonomy":"post_tag","embeddable":true,"href":"https:\/\/www.europesays.com\/it\/wp-json\/wp\/v2\/tags?post=667832"}],"curies":[{"name":"wp","href":"https:\/\/api.w.org\/{rel}","templated":true}]}}