{"id":667836,"date":"2026-09-06T11:25:22","date_gmt":"2026-09-06T11:25:22","guid":{"rendered":"https:\/\/www.europesays.com\/it\/667836\/"},"modified":"2026-09-06T11:25:22","modified_gmt":"2026-09-06T11:25:22","slug":"il-piu-grande-film-degli-anni-80-per-la-classifica-delle-classifiche","status":"publish","type":"post","link":"https:\/\/www.europesays.com\/it\/667836\/","title":{"rendered":"Il pi\u00f9 grande film degli anni &#8217;80, per la classifica delle classifiche"},"content":{"rendered":"<p data-journey-content=\"true\" data-node-id=\"3\" class=\"css-1ood0zq emevuu60\">Roger Ebert, il pi\u00f9 grande critico americano insieme a Pauline Kael, lo aveva gi\u00e0 detto in tempi non sospetti: Raging Bull, il titolo originale di quello che da noi \u00e8 stato distribuito come <strong data-node-id=\"3.3.0\">Toro scatenato<\/strong>, \u00e8 il pi\u00f9 grande film degli <strong data-node-id=\"3.5\">anni &#8217;80<\/strong>. Ne \u00e8 passata di acqua sotto i ponti e non ci siamo mossi da quel parere. Lo sostiene They Shoot Pictures, Don&#8217;t They? (TSPDT), la <strong data-node-id=\"3.11\">meta-classifica <\/strong>che ne aggrega 17.747.<\/p>\n<p><img draggable=\"true\" alt=\"de niro toro scatenato\" title=\"de niro toro scatenato\" loading=\"lazy\" width=\"5155\" height=\"3532\" decoding=\"async\" data-nimg=\"1\" style=\"color:transparent;width:100%;height:auto;\"   src=\"https:\/\/www.europesays.com\/it\/wp-content\/uploads\/2026\/09\/american-actor-robert-de-niro-as-boxer-jake-lamotta-in-a-news-photo-1760343180.pjpeg.jpeg\" class=\"css-0 e1ddfba50\"\/><a target=\"_blank\" rel=\"noopener nofollow\" data-theme-key=\"base-link\" href=\"https:\/\/pinterest.com\/pin\/create\/button\/?url=https:\/\/www.esquire.com\/it\/cultura\/film\/a73552206\/piu-grande-film-anni-80-classifica-delle-classifiche\/&amp;description=&amp;media=https:\/\/hips.hearstapps.com\/hmg-prod\/images\/american-actor-robert-de-niro-as-boxer-jake-lamotta-in-a-news-photo-1760343180.pjpeg?resize=1600:*\" class=\"pinterest css-on9hn5 e1socmtw0\"><img decoding=\"async\" data-dynamic-svg=\"true\" src=\"https:\/\/www.esquire.com\/_assets\/design-tokens\/fre\/static\/icons\/social\/pinterest.e8cf655.svg?primary=%2523ffffff\" loading=\"lazy\" data-testid=\"dynamic-svg-base\" height=\"auto\" width=\"auto\" alt=\"pinterest\" class=\"css-4lml0h e1mlxuuw1\"\/><\/a><\/p>\n<p>United Artists\/\/Getty Images<\/p>\n<p data-journey-content=\"true\" data-node-id=\"10\" class=\"css-1ood0zq emevuu60\">TSPDT \u00e8 una classifica onnicomprensiva, cio\u00e8 prende in considerazione mille film della storia del cinema a prescindere dall&#8217;annata: al primo posto c&#8217;\u00e8 Quarto potere (Citizen Kane, 1941). Bill Georgaris, l&#8217;australiano che l&#8217;ha compilata, l&#8217;ha spezzettata in altre <strong data-node-id=\"10.6\">sotto-liste<\/strong>, come appunto quella dei <strong data-node-id=\"10.8\">migliori film <\/strong>di (soltanto) ogni decennio, quindi anche degli anni &#8217;80, che trovate qui sotto con le sue <strong data-node-id=\"10.10\">prime <\/strong><strong data-node-id=\"10.11\">dieci posizioni<\/strong>.<\/p>\n<p data-journey-content=\"true\" data-node-id=\"14\" class=\"css-1ood0zq emevuu60\">Quanti ne avete visti?<\/p>\n<p>Anni &#8217;80, i dieci migliori film<\/p>\n<p data-journey-content=\"true\" data-node-id=\"20\" class=\"css-1ood0zq emevuu60\">1. Raging Bull (Martin Scorsese, 1980)<br data-node-id=\"20.3\"\/>2. Blade Runner (Ridley Scott, 1982)<br data-node-id=\"20.7\"\/>3. Fanny and Alexander (Ingmar Bergman, 1982)<br data-node-id=\"20.11\"\/>4. Shoah (Claude Lanzmann, 1985)<br data-node-id=\"20.15\"\/>5. Do the Right Thing (Spike Lee, 1989)<br data-node-id=\"20.19\"\/>6. The Shining (Stanley Kubrick, 1980)<br data-node-id=\"20.23\"\/>7. Blue Velvet (David Lynch, 1986)<br data-node-id=\"20.27\"\/>8. Sans soleil (Chris Marker, 1983)<br data-node-id=\"20.31\"\/>9. Come and See (Elem Klimov, 1985)<br data-node-id=\"20.35\"\/>10. <a href=\"https:\/\/www.esquire.com\/it\/cultura\/film\/a68854200\/robert-de-niro-america\/\" target=\"_blank\" data-vars-ga-outbound-link=\"https:\/\/www.esquire.com\/it\/cultura\/film\/a68854200\/robert-de-niro-america\/\" data-vars-ga-ux-element=\"Hyperlink\" data-vars-ga-call-to-action=\"Once Upon a Time in America\" data-node-id=\"20.37.0\" class=\"body-link css-1nd6fub emevuu60\" rel=\"nofollow noopener\">Once Upon a Time in America<\/a> (Sergio Leone, 1984) <\/p>\n<p data-journey-content=\"true\" data-node-id=\"24\" class=\"css-1ood0zq emevuu60\">Toro scatenato fu il <a href=\"https:\/\/www.esquire.com\/it\/cultura\/film\/a69012965\/scorsese-morto-de-niro-film\/\" target=\"_blank\" data-vars-ga-outbound-link=\"https:\/\/www.esquire.com\/it\/cultura\/film\/a69012965\/scorsese-morto-de-niro-film\/\" data-vars-ga-ux-element=\"Hyperlink\" data-vars-ga-call-to-action=\"film della rinascita\" data-node-id=\"24.2\" class=\"body-link css-1nd6fub emevuu60\" rel=\"nofollow noopener\">film della rinascita<\/a> di <strong data-node-id=\"24.4\">Martin Scorsese<\/strong>, che accett\u00f2 di farlo in ospedale, dove era ricoverato per un&#8217;overdose di cocaina. <strong data-node-id=\"24.6\">Robert De Niro<\/strong> and\u00f2 a trovarlo e glielo propose per l&#8217;ennesima volta. L&#8217;attore voleva a tutti i costi interpretare <a href=\"https:\/\/www.esquire.com\/it\/cultura\/film\/a34857003\/toro-scatenato-quarantanni\/\" target=\"_blank\" data-vars-ga-outbound-link=\"https:\/\/www.esquire.com\/it\/cultura\/film\/a34857003\/toro-scatenato-quarantanni\/\" data-vars-ga-ux-element=\"Hyperlink\" data-vars-ga-call-to-action=\"Jake LaMotta\" data-node-id=\"24.8\" class=\"body-link css-1nd6fub emevuu60\" rel=\"nofollow noopener\">Jake LaMotta<\/a>, uno di quei ruoli, come si dice, trasformativi: De Niro modific\u00f2 radicalmente il suo fisico durante le riprese per risultare credibile anche come il pugile ormai in pensione. Nel <a href=\"https:\/\/www.esquire.com\/it\/cultura\/film\/a62852684\/oscar-1981-foto\/\" target=\"_blank\" data-vars-ga-outbound-link=\"https:\/\/www.esquire.com\/it\/cultura\/film\/a62852684\/oscar-1981-foto\/\" data-vars-ga-ux-element=\"Hyperlink\" data-vars-ga-call-to-action=\"1981\" data-node-id=\"24.10\" class=\"body-link css-1nd6fub emevuu60\" rel=\"nofollow noopener\">1981<\/a> vinse il suo secondo <strong data-node-id=\"24.12\">Oscar<\/strong>, il primo (e unico) per un ruolo la protagonista.<\/p>\n<p><img draggable=\"true\" alt=\"de niro oscar toro scatenato\" title=\"de niro oscar toro scatenato\" loading=\"lazy\" width=\"3384\" height=\"2311\" decoding=\"async\" data-nimg=\"1\" style=\"color:transparent;width:100%;height:auto;\"   src=\"https:\/\/www.europesays.com\/it\/wp-content\/uploads\/2026\/09\/backstage-coverage-airdate-march-31-1981-robert-de-niro-news-photo-1759223647.pjpeg.jpeg\" class=\"css-0 e1ddfba50\"\/><a target=\"_blank\" rel=\"noopener nofollow\" data-theme-key=\"base-link\" href=\"https:\/\/pinterest.com\/pin\/create\/button\/?url=https:\/\/www.esquire.com\/it\/cultura\/film\/a73552206\/piu-grande-film-anni-80-classifica-delle-classifiche\/&amp;description=&amp;media=https:\/\/hips.hearstapps.com\/hmg-prod\/images\/backstage-coverage-airdate-march-31-1981-robert-de-niro-news-photo-1759223647.pjpeg?resize=1600:*\" class=\"pinterest css-on9hn5 e1socmtw0\"><img decoding=\"async\" data-dynamic-svg=\"true\" src=\"https:\/\/www.esquire.com\/_assets\/design-tokens\/fre\/static\/icons\/social\/pinterest.e8cf655.svg?primary=%2523ffffff\" loading=\"lazy\" data-testid=\"dynamic-svg-base\" height=\"auto\" width=\"auto\" alt=\"pinterest\" class=\"css-4lml0h e1mlxuuw1\"\/><\/a><\/p>\n<p>ABC Photo Archives\/\/Getty Images<\/p>\n<p>Classifica, come funziona quella che ne aggrega migliaia<\/p>\n<p data-journey-content=\"true\" data-node-id=\"30\" class=\"css-1ood0zq emevuu60\">Bill Georgaris, un appassionato di cinema di Adelaide, in Australia, ha detto che la classifica \u00e8 per lui un divertimento che non ha intenzione di monetizzare con i soldi di eventuali inserzionisti.<\/p>\n<p data-journey-content=\"true\" data-node-id=\"34\" class=\"css-1ood0zq emevuu60\">Ha aggregato sondaggi, best of di fine anno, le top ten di registi e dei critici cinematografici. Non tutte hanno lo stesso valore, quelle pi\u00f9 prestigiose contano di pi\u00f9 (si tratta quindi di una media ponderata e non aritmetica).<\/p>\n<p data-journey-content=\"true\" data-node-id=\"38\" class=\"css-1ood0zq emevuu60\">I <strong data-node-id=\"38.1\">numeri <\/strong>dell&#8217;edizione 2026: 10.386 schede individuali pi\u00f9 7.361 liste tematiche (genere, decade, paese) per un totale di 17.747 fonti uniche, di cui 873 aggiunte nel solo 2025. Il tutto filtrato da una lista di partenza di 26.551 film.<\/p>\n<p>SCONTI AMAZON SULL&#8217;ELETTRONICA<a target=\"_blank\" rel=\"nofollow noopener\" data-theme-key=\"product-image-wrapper\" href=\"https:\/\/www.amazon.it\/dp\/B0DSWFHTL2?tag=a-esquire-21\" aria-label=\"448\u00a0\u20ac su Amazon per Smartphone Pixel 9a\" data-href=\"https:\/\/www.amazon.it\/dp\/B0DSWFHTL2\" data-product-url=\"https:\/\/www.amazon.it\/dp\/B0DSWFHTL2\" data-affiliate=\"true\" data-affiliate-url=\"https:\/\/www.amazon.it\/dp\/B0DSWFHTL2?tag=a-esquire-21\" data-affiliate-network=\"{&quot;site_id&quot;:&quot;ea4bb407-ec21-446a-a75b-8fc7d58bc376&quot;,&quot;metadata&quot;:{&quot;links&quot;:{&quot;default&quot;:&quot;https:\/\/www.amazon.it\/dp\/B0DSWFHTL2?tag=a-esquire-21&quot;}},&quot;network&quot;:{&quot;name&quot;:&quot;Amazon&quot;}}\" data-fp-affiliate-inline-link=\"true\" data-fp-affiliate-button-link=\"false\" data-vars-ga-call-to-action=\"448\u00a0\u20ac su Amazon\" data-vars-ga-media-role=\"1\" data-vars-ga-media-type=\"Embedded Gallery List\" data-vars-ga-outbound-link=\"https:\/\/www.amazon.it\/dp\/B0DSWFHTL2\" data-vars-ga-product-brand=\"Google\" data-vars-ga-product-id=\"730e3f90-6e5b-4cec-8668-f633da52f5e2\" data-vars-ga-product-price=\"448,10\u00a0\u20ac\" data-vars-ga-product-retailer-id=\"6431e5bb-78a0-4565-96ba-d028b58d46de\" data-vars-ga-product-sem3-brand=\"Google\" data-vars-ga-product-sem3-category=\"Cellulari e Smartphone\" data-vars-ga-gallery-display=\"list\" data-vars-ga-link-treatment=\"(not set) | (not set)\" data-vars-ga-sku=\"B0DSWFHTL2\" data-vars-ga-magento-tracking=\"1\" class=\"product-image-link ebgq4gw7 e12px3ys0 css-g6od0w e1socmtw0\"><img  alt=\"Smartphone Pixel 9a\" title=\"Smartphone Pixel 9a\" data-fp-product-image=\"true\" datafptag=\"data-fp-product-image\" src=\"https:\/\/www.europesays.com\/it\/wp-content\/uploads\/2026\/09\/1788693919_363_1751631475-71sRswGFD6L.jpg\" width=\"2500\" height=\"2500\" decoding=\"async\" loading=\"lazy\"\/><\/a>Google Smartphone Pixel 9aCredit: Courtesy photo<\/p>\n<p>Smartphone con sistema operativo Android 15 e processore Snapdragon con velocit\u00e0 3,1 GHz. Memoria RAM installata da 8 GB, capacit\u00e0 128 GB. La batteria pu\u00f2 durare pi\u00f9 di 24 ore, fino a 100 ore con Risparmio Energetico Estremo.<\/p>\n<p><a target=\"_blank\" rel=\"nofollow noopener\" data-theme-key=\"product-image-wrapper\" href=\"https:\/\/www.amazon.it\/dp\/B0FGPCMP5D?tag=a-esquire-21\" aria-label=\"70\u00a0\u20ac su Amazon per Tablet 10.1 pollici Android 15\" data-href=\"https:\/\/www.amazon.it\/dp\/B0FGPCMP5D\" data-product-url=\"https:\/\/www.amazon.it\/dp\/B0FGPCMP5D\" data-affiliate=\"true\" data-affiliate-url=\"https:\/\/www.amazon.it\/dp\/B0FGPCMP5D?tag=a-esquire-21\" data-affiliate-network=\"{&quot;site_id&quot;:&quot;ea4bb407-ec21-446a-a75b-8fc7d58bc376&quot;,&quot;metadata&quot;:{&quot;links&quot;:{&quot;default&quot;:&quot;https:\/\/www.amazon.it\/dp\/B0FGPCMP5D?tag=a-esquire-21&quot;}},&quot;network&quot;:{&quot;name&quot;:&quot;Amazon&quot;}}\" data-fp-affiliate-inline-link=\"true\" data-fp-affiliate-button-link=\"false\" data-vars-ga-call-to-action=\"70\u00a0\u20ac su Amazon\" data-vars-ga-media-role=\"1\" data-vars-ga-media-type=\"Embedded Gallery List\" data-vars-ga-outbound-link=\"https:\/\/www.amazon.it\/dp\/B0FGPCMP5D\" data-vars-ga-product-brand=\"Laptok\" data-vars-ga-product-id=\"d84e1923-cb3b-4514-8d9c-1495bd630ad0\" data-vars-ga-product-price=\"69,99\u00a0\u20ac\" data-vars-ga-product-retailer-id=\"3830f612-d389-452e-92cc-ba3a7efd789d\" data-vars-ga-product-sem3-brand=\"Laptok\" data-vars-ga-product-sem3-category=\"Tablet PC\" data-vars-ga-gallery-display=\"list\" data-vars-ga-link-treatment=\"sale | (not set)\" data-vars-ga-sku=\"B0FGPCMP5D\" data-vars-ga-magento-tracking=\"1\" class=\"product-image-link ebgq4gw7 e12px3ys0 css-g6od0w e1socmtw0\"><img  alt=\"Tablet 10.1 pollici Android 15\" title=\"Tablet 10.1 pollici Android 15\" data-fp-product-image=\"true\" datafptag=\"data-fp-product-image\" src=\"https:\/\/www.europesays.com\/it\/wp-content\/uploads\/2026\/09\/1788693920_410_1771587004-71T6DW2s7vL.jpg\" width=\"1600\" height=\"1600\" decoding=\"async\" loading=\"lazy\"\/><\/a>Laptok Tablet 10.1 pollici Android 15<\/p>\n<p>Ora in sconto del 22%<\/p>\n<p>Credit: Courtesy photo<\/p>\n<p>Tablet 10&#8221;, memoria 16GB e 32GB di spazio interno (espandibile). Sistema operativo Android 15 e processore quad-core Cortex-A53 e single-core Cortex-A73. Schermo IPS, HD. Fotocamera frontale 5MP e posteriore 8MP. Batteria 5000mAh, CPU a basso consumo energetico.<\/p>\n<p><a target=\"_blank\" rel=\"nofollow noopener\" data-theme-key=\"product-image-wrapper\" href=\"https:\/\/www.amazon.it\/dp\/B0DZDF1BKR?tag=a-esquire-21\" aria-label=\"1149\u00a0\u20ac su Amazon per MacBook Air 13&#039;&#039;\" data-href=\"https:\/\/www.amazon.it\/dp\/B0DZDF1BKR\" data-product-url=\"https:\/\/www.amazon.it\/dp\/B0DZDF1BKR\" data-affiliate=\"true\" data-affiliate-url=\"https:\/\/www.amazon.it\/dp\/B0DZDF1BKR?tag=a-esquire-21\" data-affiliate-network=\"{&quot;site_id&quot;:&quot;ea4bb407-ec21-446a-a75b-8fc7d58bc376&quot;,&quot;metadata&quot;:{&quot;links&quot;:{&quot;default&quot;:&quot;https:\/\/www.amazon.it\/dp\/B0DZDF1BKR?tag=a-esquire-21&quot;}},&quot;network&quot;:{&quot;name&quot;:&quot;Amazon&quot;}}\" data-fp-affiliate-inline-link=\"true\" data-fp-affiliate-button-link=\"false\" data-vars-ga-call-to-action=\"1149\u00a0\u20ac su Amazon\" data-vars-ga-media-role=\"1\" data-vars-ga-media-type=\"Embedded Gallery List\" data-vars-ga-outbound-link=\"https:\/\/www.amazon.it\/dp\/B0DZDF1BKR\" data-vars-ga-product-brand=\"Apple\" data-vars-ga-product-id=\"e57f9bbd-3c1b-4d9a-b340-aed2da22b6e2\" data-vars-ga-product-price=\"1149,00\u00a0\u20ac\" data-vars-ga-product-retailer-id=\"8397e01e-b7d9-4aa2-8819-2e0a993f945b\" data-vars-ga-product-sem3-brand=\"Apple\" data-vars-ga-product-sem3-category=\"Notebook tradizionali\" data-vars-ga-gallery-display=\"list\" data-vars-ga-link-treatment=\"(not set) | (not set)\" data-vars-ga-sku=\"B0DZDF1BKR\" data-vars-ga-magento-tracking=\"1\" class=\"product-image-link ebgq4gw7 e12px3ys0 css-g6od0w e1socmtw0\"><img  alt=\"MacBook Air 13''\" title=\"MacBook Air 13''\" data-fp-product-image=\"true\" datafptag=\"data-fp-product-image\" src=\"https:\/\/www.europesays.com\/it\/wp-content\/uploads\/2026\/09\/1788693920_310_1741342670-71ZdDLeldzL.jpg\" width=\"2560\" height=\"2560\" decoding=\"async\" loading=\"lazy\"\/><\/a>Apple MacBook Air 13&#8221;Credit: Courtesy photo<\/p>\n<p>Portatile con design dalle dimensioni ultraridotte, con chip M4 (2025) progettato per Apple Intelligence, iperleggero ed extraveloce. Display Liquid Retina da 13,6&#8221;. 16GB di memoria unificata e 256GB di archiviazione SSD. Touch ID e batteria che dura fino a 18 ore. Videocamera 12MP Center Stage, tre microfoni e quattro altoparlanti con audio spaziale.<\/p>\n<p><a target=\"_blank\" rel=\"nofollow noopener\" data-theme-key=\"product-image-wrapper\" href=\"https:\/\/www.amazon.it\/dp\/B0F457M449?tag=a-esquire-21\" aria-label=\"159\u00a0\u20ac su Amazon per Smart TV F Pro 32\" data-href=\"https:\/\/www.amazon.it\/dp\/B0F457M449\" data-product-url=\"https:\/\/www.amazon.it\/dp\/B0F457M449\" data-affiliate=\"true\" data-affiliate-url=\"https:\/\/www.amazon.it\/dp\/B0F457M449?tag=a-esquire-21\" data-affiliate-network=\"{&quot;site_id&quot;:&quot;ea4bb407-ec21-446a-a75b-8fc7d58bc376&quot;,&quot;metadata&quot;:{&quot;links&quot;:{&quot;default&quot;:&quot;https:\/\/www.amazon.it\/dp\/B0F457M449?tag=a-esquire-21&quot;}},&quot;network&quot;:{&quot;name&quot;:&quot;Amazon&quot;}}\" data-fp-affiliate-inline-link=\"true\" data-fp-affiliate-button-link=\"false\" data-vars-ga-call-to-action=\"159\u00a0\u20ac su Amazon\" data-vars-ga-media-role=\"1\" data-vars-ga-media-type=\"Embedded Gallery List\" data-vars-ga-outbound-link=\"https:\/\/www.amazon.it\/dp\/B0F457M449\" data-vars-ga-product-brand=\"XIAOMI\" data-vars-ga-product-id=\"0768ab0e-7c67-41bc-aadb-c3eb5f37064f\" data-vars-ga-product-price=\"159,00\u00a0\u20ac\" data-vars-ga-product-retailer-id=\"bccf358c-65fe-4691-b74e-a7bba9d53dca\" data-vars-ga-product-sem3-brand=\"XIAOMI\" data-vars-ga-product-sem3-category=\"Televisori\" data-vars-ga-gallery-display=\"list\" data-vars-ga-link-treatment=\"sale | (not set)\" data-vars-ga-sku=\"B0F457M449\" data-vars-ga-magento-tracking=\"1\" class=\"product-image-link ebgq4gw7 e12px3ys0 css-g6od0w e1socmtw0\"><img  alt=\"Smart TV F Pro 32\" title=\"Smart TV F Pro 32\" data-fp-product-image=\"true\" datafptag=\"data-fp-product-image\" src=\"https:\/\/www.europesays.com\/it\/wp-content\/uploads\/2026\/09\/1788693921_594_1771588373-61WyC6La91L.jpg\" width=\"1000\" height=\"1000\" decoding=\"async\" loading=\"lazy\"\/><\/a>XIAOMI Smart TV F Pro 32<\/p>\n<p>Ora in sconto del 11%<\/p>\n<p>Credit: Courtesy photo<\/p>\n<p>Schermo 32&#8221;, con tecnologia QLED Quantum Dot per colori vivaci, contrasti intensi e una nitidezza straordinaria con oltre un miliardo di colori realistici. Suono cinematografico con Dolby Audio. Controllo Vocale Alexa, compatibile con Apple AirPlay. Triple Tuner DVB-C\/S\/S2\/T\/T2, DTS Virtual:X, DTS-HD.<\/p>\n<p><img src=\"https:\/\/www.europesays.com\/it\/wp-content\/uploads\/2026\/09\/1788693922_330_91f07e8e-33bb-4991-908e-b5ee7dd0c15c_1686210719.file.png\" alt=\"Headshot of Giuseppe Giordano\" title=\"Headshot of Giuseppe Giordano\" width=\"100%\" height=\"100%\" decoding=\"async\" loading=\"lazy\" class=\"css-o0wq4v ev8dhu53\"\/><\/p>\n<p>Guardo film e gioco a videogiochi, da un certo punto della vita in poi ho iniziato anche a scriverne. Mi affascinano gli angolini sperduti di internet, la grafica dei primi videogiochi in 3D e le immagini che ricadono sotto l\u2019ombrello per nulla definito della dicitura aesthetic, rispetto alle quali porto avanti un\u2019attivit\u00e0 di catalogazione compulsiva che ha come punto d\u2019arrivo alcuni profili Instagram. La serie TV con l\u2019estetica migliore (e quella migliore in assoluto) \u00e8 comunque X-Files, che non ho mai finito per non concepire il pensiero \u201cnon esistono altre puntate di X-Files da vedere per il resto della mia vita\u201d. Stessa cosa con Evangelion (il manga). \u00a0<\/p>\n","protected":false},"excerpt":{"rendered":"Roger Ebert, il pi\u00f9 grande critico americano insieme a Pauline Kael, lo aveva gi\u00e0 detto in tempi non&hellip;\n","protected":false},"author":3,"featured_media":667837,"comment_status":"","ping_status":"","sticky":false,"template":"","format":"standard","meta":{"footnotes":"","_share_on_mastodon":"0"},"categories":[1442],"tags":[368029,618,368030,620,203,454,623,204,259632,1537,90,89,619,1521,368028,310758,195811],"class_list":["post-667836","post","type-post","status-publish","format-standard","has-post-thumbnail","category-film","tag-che-ne-unisce-17-747","tag-content-type-news","tag-contentid-6fb56416-7667-4e35-85ab-5679cfecfa96","tag-displaytype-standard-article","tag-entertainment","tag-film","tag-hasproduct-true","tag-intrattenimento","tag-issyndicated-false","tag-it","tag-italia","tag-italy","tag-locale-it","tag-movies","tag-shorttitle-il-piu-grande-film-degli-anni-80-per-la-classifica-delle-classifiche","tag-sponsored-false","tag-subsection-film"],"share_on_mastodon":{"url":"https:\/\/pubeurope.com\/@it\/117223852907945307","error":""},"_links":{"self":[{"href":"https:\/\/www.europesays.com\/it\/wp-json\/wp\/v2\/posts\/667836","targetHints":{"allow":["GET"]}}],"collection":[{"href":"https:\/\/www.europesays.com\/it\/wp-json\/wp\/v2\/posts"}],"about":[{"href":"https:\/\/www.europesays.com\/it\/wp-json\/wp\/v2\/types\/post"}],"author":[{"embeddable":true,"href":"https:\/\/www.europesays.com\/it\/wp-json\/wp\/v2\/users\/3"}],"replies":[{"embeddable":true,"href":"https:\/\/www.europesays.com\/it\/wp-json\/wp\/v2\/comments?post=667836"}],"version-history":[{"count":0,"href":"https:\/\/www.europesays.com\/it\/wp-json\/wp\/v2\/posts\/667836\/revisions"}],"wp:featuredmedia":[{"embeddable":true,"href":"https:\/\/www.europesays.com\/it\/wp-json\/wp\/v2\/media\/667837"}],"wp:attachment":[{"href":"https:\/\/www.europesays.com\/it\/wp-json\/wp\/v2\/media?parent=667836"}],"wp:term":[{"taxonomy":"category","embeddable":true,"href":"https:\/\/www.europesays.com\/it\/wp-json\/wp\/v2\/categories?post=667836"},{"taxonomy":"post_tag","embeddable":true,"href":"https:\/\/www.europesays.com\/it\/wp-json\/wp\/v2\/tags?post=667836"}],"curies":[{"name":"wp","href":"https:\/\/api.w.org\/{rel}","templated":true}]}}