{"id":667849,"date":"2026-09-06T11:32:18","date_gmt":"2026-09-06T11:32:18","guid":{"rendered":"https:\/\/www.europesays.com\/it\/667849\/"},"modified":"2026-09-06T11:32:18","modified_gmt":"2026-09-06T11:32:18","slug":"tragico-schianto-nella-notte-muore-un-uomo-di-29-anni-tre-minorenni-feriti-trasportati-in-ospedale-una-e-grave","status":"publish","type":"post","link":"https:\/\/www.europesays.com\/it\/667849\/","title":{"rendered":"Tragico schianto nella notte: muore un uomo di 29 anni. Tre minorenni feriti trasportati in ospedale, una \u00e8 grave"},"content":{"rendered":"<p>Scansano (Grosseto), 6 settembre 2026 \u2013 <strong>Tragedia <\/strong>sulla strada provinciale 159 nel Grossetano dove un <strong>uomo di 29 anni <\/strong>ha perso la vita nella notte tra il 5 e il 6 settembre. Ancora da accertare le cause dello schianto gravissimo nel quale sono rimasti coinvolti anche tre minorenni, tutti trasportati in ospedale. Una di loro, secondo le prime informazioni acquisite, sarebbe in <strong>gravi condizioni<\/strong>, tanto che per arrivare al pronto soccorso \u00e8 stato necessario l\u2019intervento dell\u2019elisoccorso Pegaso.<\/p>\n<p> <img alt=\"Giovane precipita in un dirupo. Salvataggio in diretta social\" loading=\"lazy\" width=\"1600\" height=\"1024\" decoding=\"async\" data-nimg=\"1\" style=\"color:transparent;max-width:100%;height:auto\"   src=\"https:\/\/www.europesays.com\/it\/wp-content\/uploads\/2026\/09\/giovane-precipita-in-un-dirupo-salvataggio-in-diretta-social.webp\"\/><\/p>\n<p>Elisoccorso in azione nella notte<\/p>\n<p>Cosa \u00e8 accaduto\u00a0 <\/p>\n<p>A tarda notte, intorno alle\u00a03.30 tra sabato e domenica, sono stati attivati i soccorsi della Asl Toscana Sud Est per un incidente stradale nel quale \u00e8 rimasta coinvolta <strong>un\u2019auto<\/strong>. Lo schianto \u00e8 avvenuto nel territorio di Scansano, in provincia di Grosseto. Forse un animale selvatico, o un malore? Saranno poi gli accertamenti su cause e dinamica ad appurare la verit\u00e0 sulla tragedia avvenuta, ma al momento pare che non ci siano altri mezzi coinvolti.\u00a0<\/p>\n<p>Approfondisci:<\/p>\n<p><a href=\"https:\/\/www.lanazione.it\/firenze\/cronaca\/padre-lorena-isceri-video-fv2iya7f\" class=\"ArticleEmbed_article__embed__content__Jzqnz\" rel=\"nofollow noopener\" target=\"_blank\">\u201cSono distrutto\u201d. Il padre di Lorena Isceri, uccisa dall\u2019ex: \u201cPrendete provvedimenti\u201d. Meloni gli risponde: \u201cContinuiamo a cercare soluzioni\u201d<img alt=\"\u201cSono distrutto\u201d. Il padre di Lorena Isceri, uccisa dall\u2019ex: \u201cPrendete provvedimenti\u201d. Meloni gli risponde: \u201cContinuiamo a cercare soluzioni\u201d\" loading=\"lazy\" width=\"140\" height=\"78\" decoding=\"async\" data-nimg=\"1\" style=\"color:transparent\"  src=\"https:\/\/www.europesays.com\/it\/wp-content\/uploads\/2026\/09\/franco-isceri-padre-di-lorena-a-destra-ha-lanciato-un-video-appello-alle-istituzioni-prendete-provve.webp\"\/><\/a><br \/>\nI soccorsi <\/p>\n<p>La macchina dei soccorsi si \u00e8 attivata e una volta sul posto l\u2019incidente \u00e8 apparso subito gravissimo. Sono giunti in forze l\u2019Automedica di Grosseto, due ambulanze della Croce Rossa di Grosseto, una della Misericordia di Grosseto oltre alle\u00a0forze dell\u2019ordine e ai vigili del fuoco. Per il 29enne non c\u2019\u00e8 stato nulla da fare, \u00e8 deceduto sul colpo mentre una minore \u00e8 stata trasportata in codice 3 in <strong>Eliambulanza<\/strong> al Policlinico di Siena e\u00a0altre due minori sono state trasportate al pronto soccorso di Grosseto in codice 2.<\/p>\n","protected":false},"excerpt":{"rendered":"Scansano (Grosseto), 6 settembre 2026 \u2013 Tragedia sulla strada provinciale 159 nel Grossetano dove un uomo di 29&hellip;\n","protected":false},"author":3,"featured_media":667850,"comment_status":"","ping_status":"","sticky":false,"template":"","format":"standard","meta":{"footnotes":"","_share_on_mastodon":"0"},"categories":[79],"tags":[14,93,94,826,830,1537,90,89,33021,13293,7,15,4476,812,22469,22467,124382,11,84,91,12,85,92],"class_list":["post-667849","post","type-post","status-publish","format-standard","has-post-thumbnail","category-italia","tag-cronaca","tag-cronaca-italiana","tag-cronacaitaliana","tag-feriti","tag-grave","tag-it","tag-italia","tag-italy","tag-minorenni","tag-muore","tag-news","tag-notizie","tag-notte","tag-ospedale","tag-schianto","tag-tragico","tag-trasportati","tag-ultime-notizie","tag-ultime-notizie-e-news-di-oggi","tag-ultime-notizie-italia","tag-ultimenotizie","tag-ultimenotizieenewsdioggi","tag-ultimenotizieitalia"],"share_on_mastodon":{"url":"https:\/\/pubeurope.com\/@it\/117223880300599351","error":""},"_links":{"self":[{"href":"https:\/\/www.europesays.com\/it\/wp-json\/wp\/v2\/posts\/667849","targetHints":{"allow":["GET"]}}],"collection":[{"href":"https:\/\/www.europesays.com\/it\/wp-json\/wp\/v2\/posts"}],"about":[{"href":"https:\/\/www.europesays.com\/it\/wp-json\/wp\/v2\/types\/post"}],"author":[{"embeddable":true,"href":"https:\/\/www.europesays.com\/it\/wp-json\/wp\/v2\/users\/3"}],"replies":[{"embeddable":true,"href":"https:\/\/www.europesays.com\/it\/wp-json\/wp\/v2\/comments?post=667849"}],"version-history":[{"count":0,"href":"https:\/\/www.europesays.com\/it\/wp-json\/wp\/v2\/posts\/667849\/revisions"}],"wp:featuredmedia":[{"embeddable":true,"href":"https:\/\/www.europesays.com\/it\/wp-json\/wp\/v2\/media\/667850"}],"wp:attachment":[{"href":"https:\/\/www.europesays.com\/it\/wp-json\/wp\/v2\/media?parent=667849"}],"wp:term":[{"taxonomy":"category","embeddable":true,"href":"https:\/\/www.europesays.com\/it\/wp-json\/wp\/v2\/categories?post=667849"},{"taxonomy":"post_tag","embeddable":true,"href":"https:\/\/www.europesays.com\/it\/wp-json\/wp\/v2\/tags?post=667849"}],"curies":[{"name":"wp","href":"https:\/\/api.w.org\/{rel}","templated":true}]}}