{"id":667860,"date":"2026-09-06T11:48:15","date_gmt":"2026-09-06T11:48:15","guid":{"rendered":"https:\/\/www.europesays.com\/it\/667860\/"},"modified":"2026-09-06T11:48:15","modified_gmt":"2026-09-06T11:48:15","slug":"porto-ercole-in-arrivo-unopera-autentica-di-caravaggio-dove-verra-esposta-e-il-capolavoro-top-secret","status":"publish","type":"post","link":"https:\/\/www.europesays.com\/it\/667860\/","title":{"rendered":"Porto Ercole, in arrivo un\u2019opera autentica di Caravaggio \u2013\u00a0Dove verr\u00e0 esposta e il capolavoro top secret"},"content":{"rendered":"<p> PORTO ERCOLE. A Porto Ercole sar\u00e0 esposta <strong>un\u2019opera autentica del Caravaggio <\/strong>proveniente da una collezione privata. L\u2019annuncio dato alcuni giorni fa dal delegato agli eventi culturali relativi al Caravaggio <strong>Niccol\u00f2 Capitani <\/strong>\u00e8 ancora coperto da un alone di mistero. <\/p>\n<p>  La grande attesa  <\/p>\n<p> <strong>L\u2019opera dovrebbe arrivare nelle prossime settimane <\/strong>nel borgo marinaro per essere esposta (salvo cambi dell\u2019ultimo minuto) nella chiesa di Sant\u2019Erasmo a Porto Ercole vecchio dove il Comune ha allestito un percorso legato proprio a Michelangelo Merisi, detto Caravaggio. Fra poche settimane ricorre anche l\u2019anniversario della nascita del pittore maledetto, che avvenne il 29 settembre 1571. Il nome del Caravaggio legato a Porto Ercole suscita sempre polemica: prima sull\u2019autenticit\u00e0 delle sue ossa, poi sulle fattezze dell\u2019arca funeraria e poi sulla necessit\u00e0 di creare un museo dedicato al pittore. <\/p>\n<p>  La versione di Montanari  <\/p>\n<p> Chi \u00e8 sempre stato critico sul modo in cui l\u2019artista viene trattato a Porto Ercole \u00e8 <strong>Tomaso Montanari<\/strong>, storico dell\u2019arte, docente universitario, rettore dell\u2019Universit\u00e0 per stranieri di Siena e saggista italiano. Montanari ha sempre ritenuto un errore la realizzazione di un museo a lui dedicato e sulle pagine del Tirreno nel 2018 aveva definito &#8220;mostruoso&#8221; il sarcofago che racchiude le presunte ossa del Caravaggio. Aveva anche ritenuto opportuno suggerire non la realizzazione di un museo del Caravaggio bens\u00ec della storia di Porto Ercole. <\/p>\n<p>  Il lavoro dell\u2019amministrazione  <\/p>\n<p> Capitani rivendica, invece, il lavoro portato avanti dall\u2019amministrazione di Arturo Cerulli per valorizzare nel modo giusto il legame fra Caravaggio e Porto Ercole. \u00abNegli ultimi tre anni non ci siamo limitati ad affiggere cartelli qua e l\u00e0 &#8211; dice &#8211; <strong>Abbiamo cercato di organizzare eventi di qualit\u00e0<\/strong>: che poi tali spettacoli siano piaciuti o meno \u00e8 un altro discorso. Sicuramente l\u2019operazione delle ossa \u00e8 discutibile e io stesso ho sempre espresso perplessit\u00e0 in merito, eppure la tomba esiste ed \u00e8 visitata da molti. Relegarla nel cimitero, lontano dagli occhi, non \u00e8 certo una soluzione, n\u00e9 tantomeno lo sarebbe distruggerla con un ulteriore spreco di denaro pubblico. Perch\u00e9 se non abbiamo la certezza che le ossa siano del Caravaggio non possiamo nemmeno avere la certezza che non lo siano. Caravaggio &#8211; aggiunge il delegato &#8211; deve fare da volano: <strong>deve essere valorizzato per far conoscere Porto Ercole e l\u2019Argentario<\/strong>. I tanto vituperati cartelli installati al Paese Vecchio per il percorso &#8220;Sulle orme di Caravaggio&#8221;, gli stessi che si trovano in qualsiasi localit\u00e0 turistica, vanno esattamente in questa direzione. I testi sono stati integrati con nuove informazioni per dare risalto anche ad altre personalit\u00e0 rilevanti che prima non erano presenti. Una volta ultimati i lavori di restauro, il monumento funebre verr\u00e0 posizionato, con grande pragmatismo, proprio sul bastione di Santa Barbara. In questo modo &#8211; conclude &#8211; sar\u00e0 integrato nel percorso e valorizzato dalla cornice, rendendo onore a quelle ossa che, in fin dei conti, sono un simbolo: un po\u2019 come le reliquie dei santi nella tradizione cristiana. Sappiamo bene che molte non sono autentiche, eppure la fede le nobilita e migliaia di persone si affollano per vedere il sangue di San Gennaro che si scioglie una volta all\u2019anno\u00bb. <\/p>\n<p> \u00a9 RIPRODUZIONE RISERVATA <\/p>\n","protected":false},"excerpt":{"rendered":"PORTO ERCOLE. A Porto Ercole sar\u00e0 esposta un\u2019opera autentica del Caravaggio proveniente da una collezione privata. L\u2019annuncio dato&hellip;\n","protected":false},"author":3,"featured_media":667861,"comment_status":"","ping_status":"","sticky":false,"template":"","format":"standard","meta":{"footnotes":"","_share_on_mastodon":"0"},"categories":[1446],"tags":[1615,1613,1614,1611,1610,1612,203,204,1537,90,89],"class_list":["post-667860","post","type-post","status-publish","format-standard","has-post-thumbnail","category-arte-e-design","tag-arte","tag-arte-e-design","tag-arteedesign","tag-arts","tag-arts-and-design","tag-design","tag-entertainment","tag-intrattenimento","tag-it","tag-italia","tag-italy"],"share_on_mastodon":{"url":"https:\/\/pubeurope.com\/@it\/117223942119493256","error":""},"_links":{"self":[{"href":"https:\/\/www.europesays.com\/it\/wp-json\/wp\/v2\/posts\/667860","targetHints":{"allow":["GET"]}}],"collection":[{"href":"https:\/\/www.europesays.com\/it\/wp-json\/wp\/v2\/posts"}],"about":[{"href":"https:\/\/www.europesays.com\/it\/wp-json\/wp\/v2\/types\/post"}],"author":[{"embeddable":true,"href":"https:\/\/www.europesays.com\/it\/wp-json\/wp\/v2\/users\/3"}],"replies":[{"embeddable":true,"href":"https:\/\/www.europesays.com\/it\/wp-json\/wp\/v2\/comments?post=667860"}],"version-history":[{"count":0,"href":"https:\/\/www.europesays.com\/it\/wp-json\/wp\/v2\/posts\/667860\/revisions"}],"wp:featuredmedia":[{"embeddable":true,"href":"https:\/\/www.europesays.com\/it\/wp-json\/wp\/v2\/media\/667861"}],"wp:attachment":[{"href":"https:\/\/www.europesays.com\/it\/wp-json\/wp\/v2\/media?parent=667860"}],"wp:term":[{"taxonomy":"category","embeddable":true,"href":"https:\/\/www.europesays.com\/it\/wp-json\/wp\/v2\/categories?post=667860"},{"taxonomy":"post_tag","embeddable":true,"href":"https:\/\/www.europesays.com\/it\/wp-json\/wp\/v2\/tags?post=667860"}],"curies":[{"name":"wp","href":"https:\/\/api.w.org\/{rel}","templated":true}]}}