{"id":667920,"date":"2026-09-06T12:41:20","date_gmt":"2026-09-06T12:41:20","guid":{"rendered":"https:\/\/www.europesays.com\/it\/667920\/"},"modified":"2026-09-06T12:41:20","modified_gmt":"2026-09-06T12:41:20","slug":"daniela-bongiorno-la-moglie-di-mike-un-rumore-corsi-in-camera-lo-trovai-senza-vita-ricordo-le-sue-ultime-parole-dopo-il-furto-della-salma-lo-cremammo-le-sue-ceneri-ora-sono-tra-muri-blind","status":"publish","type":"post","link":"https:\/\/www.europesays.com\/it\/667920\/","title":{"rendered":"Daniela Bongiorno, la moglie di Mike: \u00abUn rumore, corsi in camera, lo trovai senza vita: ricordo le sue ultime parole. Dopo il furto della salma lo cremammo: le sue ceneri ora sono tra muri blindati\u00bb"},"content":{"rendered":"<p>                                                                                                                      di Enrica Roddolo<\/p>\n<p class=\"summary-art is-line-h-12\">La moglie del presentatore tv ricorda quell\u20198 settembre 2009: \u00abAveva fatto colazione, acceso il sigaro e si era seduto in poltrona. Sul telefonino era arrivata la prima foto di Luce, nostra nipote. &#8220;Che bella, sembri tu quando prendi il sole&#8221;. Sono state le sue ultime parole\u00bb. Il furto della salma, la cremazione, il rapporto con Mediaset (\u00abmai pi\u00f9 sentiti\u00bb). E ora Sanremo gli dedica una mostra<\/p>\n<p class=\"chapter-paragraph\">\u00abMike \u00e8 sempre con me, e un po\u2019 con tutta l\u2019Italia, eppure \u00e8 scomparso 17 anni fa. Era l\u20198 settembre 2009\u00bb, ricorda la moglie Daniela Bongiorno. \u00abE Mike \u00e8 Sanremo tanto che nella citt\u00e0 dei fiori la sua statua \u00e8 consumata, tutti vanno a toccarla, quasi fosse Padre Pio\u00bb.<\/p>\n<p class=\"chapter-paragraph\"><b>Dopo un anno dalla morte, successe una cosa incredibile: il furto della salma. Come ha vissuto quel momento?<\/b><br \/>\u00abRicordo bene quel periodo, in televisione si parlava davvero solo di Mike, c\u2019era stato persino un appello al presidente della Repubblica per Mike: i carabinieri capirono che era una banda non cos\u00ec preparata e la rintracciarono. Ma fu doloroso, mi arrivavano telefonate da ovunque nel mondo. Quando lo trovarono, la banda di malviventi probabilmente cerc\u00f2 un accordo in cambio della libert\u00e0. Aveva ancora i sigilli della ceralacca intatti. Ma decidemmo in famiglia, a quel punto, di farlo cremare: cos\u00ec nessuno ce lo toccher\u00e0 mai pi\u00f9\u00bb.    &#13;<br \/>\n&#13;<br \/>\n&#13;<br \/>\n&#13;<br \/>\n&#13;<br \/>\n&#13;<br \/>\n&#13;<br \/>\n&#13;<br \/>\n&#13;<br \/>\n&#13;<br \/>\n&#13;<br \/>\n&#13;<br \/>\n&#13;<br \/>\n&#13;<br \/>\n&#13;<br \/>\n&#13;<br \/>\n&#13;<br \/>\n&#13;<br \/>\n&#13;<br \/>\n&#13;<br \/>\n&#13;<br \/>\n&#13;<br \/>\n&#13;<br \/>\n&#13;<br \/>\n&#13;<br \/>\n&#13;<br \/>\n&#13;<br \/>\n&#13;<br \/>\n&#13;<br \/>\n&#13;<br \/>\n&#13;<br \/>\n&#13;<br \/>\n&#13;<br \/>\n&#13;<br \/>\n&#13;<br \/>\n&#13;<br \/>\n&#13;<br \/>\n&#13;<br \/>\n&#13;<br \/>\n&#13;<br \/>\n&#13;<br \/>\n&#13;<br \/>\n&#13;<br \/>\n&#13;<br \/>\n&#13;<br \/>\n&#13;<br \/>\n&#13;<br \/>\n&#13;<br \/>\n&#13;<br \/>\n&#13;<br \/>\n&#13;<br \/>\n&#13;<br \/>\n&#13;\n<\/p>\n<p class=\"chapter-paragraph\"><b>E dove sono ora le ceneri di Mike?<\/b><br \/>\u00abNella nostra cappella privata sul Lago Maggiore (a Dagnente, una frazione di Arona, Novara, ndr) , fra due muri blindati. A prova di furto\u00bb.<\/p>\n<p class=\"chapter-paragraph\"><b>Michael Nicholas Salvatore Bongiorno, detto Mike, nato a New York il 26 maggio 1924 da una famiglia di emigrati, ha reso popolare la tv in Italia. Ha fatto la fortuna della Rai che nel 2024 gli ha dedicato una miniserie, e poi di Mediaset. Perch\u00e9 decise di passare alla tv commerciale?<\/b><br \/>\u00abMike aveva grandi valori e una grande onest\u00e0, credette in Silvio (Berlusconi) perch\u00e9 era suo amico e fino all\u2019ultimo ha difeso, aiutato e sostenuto il suo amico Silvio, padrino di nostro figlio Leo. Poi ha votato Obama alle presidenziali Usa, aveva doppio passaporto. Ora dopo i fatti di Capitol Hill, dell\u2019America di oggi penserebbe il peggio\u00bb.<\/p>\n<p class=\"chapter-paragraph\"><b>Avete ancora rapporti con Mediaset?<\/b><br \/>\u00abMai pi\u00f9 frequentato Mediaset e mai loro hanno fatto una cortesia a noi, ma non ne abbiamo bisogno. Mi proposero per\u00f2 una fiction un mese dopo la morte di Mike, rifiutai. Mike diceva che Gerry Scotti era il suo erede e prese infatti l\u2019eredit\u00e0 della Ruota della fortuna. Proposi allora una casella con il volto di Mike, come un jolly da legare a una vincita da dare in beneficenza\u2026 ma non ho avuto risposta\u00bb.<\/p>\n<p>        <img decoding=\"async\" class=\"is_full_image\" loading=\"lazy\" alt=\"Daniela Bongiorno: \u00ab17 anni senza Mike. Ha spinto sempre i ragazzi: non disperatevi mai\u00bb\" src=\"https:\/\/www.europesays.com\/it\/wp-content\/uploads\/2026\/09\/6a96d56200904.jpeg\" data-full-src=\"https:\/\/www.europesays.com\/it\/wp-content\/uploads\/2026\/09\/6a96d56200904.jpeg\"\/><\/p>\n<p class=\"chapter-paragraph\"><b>Torniamo all\u2019addio a  Mike, settembre di 17 anni fa.<\/b><br \/>\u00abRicordo Silvio quando uscimmo dal Duomo: \u201cI miei sondaggi mi dicono che \u00e8 l\u2019evento pi\u00f9 grande della seconda Repubblica, mai capitato prima un funerale con la trasmissione a tre reti unificate\u201d. Con Silvio discutevamo sempre, io non avrei voluto parlasse in chiesa, temevo un discorso politico ma alla fine cedetti, erano molto amici\u2026\u00bb.<\/p>\n<p class=\"chapter-paragraph\"><b>Mike e<\/b><b>ra l\u2019\u201cAmericano\u201d in un\u2019Italia piena di voglia di riscatto, dopo la guerra.<\/b><br \/>\u00abHo trovato la mia America in Italia, mi diceva, ma lui per gli italiani era il futuro, l\u2019America\u00bb.<\/p>\n<p class=\"chapter-paragraph\"><b>Pens\u00f2 mai alla politica, come Berlusconi?<\/b><br \/>\u00abNo, Mike era popolare ma era troppo per bene e quel che pensava diceva: non sarebbe mai stato un bravo politico ma l\u2019avrebbero votato perch\u00e9 gli volevano bene. Era nel tinello di ogni casa\u00bb.<\/p>\n<p class=\"chapter-paragraph\"><b>Cosa ricorda degli ultimi giorni assieme?<\/b><br \/>\u00abAl commiato in forma privata alla cappella al Lago, dopo il Duomo, arrivarono gli amici di nostro figlio Leo. Avevano riscritto un discorso che Mike aveva fatto loro pochi giorni prima, il 5 settembre, al compleanno di Leonardo che compiva 20 anni: \u201cCoraggio ragazzi, nella vita non disperate mai\u201d\u00bb.<\/p>\n<p>        <img decoding=\"async\" class=\"is_full_image\" loading=\"lazy\" alt=\"Daniela Bongiorno: \u00ab17 anni senza Mike. Ha spinto sempre i ragazzi: non disperatevi mai\u00bb\" src=\"https:\/\/www.europesays.com\/it\/wp-content\/uploads\/2026\/09\/6a96d5c1b7b68.jpeg\" data-full-src=\"https:\/\/www.europesays.com\/it\/wp-content\/uploads\/2026\/09\/6a96d5c1b7b68.jpeg\"\/><\/p>\n<p class=\"chapter-paragraph\"><b>E cosa ha insegnato a lei?<\/b><br \/>\u00abLa gratitudine per quanto si ha nella vita. Poi il 6 settembre nacque la terza figlia di Nicol\u00f2, Luce, alla Mangiagalli e con Mike e Leo andammo a trovarla appena nata, il 7 partimmo per Monaco. In macchina canticchiava la canzone dei nanetti, allegro com\u2019era sempre. Poi a cena con amici, la mattina dopo mi svegli\u00f2 con i giornali sul cuscino, disse di non aver dormito molto. Colazione, accese il sigaro e si sedette in poltrona. Intanto mi arriv\u00f2 la prima foto di Luce sul telefonino, la mostrai a Mike. \u201cChe bella sembri tu quando prendi il sole\u201d. Poi ero in bagno, sentii un rumore, corsi in camera e lo trovai senza vita\u00bb.<\/p>\n<p class=\"chapter-paragraph\"><b>Un mito italiano, non solo della tv. E a Sanremo il Teatro Ariston lo ricorda fino all\u2019autunno con la mostra Mike Bongiorno. L\u2019uomo, il mito.<\/b><br \/>\u00abWalter Vacchino proprietario (con la sorella) dell\u2019Ariston \u00e8 un caro amico. Poi chiss\u00e0, anche a Palermo vorrebbero la mostra su Mike\u00bb.<\/p>\n<p class=\"chapter-paragraph\"><b>Lei era ventenne lui quarantenne, quando vi innamoraste.<\/b><br \/>\u00abEro una sessantottina e lui poteva sembrare antiquato. Ci siamo incontrati a Mare Moda Capri, mi aveva gi\u00e0 vista in un ristorante a Milano, giovanissima a 19 anni. Lui era ancora giovane, aveva 46 anni sportivo, bello e pieno di vita, interessi, pi\u00f9 interessante lui di mille fidanzatini dell\u2019epoca. Ci sposammo subito, nozze a Londra al municipio di Chelsea in King\u2019s Road perch\u00e9 volevamo fare in fretta, Mike aveva appena avuto il divorzio io aspettavo gi\u00e0 Michele\u00bb.<\/p>\n<p class=\"chapter-paragraph\"><b>A Londra ha incontrato anche i Reali con Mike?<\/b><br \/>\u00abRicordo gli inchini alla regina s\u00ec, ma mi \u00e8 rimasto nel cuore papa Wojty\u0142a. Mike era uno sciatore e il Papa pure, si intesero subito poi io sono nata il 13 maggio e che dolcezza le carezze del Papa\u2026 il 13 maggio era anche la data dell\u2019attentato di Ali A\u011fca nel 1981\u00bb.<\/p>\n<p class=\"chapter-paragraph\"><b>Cosa direbbe  Mike del  Papa americano, Leone XIV?<\/b><br \/>Mike sarebbe felice, un Papa che ama lo sport e ha tirato fuori molta forza. Mi piacerebbe molto conoscerlo, ho incontrato il presidente Sergio Mattarella nel 2024 al centenario di Mike\u00bb.<\/p>\n<p class=\"chapter-paragraph\"><b>C\u2019era una trasmissione del cuore per Mike?<\/b><br \/>\u00abRischiatutto, e quando Fazio la riport\u00f2 in Rai \u00e8 stata un grande successo, 30% di share. Nel board della Fondazione  intitolata a Mike ci sono Fiorello, Fazio, Aldo Grasso per esempio. Con Fiorello si \u00e8 divertito tantissimo, due amiconi. Fiorello mi fa sempre gli auguri di compleanno con la voce di Mike. Con Fazio ci siamo frequentati molto, in comune abbiamo tanti amici. Con Pippo si rispettavano\u00bb.<\/p>\n<p class=\"chapter-paragraph\"><b>Adesso Mike continua con i figli, e i nipoti.<\/b><br \/>\u00abSiamo rimasti 40 anni sposati, con alti e bassi come tutti, ma sempre una famiglia unita: figlio unico di genitori separati cercava una vera famiglia.  E mentre Mike faceva tv io fondavo la Bongiorno Production. I nostri figli hanno cominciato con me, con i primi documentari e cortometraggi. Adesso ciascuno con una sua casa di produzione, Michele si occupa di arte, ha appena realizzato un documentario su Lucio Fontana, Nicol\u00f2 di clima, temi etici. Mentre Leo lavora in finanza e ha un progetto per i giovani ai quali si rivolgono molte iniziative della Fondazione, nata nel 2010 con la volont\u00e0 di trasformare in azione concreta l\u2019eredit\u00e0 umana e professionale di Mike. Con l\u2019Orto allegria per esempio facciamo lavorare i disabili della zona di Arona, portiamo il gioco della Ruota nelle universit\u00e0: in molti atenei ci sono aule dedicate a Mike, anche allo Iulm. E si rivolge ai giovani anche il nuovo progetto professionale di nostro figlio Leonardo: con fondi americani, sta costruendo  studentati con sale in comune, spazio gym, che avranno una tessera a punti di merito: chi avr\u00e0 pi\u00f9 punti avr\u00e0 il soggiorno in omaggio con la Fondazione Mike. Uno aprir\u00e0 a Roma Tor Vergata a fine 2026, uno in viale Certosa a Milano\u00bb.<\/p>\n<p>    La vita<\/p>\n<p class=\"chapter-paragraph\">Michael Nicholas Salvatore Bongiorno, detto Mike, nasce a New York il 26 maggio 1924. Ancora bambino, si trasferisce a Torino con la madre a causa della separazione dei genitori e della crisi del 1929. Dopo la Seconda Guerra Mondiale torna a New York e inizia a fare il giornalista. Negli anni 50 rientra in Italia e avvia la carriera di conduttore. Si sposa tre volte e dall\u2019ultimo matrimonio con Daniela Zuccoli nascono tre figli: Michele Pietro Filippo, Nicol\u00f2 e Leonardo. Nel 2009 Bongiorno muore improvvisamente a 85 anni<br \/><b>I successi <\/b><br \/>Mike Bongiorno ha inaugurato le emissioni Rai nel 1954 con il programma Arrivi e partenze. Lascer\u00e0 la tv di Stato nel 1982 per passare a Fininvest (Mediaset) dove rimarr\u00e0 fino al 2008. \u00c8 soprannominato il \u201cre dei quiz\u201d per aver condotto diversi giochi a premi, tra cui Lascia o raddoppia?, Rischiatutto, Scommettiamo? Telemike e La ruota della fortuna. Ma la sua figura \u00e8 legata anche al Festival di Sanremo: con 11 edizioni (5 consecutive) \u00e8 la persona con pi\u00f9 conduzioni dopo Pippo Baudo<\/p>\n<p class=\"is-last-update\" datetime=\"2026-09-01T15:46:29+02:00\">6 settembre 2026<\/p>\n<p class=\"is-copyright\">\n            \u00a9 RIPRODUZIONE RISERVATA\n        <\/p>\n","protected":false},"excerpt":{"rendered":"di Enrica Roddolo La moglie del presentatore tv ricorda quell\u20198 settembre 2009: \u00abAveva fatto colazione, acceso il sigaro&hellip;\n","protected":false},"author":3,"featured_media":667921,"comment_status":"","ping_status":"","sticky":false,"template":"","format":"standard","meta":{"footnotes":"","_share_on_mastodon":"0"},"categories":[1451],"tags":[2032,536,1266,4008,2201,41478,114659,5802,5471,368056,368057,2436,20911,2484,368053,817,368058,58257,1621,1620,34009,262,5163,393,3020,368059,368060,6036,44109,368061,14839,25,5082,203,10899,1909,5632,2731,2716,205568,27064,14920,2611,228,368062,7100,368054,2753,1598,77,11056,204,1537,90,89,4104,12606,6775,5122,18494,707,9060,1949,368063,368064,3602,14827,27110,28,30144,1229,964,632,368055,17358,368065,6707,11040,11041,368066,62410,368067,368068,28075,690,4979,368069,368070,3485,31680,332,32107,13121,2848,9452,1922,11339,7229,9143,407,16640,253,16860],"class_list":["post-667920","post","type-post","status-publish","format-standard","has-post-thumbnail","category-celebrita","tag-america","tag-americano","tag-amici","tag-amico","tag-appena","tag-ariston","tag-arona","tag-banda","tag-bella","tag-bella-prendi","tag-bella-prendi-sole","tag-berlusconi","tag-blindati","tag-bongiorno","tag-bongiorno-mike","tag-camera","tag-camera-trovai","tag-cappella","tag-celebrita","tag-celebrities","tag-ceneri","tag-colazione","tag-compleanno","tag-comune","tag-corsi","tag-corsi-camera","tag-corsi-camera-trovai","tag-cuore","tag-daniela","tag-daniela-bongiorno","tag-diceva","tag-discorso","tag-duomo","tag-entertainment","tag-eredita","tag-famiglia","tag-fazio","tag-figli","tag-figlio","tag-figlio-leo","tag-fiorello","tag-fondazione","tag-fortuna","tag-foto","tag-foto-luce","tag-furto","tag-furto-salma","tag-genitori","tag-giovani","tag-guerra","tag-incontrato","tag-intrattenimento","tag-it","tag-italia","tag-italy","tag-lago","tag-leo","tag-leonardo","tag-londra","tag-luce","tag-maggio","tag-mediaset","tag-michael","tag-michael-nicholas","tag-michael-nicholas-salvatore","tag-michele","tag-mike","tag-mike-bongiorno","tag-milano","tag-mito","tag-moglie","tag-morte","tag-mostra","tag-mostra-mike","tag-muri","tag-muri-blindati","tag-nata","tag-new","tag-new-york","tag-new-york-maggio","tag-nicholas","tag-nicholas-salvatore","tag-nicholas-salvatore-bongiorno","tag-nicolo","tag-papa","tag-parole","tag-parole-furto","tag-parole-furto-salma","tag-passare","tag-pippo","tag-politico","tag-poltrona","tag-popolare","tag-rai","tag-ricorda","tag-ricordo","tag-ruota","tag-salma","tag-sanremo","tag-settembre","tag-silvio","tag-tv","tag-york"],"share_on_mastodon":{"url":"","error":"Validation failed: Text character limit of 500 exceeded"},"_links":{"self":[{"href":"https:\/\/www.europesays.com\/it\/wp-json\/wp\/v2\/posts\/667920","targetHints":{"allow":["GET"]}}],"collection":[{"href":"https:\/\/www.europesays.com\/it\/wp-json\/wp\/v2\/posts"}],"about":[{"href":"https:\/\/www.europesays.com\/it\/wp-json\/wp\/v2\/types\/post"}],"author":[{"embeddable":true,"href":"https:\/\/www.europesays.com\/it\/wp-json\/wp\/v2\/users\/3"}],"replies":[{"embeddable":true,"href":"https:\/\/www.europesays.com\/it\/wp-json\/wp\/v2\/comments?post=667920"}],"version-history":[{"count":0,"href":"https:\/\/www.europesays.com\/it\/wp-json\/wp\/v2\/posts\/667920\/revisions"}],"wp:featuredmedia":[{"embeddable":true,"href":"https:\/\/www.europesays.com\/it\/wp-json\/wp\/v2\/media\/667921"}],"wp:attachment":[{"href":"https:\/\/www.europesays.com\/it\/wp-json\/wp\/v2\/media?parent=667920"}],"wp:term":[{"taxonomy":"category","embeddable":true,"href":"https:\/\/www.europesays.com\/it\/wp-json\/wp\/v2\/categories?post=667920"},{"taxonomy":"post_tag","embeddable":true,"href":"https:\/\/www.europesays.com\/it\/wp-json\/wp\/v2\/tags?post=667920"}],"curies":[{"name":"wp","href":"https:\/\/api.w.org\/{rel}","templated":true}]}}