{"id":668088,"date":"2026-09-06T15:02:15","date_gmt":"2026-09-06T15:02:15","guid":{"rendered":"https:\/\/www.europesays.com\/it\/668088\/"},"modified":"2026-09-06T15:02:15","modified_gmt":"2026-09-06T15:02:15","slug":"daniele-silvestri-in-concerto-a-polignano-a-mare","status":"publish","type":"post","link":"https:\/\/www.europesays.com\/it\/668088\/","title":{"rendered":"Daniele Silvestri in concerto a Polignano a Mare"},"content":{"rendered":"<p>Prosegue all\u2019insegna della musica e della memoria di Modugno <strong>Tra Domenico Modugno e la canzone d\u2019autore<\/strong>, il nuovo appuntamento di <strong>Polignano a Mare Citt\u00e0 della Musica<\/strong>, segmento principale del progetto culturale realizzato in collaborazione con Regione Puglia e Puglia Culture.\u00a0La manifestazione\u00a0oggi, domenica 6 settembre, prevede una serata dedicata al cantautorato italiano contemporaneo che vedr\u00e0 sul palco <strong>Daniele Silvestri, Frankie hi-nrg mc, Marco Castello <\/strong>e <strong>Anna Castiglia<\/strong>. La chiusura \u00e8 affidata a luned\u00ec 7 settembre ad <strong>Al cinema con Modugno<\/strong>, giornata realizzata in collaborazione con il Centro Sperimentale di Cinematografia \u2013 Cineteca Nazionale, tra proiezioni e approfondimenti dedicati al rapporto tra Modugno e il cinema. Dopo il soundcheck, nell&#8217;ennesima splendida giornata che Polignano a mare, ha offerto, ho chiacchierato con <strong>Daniele Silvestri<\/strong>.<\/p>\n<p><strong>Daniele partiamo da Polignano: cosa ha rappresentato, nel tuo percorso artistico Domenico Modugno e in cosa consiste oggi la sua modernit\u00e0?<\/strong><br \/>La cosa che mi ha sempre entusiasmato di Domenico Modugno \u00e8 che non ho mai conosciuto una persona con una tale forza, forza che si manifestava in tante sfaccettature diverse, a partire dal suo modo di suonare la chitarra, popolare ma con radici profonde che ricordavano tanto la chitarra battente calabrese quanto la tammorra; e poi la teatralit\u00e0 espressiva che rappresenta pure il suo modo di pronunciare le parole che lo ha reso unico. Tanti mondi diversi hanno attraversato la sua carriera e anche da delicato c\u2019era una forza speciale.<\/p>\n<p><strong>Col progetto Canzoni a sdraio (Live in studio) hai dimostrato che nonostante le richieste, spesso impositive, della discografia contemporanea \u00e8 ancora possibile mettere al centro scrittura e interpretazione: ti senti un cantautore resistente?<\/strong><br \/>Quasi pi\u00f9 resiliente, non \u00e8 una battaglia. Stando in una nicchietta mi \u00e8 concesso di portare avanti certi progetti in quando le major non puntavano su di me per un grosso fatturato, e se \u00e8 capitato \u00e8 stato quasi casualmente come per Salir\u00f2. Sono stato anche fortunato a trovare persone illuminate che mi hanno sostenuto. Oggi \u00e8 pi\u00f9 anomalo per la massificazione aumentata ma se hai uno sguardo attento cose sorprendenti ce ne sono.<\/p>\n<p><strong>Una cosa che mi ha colpito delle tu canzoni a sdraio \u00e8 il fattore casualit\u00e0: con Davide Savarese e Marco Santoro non avevate intenzione di arrivare a un disco eppure i pianeti dell\u2019arte si sono allineati. Nonostante gli algoritmi la musica resta un fattore umano?<\/strong><br \/>Cerchiamo di farlo restare umano, ci provo perch\u00e9 mi d\u00e0 soddisfazione se \u00e8 l\u2019arte che comanda e non il contratto. Va inseguita la fortuna di fare scelte legate quello artisticamente accade.<\/p>\n<p><strong>Sana e Robusta Costituzione\u00a0\u00e8 il solo inedito ed \u00e8 un brano socialmente forte: Giorgio Gaber ironizzava con Io Non Mi sento italiano, tu oggi che pensi di questa Italia?<\/strong><\/p>\n<p>Ogni tanto la faccio in concerto il brano di Gaber, mi fa strano ma mi dico che \u00e8 complementare alla mia canzone. Il sentimento qui mi interessa poco e mai ci ho molto creduto. E\u2019 importante che ci sia qualcosa di pi\u00f9 alto dell\u2019individuo, la collettivit\u00e0 che si d\u00e0 limiti e obiettivi dovrebbe tendere a elevarsi. La Costituzione lo ha dimostrato. In quello sento l\u2019orgoglio di sentirmi italiano. Questo accade grazie alla Costituzione e succede anche per una realt\u00e0 come Emergency e in quel caso mi sento orgoglioso di essere italiano.<\/p>\n<p><strong>Ascoltando il disco c\u2019\u00e8 la sensazione di un qualcosa di fanciullesco, una gioia bella e fresca di fermare non solo le canzoni ma anche i momenti di condivisione: \u00e8 cos\u00ec che avete collaborato?<\/strong><br \/>Un po\u2019 si, per il terzo anno sono insieme a Davide e Marco con le nostre armi da per giocare, armi giocattolo sia chiaro, e abbiamo giocato con la fantasia. Abbiamo messo a nudo un\u2019anima, ci piaceva suonare senza imposizioni seguendo una scelta che \u00e8 ricaduta in terreni che ti ripotano all\u2019essenza; dunque, musica senza impalcature intorno essendo suonata e registrata in diretta.<\/p>\n<p><strong>Quale \u00e8 oggi quella paura che ancora combatti e di cui parli ne L\u2019Uomo Intero? Un uomo che sapeva \u201csoprattutto sorridere\u201d?<\/strong><br \/>Descrivo una figura esterna a me e dopo parecchio tempo ho capito che era dedicata a mio padre: ho sempre riconosciuto che pur essendo io un uomo non schiacciato da ansie e paure, seppure fingo di esserlo nella canzone, lui era l\u2019antidoto, aveva la capacit\u00e0 di sorridere quando non \u00e8 scontato e sapeva viaggiare \u00a0con la fantasia.<\/p>\n<p><strong>L\u2019Ultimo Bicchiere, che \u00e8 nell\u2019album Acrobati, racconta uno spaesamento, quasi un volere anestetizzare la realt\u00e0: c\u2019\u00e8 il desiderio di non dover rimpiangere niente. Quando ti volti indietro qualche rimpianto ti sale? In Via col Vento canti \u201cdevo stare pi\u00f9 attento, non illudermi mai perch\u00e9 spesso il rimpianto torna quando sembra vinto ormai\u201d.<\/strong><br \/>Torna perch\u00e9 qualcuno lo ho, niente di clamoroso e che mi schiacci, che se dovessi fare un bilancio possa pensarlo negativo. Non per merito ma per fortuna sono poche le cose che rimpiango, sono di pi\u00f9 quelle di cui mi sorprendo in una vita fatti di incontri e di esperienze. Parlo di quello vedo e che ha il potere di modificare il sentire e lo stare nel mondo di una persona.<\/p>\n<p><strong>Nel 2027 compie vent\u2019anni un album per te molto importante, Il Latitante: conteneva La Paranza, A Me ricordi il Mare, Ninetta Nanna tra le altre. Lo ristamperai? Gli dedicherai uno spazio speciale nei tuoi live?<br \/><\/strong>Secondo me no, mi sembrano sempre un po\u2019 pretestuose le celebrazioni delle ricorrenze. Mi \u00e8 sembrato gi\u00e0 troppo quando ho festeggiato i miei trent\u2019anni di carriera con altrettanti concerti a Roma Lo leggo come un pretesto, una scusa e poi con i tanti dischi che ho fatto quasi ogni hanno ci sarebbe una ricorrenza.<\/p>\n<p><strong>La chiusura del tour sar\u00e0 ai Suoni delle Dolomiti il prossimo 3 ottobre: poi cosa accadr\u00e0?<\/strong><br \/>Torno in studio in forma libera. Sono in un momento di prescrittura, prendo appunti e mi appunto ideuzze senza una definizione n\u00e9 una data; l\u2019idea del disco nuovo c\u2019\u00e8 ma non la do per scontata. Poi ci sono situazioni che possono essere nuove ma al momento non anticipo nulla.<\/p>\n<p>\t\t\t<a class=\"c-inline-card j-inline-card c-inline-card--with-image\" href=\"https:\/\/tg24.sky.it\/spettacolo\/musica\/2026\/09\/04\/gaia-gentile-meraviglioso-modugno\" rel=\"follow nofollow noopener\" data-intcmp=\"skytg24_articolo_approfondimenti_inline\" target=\"_blank\"><\/p>\n<p>\t\t\t         <img decoding=\"async\" crossorigin=\"anonymous\" alt=\"\"  loading=\"lazy\"  src=\"https:\/\/www.europesays.com\/it\/wp-content\/uploads\/2026\/09\/gaia_gentile.PNG\"\/><\/p>\n<p>\n\t\t\t         Approfondimento<br \/>\n\t\t\t         Gaia Gentile: \u201cSono la fata dei boschi e combatto civilt\u00e0 omologata&#8221;\n\t\t\t      <\/p>\n<p>\t\t\t<\/a><\/p>\n","protected":false},"excerpt":{"rendered":"Prosegue all\u2019insegna della musica e della memoria di Modugno Tra Domenico Modugno e la canzone d\u2019autore, il nuovo&hellip;\n","protected":false},"author":3,"featured_media":668089,"comment_status":"","ping_status":"","sticky":false,"template":"","format":"standard","meta":{"footnotes":"","_share_on_mastodon":"0"},"categories":[1443],"tags":[188711,203,204,1537,90,89,1538,1539],"class_list":["post-668088","post","type-post","status-publish","format-standard","has-post-thumbnail","category-musica","tag-daniele-silvestri","tag-entertainment","tag-intrattenimento","tag-it","tag-italia","tag-italy","tag-music","tag-musica"],"share_on_mastodon":{"url":"https:\/\/pubeurope.com\/@it\/117224705980965865","error":""},"_links":{"self":[{"href":"https:\/\/www.europesays.com\/it\/wp-json\/wp\/v2\/posts\/668088","targetHints":{"allow":["GET"]}}],"collection":[{"href":"https:\/\/www.europesays.com\/it\/wp-json\/wp\/v2\/posts"}],"about":[{"href":"https:\/\/www.europesays.com\/it\/wp-json\/wp\/v2\/types\/post"}],"author":[{"embeddable":true,"href":"https:\/\/www.europesays.com\/it\/wp-json\/wp\/v2\/users\/3"}],"replies":[{"embeddable":true,"href":"https:\/\/www.europesays.com\/it\/wp-json\/wp\/v2\/comments?post=668088"}],"version-history":[{"count":0,"href":"https:\/\/www.europesays.com\/it\/wp-json\/wp\/v2\/posts\/668088\/revisions"}],"wp:featuredmedia":[{"embeddable":true,"href":"https:\/\/www.europesays.com\/it\/wp-json\/wp\/v2\/media\/668089"}],"wp:attachment":[{"href":"https:\/\/www.europesays.com\/it\/wp-json\/wp\/v2\/media?parent=668088"}],"wp:term":[{"taxonomy":"category","embeddable":true,"href":"https:\/\/www.europesays.com\/it\/wp-json\/wp\/v2\/categories?post=668088"},{"taxonomy":"post_tag","embeddable":true,"href":"https:\/\/www.europesays.com\/it\/wp-json\/wp\/v2\/tags?post=668088"}],"curies":[{"name":"wp","href":"https:\/\/api.w.org\/{rel}","templated":true}]}}