{"id":668090,"date":"2026-09-06T15:03:11","date_gmt":"2026-09-06T15:03:11","guid":{"rendered":"https:\/\/www.europesays.com\/it\/668090\/"},"modified":"2026-09-06T15:03:11","modified_gmt":"2026-09-06T15:03:11","slug":"bandidos-e-balentes-2-la-resa-dei-conti-ecco-il-trailer","status":"publish","type":"post","link":"https:\/\/www.europesays.com\/it\/668090\/","title":{"rendered":"Bandidos e Balentes 2 \u201cLa resa dei conti\u201d: ecco il trailer"},"content":{"rendered":"<p><strong>Olbia. <\/strong>Svelato il trailer del film<strong> <\/strong>Bandidos e Balentes 2 &#8220;La resa dei conti&#8221; della Nuragica Film Production.<\/p>\n<p>A raccontare il sequel del primo e pluripremiato film c&#8217;\u00e8 Fabio Manuel Mulas regista per passione e professione: &#8220;il film racconta un conflitto tra i Bandidos, che impongono le regole, e le Balentes, giovani che sfidano le convenzioni e difendono i propri valori. La storia si sviluppa dagli anni &#8217;70 fino agli anni del 90 ed esplora la tensione tra tradizione e modernit\u00e0 e il superamento dello stereotipo della bandizione in Sardegna. La narrazione si basa su fatti reali e include scene drammatiche come rivolte ed evasione dal carcere dell&#8217;Asinara&#8221;.<\/p>\n<p><strong>&#8220;<\/strong>Il film partir\u00e0 a ottobre alla berlinale alle selezioni del secondo festival pi\u00f9 importante al mondo , poi attendiamo l&#8217;esito e da gennaio sar\u00e0 in tutti i cinema d&#8217;Europa<\/p>\n<p><strong>\u00c8<\/strong> <strong>soddisfatto del lavoro svolto?<\/strong><\/p>\n<p>&#8220;Moltissimo, si tratta di un lavoro studiato per 3 anni, messo in pratica in 1 anno e mezzo, abbiamo girato in 5 super carceri dall&#8217;Asinara al 41 bis di Bancali fino ad approdare a San Sebastiano e Mamone per poi terminare nella corte d&#8217;assise di Sassari con Caterina Murino nel ruolo del pubblico ministero. Il film \u00e8 \u00a0realizzato con la partecipazione straordinaria della fondazione autismo di Sassari Lorenzo Paolo Medas ets per le scene di balentia e bullismo&#8221;.<\/p>\n<p>Di grande rilievo la figura della direttrice del carcere impersonata da Rosa Mazzone, qualche mese fa la maestra di tennis di Olbia era stata intervistata dalla nostra testata <a title=\"leggi qui\" href=\"https:\/\/www.olbia.it\/..\/..\/olbia-rosa-mazzone-dal-tennis-al-cinema\" rel=\"nofollow noopener\" target=\"_blank\">leggi qui <\/a><\/p>\n<p><strong>Cosa si nasconde dietro questa passione e questa determinazione?\u00a0<\/strong><\/p>\n<p>Lo faccio per loro, per i giovani attori che si sono messi in gioco, che sono bravissimi e se lo meritano. Mulas non ha dubbi: &#8220;ragazzi di grande talento che vanno valorizzati, io faccio il mio e voglio che gli altri seguano l&#8217;esempio, perch\u00e9 la Sardegna non \u00e8 seconda a nessuno nemmeno nel cinema mondiale. Basta crederci. Per me \u00e8 una passione, e vedere questi ragazzi sognare con me mi da ancora pi\u00f9 forza per fare sempre meglio e di pi\u00f9, \u00a0perch\u00e9 sono tutte persone comuni, io scelgo la naturalezza e la spontaneit\u00e0 nei miei film. Peccato che le istituzioni sarde non si accorgano di questo valore, perch\u00e9 la Sardegna ha un grande potenziale nel cinema&#8221;.\u00a0<\/p>\n<p><strong>Concludiamo l&#8217;articolo presentando i protagonisti di questo secondo film:\u00a0<\/strong><\/p>\n<p>Bandidos e Balentes 2 &#8221; la resa dei conti &#8221; racconta il ritorno della Vendetta delle due Fazioni del film precedente, con nuovi protagonisti e un nuovo cast.<\/p>\n<p>Il primo protagonista, Giuseppe Tanda di Benetutti che ricopre il ruolo di Assile, fratellastro di Bobore Piras interpretato da \u00a0Salvatore Sanna di Bonorva, protagonista del primo episodio, scappato dopo la sanguinosa faida insieme alla madre in Belgio. \u00a0<\/p>\n<p>Il secondo Protagonista \u00e8 Giovanni Antonio (Brancazzu) di Thiesi che ricopre il ruolo di Temperinu fratello di Maluentu che nel primo film era impersonato da \u00a0Giuseppe Garippa di Oliena\u00a0<\/p>\n<p>A questi si unisce la Banda dei Bandidos formata da:<\/p>\n<p>Luigi Fiori (Matzone) di Torralba<\/p>\n<p>Ottavio Bulla \u00a0(Astore) di Bono<\/p>\n<p>Giuseppe Piras (Pirizolu) di Ittiri<\/p>\n<p>Mattia Serra (Murena) di Talana<\/p>\n<p>Marco Pilia (Ranzu) di San Vito<\/p>\n<p>Antonello Catgiu (Sonajolu) di Orgosolo\u00a0<\/p>\n<p>Stiven Okoro (Biondo) di Oschiri<\/p>\n<p>Raffaele Marceddu (Boele) di Fonni<\/p>\n<p>Cosimo Demontis (Zigarru) di Lula\u00a0<\/p>\n<p>Livio Mudulu (Iscuru) di Padru<\/p>\n<p>Giovanni Farris ( Zuanne) di Buddus\u00f3<\/p>\n<p>La fazione delle Balentes\u00a0<\/p>\n<p>Serena Serra (Sa Rejina) di Urzulei<\/p>\n<p>Giannella Chisu (Maria Tanda) di Orosei<\/p>\n<p>Raffaela Masia (Marina) di Bonnanaro<\/p>\n<p>Mariapaola Masia (Elodia) di Bonnanaro\u00a0<\/p>\n<p>Francesca Leoni (Filomena) di Al\u00e0 dei Sardi.\u00a0<\/p>\n<p>Il film \u00e8 diretto da Fabio Manuel Mulas, dalla sua Nuragica Film Production in collaborazione con la NB2 Studios di Olbia.\u00a0<br \/>Musiche e Effetti Sonori sono di Daniele Barbato Boe. Direttori della Fotografia Livio Mudulu e Gabriele Careddu della NB2. Studios Montaggio: Fabio Manuel Mulas, Livio Mudulu, Gabriele Careddu. Abiti e Costumi : Sartorie Tramas di Paola Forma e Claudio Citzia . Lingua Originale : Sardo parlato in 50 varianti della Lingua Sarda e Sottotitolato in Italiano e Inglese.<br \/>Il Cast: \u00c8 formato principalmente da attori non professionisti, con la partecipazione straordinaria di Caterina Murino. Localit\u00e0: \u00e8 stato girato in vari luoghi della Sardegna in 36 comuni , tra cui l&#8217;Asinara, la Barbagia di Ollolai, la foresta di Burgos ,Lula, Orgosolo, Thiesi, Bono, Benetutti, Ittiri, Orosei, Talana \u00a0e altri paesi. &#8220;Un film &#8211; come dice lo stesso Mulas &#8211; 100% sardo&#8221;.<\/p>\n<p>\u00a0<\/p>\n","protected":false},"excerpt":{"rendered":"Olbia. Svelato il trailer del film Bandidos e Balentes 2 &#8220;La resa dei conti&#8221; della Nuragica Film Production.&hellip;\n","protected":false},"author":3,"featured_media":668091,"comment_status":"","ping_status":"","sticky":false,"template":"","format":"standard","meta":{"footnotes":"","_share_on_mastodon":"0"},"categories":[1442],"tags":[6753,368127,368123,203,368124,454,204,1537,90,89,1521,368128,368125,368126,3954,368129,47986],"class_list":["post-668090","post","type-post","status-publish","format-standard","has-post-thumbnail","category-film","tag-anteprima","tag-ala-dei-sardi","tag-banditismo-e-balente","tag-entertainment","tag-fabio-manuel-mulas","tag-film","tag-intrattenimento","tag-it","tag-italia","tag-italy","tag-movies","tag-oschiri","tag-padru","tag-rosa-mazzone","tag-sardegna","tag-sequel-premio","tag-trailer"],"share_on_mastodon":{"url":"https:\/\/pubeurope.com\/@it\/117224709059047053","error":""},"_links":{"self":[{"href":"https:\/\/www.europesays.com\/it\/wp-json\/wp\/v2\/posts\/668090","targetHints":{"allow":["GET"]}}],"collection":[{"href":"https:\/\/www.europesays.com\/it\/wp-json\/wp\/v2\/posts"}],"about":[{"href":"https:\/\/www.europesays.com\/it\/wp-json\/wp\/v2\/types\/post"}],"author":[{"embeddable":true,"href":"https:\/\/www.europesays.com\/it\/wp-json\/wp\/v2\/users\/3"}],"replies":[{"embeddable":true,"href":"https:\/\/www.europesays.com\/it\/wp-json\/wp\/v2\/comments?post=668090"}],"version-history":[{"count":0,"href":"https:\/\/www.europesays.com\/it\/wp-json\/wp\/v2\/posts\/668090\/revisions"}],"wp:featuredmedia":[{"embeddable":true,"href":"https:\/\/www.europesays.com\/it\/wp-json\/wp\/v2\/media\/668091"}],"wp:attachment":[{"href":"https:\/\/www.europesays.com\/it\/wp-json\/wp\/v2\/media?parent=668090"}],"wp:term":[{"taxonomy":"category","embeddable":true,"href":"https:\/\/www.europesays.com\/it\/wp-json\/wp\/v2\/categories?post=668090"},{"taxonomy":"post_tag","embeddable":true,"href":"https:\/\/www.europesays.com\/it\/wp-json\/wp\/v2\/tags?post=668090"}],"curies":[{"name":"wp","href":"https:\/\/api.w.org\/{rel}","templated":true}]}}