{"id":668120,"date":"2026-09-06T15:26:20","date_gmt":"2026-09-06T15:26:20","guid":{"rendered":"https:\/\/www.europesays.com\/it\/668120\/"},"modified":"2026-09-06T15:26:20","modified_gmt":"2026-09-06T15:26:20","slug":"tiziano-vecellio-la-statua-torna-a-dominare-la-piazza-ma-il-restauro-non-convince-tutti","status":"publish","type":"post","link":"https:\/\/www.europesays.com\/it\/668120\/","title":{"rendered":"Tiziano Vecellio, la statua torna a dominare la piazza ma il restauro non convince tutti"},"content":{"rendered":"<p><a href=\"https:\/\/www.ilgazzettino.it\/t\/pieve-di-cadore\" rel=\"nofollow noopener\" target=\"_blank\">PIEVE DI CADORE<\/a> (BELLUNO) &#8211; Al suo pi\u00f9 famoso &#8220;figlio&#8221;, Pieve di Cadore ha dedicato la piazza principale del paese e una statua in bronzo che dal piedistallo la domina dal 1880 quando venne inaugurata. Ieri l&#8217;opera che celebra <a href=\"https:\/\/www.ilgazzettino.it\/t\/tiziano-vecellio\" rel=\"nofollow noopener\" target=\"_blank\">Tiziano Vecellio<\/a> \u00e8 stata inaugurata nuovamente dopo il <a href=\"https:\/\/www.ilgazzettino.it\/t\/restauro\" rel=\"nofollow noopener\" target=\"_blank\">restauro<\/a> che, nel corso dell&#8217;estate, \u00e8 stato affidato ad Anna Collarin restauratrice di Belluno specializzata in manufatti in metallo.<br \/>E&#8217; stata l&#8217;ennesima giornata di celebrazioni nel 450esimo anniversario dalla morte dell&#8217;artista, il 27 agosto 1576, che nacque a pochi metri dal centro di Pieve prima di prendere il largo per Venezia e diventare pittore ricercato dalle corti reali di tutta Europa, tra la fine del &#8216;400 e l&#8217;inizio del &#8216;500. Per ricordarlo i cadorini affidarono allo scultore veneziano Antonio Dal Zotto la realizzazione del monumento.<\/p>\n<p>    &#13;<\/p>\n<p>APPROFONDIMENTI<\/p>\n<p>&#13;<\/p>\n<p>                            &#13;<br \/>\n                                            &#13;<br \/>\n                            <a href=\"https:\/\/www.ilgazzettino.it\/nordest\/belluno\/tiziano_vecellio_statua_restauro_pieve-9744752.html\" rel=\"nofollow noopener\" target=\"_blank\">&#13;<br \/>\n                                                                <img decoding=\"async\" src=\"https:\/\/www.europesays.com\/it\/wp-content\/uploads\/2026\/09\/1788708379_34_9744752_05120430_tiziano_vecellio_statua_restauro_pieve.jpg\"\/>&#13;<br \/>\n                            <\/a>&#13;<br \/>\n                        &#13;<br \/>\n                                        &#13;<\/p>\n<p>                            &#13;<br \/>\n                                            &#13;<br \/>\n                            <a href=\"https:\/\/www.ilgazzettino.it\/nordest\/belluno\/statua_tiziano_ritorna_paese-9726206.html\" rel=\"nofollow noopener\" target=\"_blank\">&#13;<br \/>\n                                                                <img decoding=\"async\" src=\"https:\/\/www.europesays.com\/it\/wp-content\/uploads\/2026\/09\/9726206_26110435_foto_statua.jpg\"\/>&#13;<br \/>\n                            <\/a>&#13;<br \/>\n                        &#13;<br \/>\n                                        &#13;<\/p>\n<p>        &#13;<\/p>\n<p>Botta e risposta <\/p>\n<p>Tolte le impalcature, il volto maestoso continua a scrutare il paese, in mano la tavolozza per i cuoi celebri colori e i pennelli, \u00ablo vollero tutti i cadorini e noi come Comune &#8211; assicura la sindaca di Pieve Sindi Manushi &#8211; sentiamo la responsabilit\u00e0 del bene che andava restaurato prima che si formassero dei buchi nel bronzo come \u00e8 capitato al Gattamelata\u00bb.<\/p>\n<p>Quale miglior occasione per un restauro che per\u00f2 non accontenta tutti, \u00abtroppo scuro ora rispetto a prima\u00bb il commento, con gli anni il colore del monumento cambier\u00e0 ancora\u00bb assicura Manushi che tranquillizza gli insoddisfatti e comunque, \u00abnelle pieghe del vestito si pu\u00f2 ancora scorgere il vecchio colore, i lavori sono stati seguiti dalla Soprintendenza che \u00e8 salita pi\u00f9 volte a visitare il cantiere\u00bb. Di fatto il progetto era stato approvato dalla stessa, con parere favorevole preventivamente, ed \u00e8 stato seguito passo passo dai lavori, \u00abandava tolta l&#8217;ossidazione che avrebbe continuato a corrodere il metallo portando la statua a condizioni peggiori\u00bb precisa la Sindaca di Pieve.<\/p>\n<p>Per lasciare ai posteri la documentazione dell&#8217;intervento di restauro l&#8217;amministrazione comunale progetta una pubblicazione da concretizzare il prossimo anno mentre a breve affider\u00e0 l&#8217;incarico per il progetto per la nuova illuminazione; luci a led che facciano risaltare meglio la statua rispetto all&#8217;attuale che rende pi\u00f9 visibile il piedistallo. Dopo la presentazione del restauro, in auditorium Cosmo, e prima del brindisi finale nel gran caff\u00e8 Tiziano, il taglio del nastro in piazza, cos\u00ec come era stato 146 anni fa ma senza la folla di quel giorno. L&#8217;operazione restauro \u00e8 possibile anche grazie al contributo di 75.000 euro concesso dallo sponsor CortinaBanca, Credito Cooperativo Societ\u00e0 Cooperativa di Cortina d&#8217;Ampezzo.<\/p>\n<p>La casa e le mostre <\/p>\n<p>La sindaca Sindi Manishi ha pi\u00f9 volte sottolineato l&#8217;importanza dell&#8217;azione sinergica per restaurare quello che resta &#8220;il simbolo stesso del Cadore&#8221;. Il monumento bronzeo a Tiziano di Antonio Dal Zotto misura 285 centimetri e poggia su un basamento ottagonale in pietra costruito da Agostino Capellari. Tiziano nacque a pochi metri dalla piazza di Pieve, in quella casa che \u00e8 monumento nazionale e che recentemente \u00e8 stata restaurata per renderla accessibile a tutti; una dimora storica che conserva il fascino dei tempi passati dove anche ieri \u00e8 stato incessante il via vai di visitatori che l&#8217;hanno ammirata, tappa fondamentale per conoscere l&#8217;artista le cui opere, ben tre, sono esposte nel palazzo della Magnifica Comunit\u00e0 di Cadore fino al 18 ottobre.<br \/>Il successo delle iniziative programmate per celebrare l&#8217;artista, \u00e8 testimoniato dalle migliaia di visitatori della mostra &#8220;Tiziano e il paesaggio&#8221;, quella di Josah Gilbert con i paesaggi cadorini nei suoi acquerelli in Casa natale e le altre numerose proposte artistiche e culturali.<\/p>\n","protected":false},"excerpt":{"rendered":"PIEVE DI CADORE (BELLUNO) &#8211; Al suo pi\u00f9 famoso &#8220;figlio&#8221;, Pieve di Cadore ha dedicato la piazza principale&hellip;\n","protected":false},"author":3,"featured_media":668121,"comment_status":"","ping_status":"","sticky":false,"template":"","format":"standard","meta":{"footnotes":"","_share_on_mastodon":"0"},"categories":[1446],"tags":[1615,1613,1614,1611,1610,1612,203,204,1537,90,89,356416,38149,356417],"class_list":["post-668120","post","type-post","status-publish","format-standard","has-post-thumbnail","category-arte-e-design","tag-arte","tag-arte-e-design","tag-arteedesign","tag-arts","tag-arts-and-design","tag-design","tag-entertainment","tag-intrattenimento","tag-it","tag-italia","tag-italy","tag-pieve-di-cadore","tag-restauro","tag-tiziano-vecellio"],"share_on_mastodon":{"url":"https:\/\/pubeurope.com\/@it\/117224800377446871","error":""},"_links":{"self":[{"href":"https:\/\/www.europesays.com\/it\/wp-json\/wp\/v2\/posts\/668120","targetHints":{"allow":["GET"]}}],"collection":[{"href":"https:\/\/www.europesays.com\/it\/wp-json\/wp\/v2\/posts"}],"about":[{"href":"https:\/\/www.europesays.com\/it\/wp-json\/wp\/v2\/types\/post"}],"author":[{"embeddable":true,"href":"https:\/\/www.europesays.com\/it\/wp-json\/wp\/v2\/users\/3"}],"replies":[{"embeddable":true,"href":"https:\/\/www.europesays.com\/it\/wp-json\/wp\/v2\/comments?post=668120"}],"version-history":[{"count":0,"href":"https:\/\/www.europesays.com\/it\/wp-json\/wp\/v2\/posts\/668120\/revisions"}],"wp:featuredmedia":[{"embeddable":true,"href":"https:\/\/www.europesays.com\/it\/wp-json\/wp\/v2\/media\/668121"}],"wp:attachment":[{"href":"https:\/\/www.europesays.com\/it\/wp-json\/wp\/v2\/media?parent=668120"}],"wp:term":[{"taxonomy":"category","embeddable":true,"href":"https:\/\/www.europesays.com\/it\/wp-json\/wp\/v2\/categories?post=668120"},{"taxonomy":"post_tag","embeddable":true,"href":"https:\/\/www.europesays.com\/it\/wp-json\/wp\/v2\/tags?post=668120"}],"curies":[{"name":"wp","href":"https:\/\/api.w.org\/{rel}","templated":true}]}}