{"id":668124,"date":"2026-09-06T15:29:22","date_gmt":"2026-09-06T15:29:22","guid":{"rendered":"https:\/\/www.europesays.com\/it\/668124\/"},"modified":"2026-09-06T15:29:22","modified_gmt":"2026-09-06T15:29:22","slug":"laura-pausini-noi-donne-spesso-nemiche-di-noi-stesse-kimi-antonelli-mi-emoziona-il-suo-talento","status":"publish","type":"post","link":"https:\/\/www.europesays.com\/it\/668124\/","title":{"rendered":"Laura Pausini: \u201cNoi donne spesso nemiche di noi stesse.\u00a0Kimi Antonelli? Mi emoziona il suo talento\u201d"},"content":{"rendered":"<p><strong>Laura Pausini<\/strong> festegger\u00e0 nel 2027 trentaquattro anni di carriera. Dalla sua prima volta all\u2019Ariston, nel 1993, niente \u00e8 rimasto uguale, tutto \u00e8 cambiato. Solo nel 2026 la cantante romagnola si \u00e8 esibita sui pi\u00f9 grandi palchi al mondo: dalla cerimonia di apertura delle Olimpiadi Milano-Cortina alla finale dei Mondiali di calcio negli Stati Uniti. Oggi sar\u00e0 il turno di un \u201critorno a casa\u201d. Sulla pista del Tempio della Velocit\u00e0 di Monza, Laura Pausini si esibir\u00e0 nella cosiddetta Grid Gig, un breve concerto pre-partenza in diretta mondiale, per poi concludere cantando l\u2019Inno d\u2019Italia. L\u2019abbiamo incontrata poco prima di salire sul palco per chiederle per chi far\u00e0 il tifo oggi (spoiler: spera di incontrare Kimi Antonelli ma tifa Ferrari), che rapporto ha a 52 anni con la sua immagine e perch\u00e9 l\u2019alleanza tra donne le sta cos\u00ec a cuore.<\/p>\n<p><b>Emozionata?<\/b><\/p>\n<p>\u201cS\u00ec, sono contenta di essere qui. \u00c8 la prima volta che canto in un evento del genere, anche se sono gi\u00e0 venuta qualche anno fa, proprio qui a Monza, a vedere un Gran Premio. Quando ero pi\u00f9 piccola e avevo pi\u00f9 tempo, seguivo molto la Formula 1. Ayrton Senna \u00e8 sempre stato il mio preferito. Poi sono amica di alcuni piloti, in particolare Rubens Barrichello e Felipe Massa. Sono anche andata a casa loro in Brasile\u201d.<\/p>\n<p><b>E tra quelli di oggi, chi le piace?<\/b><\/p>\n<p>\u201cPersonalmente non ho ancora conosciuto nessuno, ma spero in questa occasione di poter conoscere Kimi Antonelli. Quando ci sono ragazzi cos\u00ec giovani con un talento cos\u00ec grande, rimango sempre molto affascinata. Mi emoziono, perch\u00e9 mi ricordo il mio di inizio. Poi, chiaramente, io tifo Ferrari, per cui non potrei non nominare Charles Leclerc e Lewis Hamilton\u201d.<\/p>\n<p><b>Musica e Formula 1: cos\u2019hanno in comune?<\/b><\/p>\n<p>\u201cNel motorsport ci vuole un livello di concentrazione che non sono mai riuscita a spiegarmi. Mi sono sempre chiesta, per esempio, se il rumore del pubblico non desse fastidio ai piloti. Quando ho parlato con alcuni di loro, invece, mi hanno spiegato che, anche se non possono sentirlo perch\u00e9 ovviamente il rombo del motore \u00e8 pi\u00f9 forte, sapere che c&#8217;\u00e8 qualcuno l\u00ec per loro li carica. \u00c8 come per noi cantanti: \u00e8 la nostra adrenalina. Alla fine, si assomigliano come emozioni\u201d.<\/p>\n<p><b>Quest\u2019anno ha cantato alle Olimpiadi di Milano-Cortina e anche alla finale dei Mondiali di calcio. Cosa si prova ad esibirsi davanti a un pubblico cos\u00ec grande, che non \u00e8 esattamente il suo?<\/b><\/p>\n<p>\u201cI primi anni, quando partecipavo a eventi che non fossero un mio concerto e quindi con un pubblico che non sapevo se mi avrebbe accolto con affetto o meno, ero molto impaurita. Oggi \u00e8 diverso. Nel 2027 saranno 34 anni di carriera e, specialmente negli ultimi eventi sportivi in cui mi sono esibita \u2013 dalle Olimpiadi ai Mondiali \u2013 ho ricevuto un amore incredibile da un pubblico enorme. E poi quando partecipo a questo tipo di celebrazioni sportive mi sento pi\u00f9 simile alle persone che sono sedute a guardarlo rispetto a quelle che sono sul loro palcoscenico\u201d.<\/p>\n<p>    <a href=\"https:\/\/www.europesays.com\/it\/wp-content\/uploads\/2026\/09\/120728865-d38d4d10-ab99-4897-ab7f-b7b7e9f0a027.jpg\" data-lightbox=\"\" data-pswp-src=\"https:\/\/www.europesays.com\/it\/wp-content\/uploads\/2026\/09\/120728865-d38d4d10-ab99-4897-ab7f-b7b7e9f0a027.jpg?webp\" data-pswp-width=\"800\" data-pswp-height=\"533\"><\/p>\n<p>        <img decoding=\"async\" src=\"https:\/\/www.europesays.com\/it\/wp-content\/uploads\/2026\/09\/120728865-d38d4d10-ab99-4897-ab7f-b7b7e9f0a027.jpg\" width=\"800\" height=\"533\" alt=\"media_alt\" loading=\"lazy\"\/><\/p>\n<p>    <\/a><\/p>\n<p><b>Ha spesso usato la musica per schierarsi per i diritti di tutti. Che cosa la spinge a prendere posizione a costo delle critiche?<\/b><\/p>\n<p>\u201cAl giorno d&#8217;oggi sentirsi liberi di esprimere un&#8217;opinione \u00e8 praticamente impossibile e ti fa sentire sempre intrappolata sotto il giudizio altrui. Spesso ti chiedi se ne valga la pena. Eppure, ci sono dei temi che, secondo me, sono pi\u00f9 importanti della risposta a queste domande e vanno al di l\u00e0 delle critiche che puoi ricevere. Quelli che riguardano i bambini e le donne, ma anche le persone anziane e malate, per me sono intoccabili. Non mi interessa se poi vengo criticata. Da quando sono giovane, prima ancora di fare questo mestiere, sono legata a certe associazioni, anche piccole. Andare a conoscere le donne che magari vivono in un centro di accoglienza per vittime di violenza con i loro figli, sapere chi sono, vedere che gli sforzi che vengono fatti grazie all\u2019impegno delle persone si traducono in qualcosa di concreto, per me vale ben oltre qualsiasi premio Grammy. Nessuno me lo chiede, mi viene spontaneo. Forse perch\u00e9 i miei genitori mi hanno abituata fin da piccola. Vedere che le cose possono davvero cambiare poi, \u00e8 qualcosa che una persona del segno del Toro come me non si pu\u00f2 permettere di perdere\u201d.<\/p>\n<p><b>A Paola Cortellesi, che sulla violenza di genere ci ha fatto un film straordinario, \u00e8 legata da un\u2019amicizia profonda. Ma sono molte le donne e artiste con cui ha lavorato negli anni. Che ruolo ha l\u2019alleanza femminile nella sua vita?<\/b><\/p>\n<p>\u201cPenso che sia stata una delle mie pi\u00f9 grandi ispirazioni e noto che, mentre passano gli anni, la cosa non cambia. Fin da quando andavo a scuola, tutte le persone che avevano un&#8217;influenza su di me erano donne, da Frida Kahlo alle tantissime artiste nel mondo della musica e non solo. Quello che vedo, purtroppo, \u00e8 che spesso siamo proprio noi donne le prime nemiche di noi stesse. Predichiamo bene e razzoliamo male, insomma. Nel mondo della musica in Italia per\u00f2, ho notato che le cose sono migliorate molto rispetto a com\u2019erano una volta\u201d. <\/p>\n<p><b>Non sempre succede.<\/b><\/p>\n<p>\u201c\u00c8 vero, ma quando succedo nascono delle cose importanti. Tra l\u2019altro, finalmente \u00e8 stata spezzata anche una serie di tab\u00f9 femminili. Ad esempio, quando ero pi\u00f9 giovane, nell\u2019industria musicale le artiste dopo i quarant\u2019anni non venivano molto sostenute, n\u00e9 dai discografici n\u00e9 dal pubblico. Oggi, se ci si pensa, i nomi pi\u00f9 importanti del panorama non sono pi\u00f9 solamente ragazze giovani. Questo per me \u00e8 un insegnamento fondamentale: vuol dire spronare la nuova generazione a pensare pi\u00f9 a lungo termine. Sono sempre stata abituata, da giovanissima, a sentirmi dire: \u2018Facciamo tutto subito perch\u00e9 quando avrai quarant&#8217;anni poi\u2019. Ecco, sono contentissima di poter dire che questa cosa non \u00e8 successa\u201d.<\/p>\n<p><b>E invece, con la sua immagine, che rapporto ha? \u00c8 cambiato con il tempo?<\/b><\/p>\n<p>\u201cFin da bambina sono sempre stata pi\u00f9 \u2018mascolina\u2019: mi sono sporcata le mani, mi sono buttata nelle cose. Dall\u2019altra parte, per\u00f2, ho avuto in casa una figura femminile importante, che \u00e8 mia mamma, molto fine, raffinata, riservata. Quando da piccola andavo sul palcoscenico per fare piano bar con mio padre, non voleva che salissi sul palco con jeans e maglietta. Mi diceva: \u2018Il pubblico viene a vedere te, devi portare rispetto anche con il look\u2019. Ovviamente non avevo i soldi per comprarmi cose speciali o andare dal parrucchiere, non avevo un truccatore, quindi mi arrangiavo come potevo\u201d.<\/p>\n<p><b>E poi?<\/b><\/p>\n<p>\u201cDurante gli anni della scuola d\u2019arte, i miei professori mi dicevano di osare un po&#8217; di pi\u00f9, di non aver paura. Allora ho cominciato a tagliare magliette, a fare esperimenti di questo genere. Tra i 18 e i 28 anni, all\u2019inizio della mia carriera, invece non ho molto amato il mio corpo. Stavo con una persona che mi diceva che ero brutta fisicamente e, di conseguenza, ci credevo e mi coprivo molto. Negli anni seguenti grazie al mio lavoro ho imparato tanto, noi italiani abbiamo il grande privilegio di vivere in una terra legata alla moda e chi fa il mio mestiere ha magari avuto l&#8217;occasione di conoscere grandi nomi come il signor Armani o, negli ultimi anni per me, Pierpaolo Piccioli. Mi hanno dato dei suggerimenti. Certo, resta che la mattina, se mi sveglio e mi gira in un modo, mi vesto comunque come voglio\u201d.<\/p>\n<p>    <a href=\"https:\/\/www.europesays.com\/it\/wp-content\/uploads\/2026\/09\/120716098-841ca9a4-94cb-43a3-8f97-a78455f1db4b.jpg\" data-lightbox=\"\" data-pswp-src=\"https:\/\/www.europesays.com\/it\/wp-content\/uploads\/2026\/09\/120716098-841ca9a4-94cb-43a3-8f97-a78455f1db4b.jpg?webp\" data-pswp-width=\"800\" data-pswp-height=\"533\"><\/p>\n<p>        <img decoding=\"async\" src=\"https:\/\/www.europesays.com\/it\/wp-content\/uploads\/2026\/09\/120716098-841ca9a4-94cb-43a3-8f97-a78455f1db4b.jpg\" width=\"800\" height=\"533\" alt=\"media_alt\" loading=\"lazy\"\/><\/p>\n<p>    <\/a><\/p>\n<p><b>La sua fama la precede, non solo in Italia, ma in tutto il mondo. Le capita mai di desiderare una vita lontano dai riflettori?<\/b><\/p>\n<p>\u201cMi succede di pi\u00f9 pensando a mia figlia. Anche se vedo che per lei, che \u00e8 nata quando gi\u00e0 viaggiavo parecchio, \u00e8 tutto normale. \u00c8 molto pi\u00f9 indipendente, si mette da sempre a confronto con tantissime persone e questo credo le abbia permesso di formarsi un\u2019idea di s\u00e9 e, probabilmente, le abbia dato anche la forza di credere in s\u00e9 stessa. Per\u00f2 a volte penso a come sarebbe una vita lontano dai riflettori pi\u00f9 per lei, perch\u00e9 capita che sacrifichiamo dei viaggi o dei semplici pomeriggi, anche solo al cinema, perch\u00e9 passeremmo il tempo a fare foto o autografi. Sai, mi \u00e8 capitata una vita che non avevo sognato e, quando \u00e8 arrivata, sarei stata una deficiente, proprio in senso letterale di deficere &#8211; che mi sarebbe mancato qualcosa &#8211; a non prenderla al volo. Ho lavorato tanto per far s\u00ec che io potessi dimostrare a questa vita che me la meritavo davvero e oggi non ho nessuna intenzione di perdere tutto lo sforzo, lo studio, il tempo che ho tolto a me stessa e ho dato al mio lavoro, che \u00e8 la mia passione. Perch\u00e9 non sempre mi sono presa tanta cura di me, per\u00f2, ecco, continuo a pensare che devo andare avanti. Sempre, come un treno. Non mollo\u201d.<\/p>\n","protected":false},"excerpt":{"rendered":"Laura Pausini festegger\u00e0 nel 2027 trentaquattro anni di carriera. Dalla sua prima volta all\u2019Ariston, nel 1993, niente \u00e8&hellip;\n","protected":false},"author":3,"featured_media":668125,"comment_status":"","ping_status":"","sticky":false,"template":"","format":"standard","meta":{"footnotes":"","_share_on_mastodon":"0"},"categories":[1443],"tags":[203,204,1537,90,89,1538,1539],"class_list":["post-668124","post","type-post","status-publish","format-standard","has-post-thumbnail","category-musica","tag-entertainment","tag-intrattenimento","tag-it","tag-italia","tag-italy","tag-music","tag-musica"],"share_on_mastodon":{"url":"https:\/\/pubeurope.com\/@it\/117224812664585977","error":""},"_links":{"self":[{"href":"https:\/\/www.europesays.com\/it\/wp-json\/wp\/v2\/posts\/668124","targetHints":{"allow":["GET"]}}],"collection":[{"href":"https:\/\/www.europesays.com\/it\/wp-json\/wp\/v2\/posts"}],"about":[{"href":"https:\/\/www.europesays.com\/it\/wp-json\/wp\/v2\/types\/post"}],"author":[{"embeddable":true,"href":"https:\/\/www.europesays.com\/it\/wp-json\/wp\/v2\/users\/3"}],"replies":[{"embeddable":true,"href":"https:\/\/www.europesays.com\/it\/wp-json\/wp\/v2\/comments?post=668124"}],"version-history":[{"count":0,"href":"https:\/\/www.europesays.com\/it\/wp-json\/wp\/v2\/posts\/668124\/revisions"}],"wp:featuredmedia":[{"embeddable":true,"href":"https:\/\/www.europesays.com\/it\/wp-json\/wp\/v2\/media\/668125"}],"wp:attachment":[{"href":"https:\/\/www.europesays.com\/it\/wp-json\/wp\/v2\/media?parent=668124"}],"wp:term":[{"taxonomy":"category","embeddable":true,"href":"https:\/\/www.europesays.com\/it\/wp-json\/wp\/v2\/categories?post=668124"},{"taxonomy":"post_tag","embeddable":true,"href":"https:\/\/www.europesays.com\/it\/wp-json\/wp\/v2\/tags?post=668124"}],"curies":[{"name":"wp","href":"https:\/\/api.w.org\/{rel}","templated":true}]}}