{"id":668126,"date":"2026-09-06T15:30:21","date_gmt":"2026-09-06T15:30:21","guid":{"rendered":"https:\/\/www.europesays.com\/it\/668126\/"},"modified":"2026-09-06T15:30:21","modified_gmt":"2026-09-06T15:30:21","slug":"primetime-la-recensione-del-film-con-robert-pattinson-che-poteva-essere-migliore","status":"publish","type":"post","link":"https:\/\/www.europesays.com\/it\/668126\/","title":{"rendered":"Primetime: la recensione del film con Robert Pattinson, che poteva essere migliore"},"content":{"rendered":"<p data-journey-content=\"true\" data-node-id=\"3\" class=\"css-1ood0zq emevuu60\"><strong data-node-id=\"3.0.0\">Primetime <\/strong>non \u00e8 soltanto la parola inglese per &#8220;prima serata&#8221;. \u00c8 qualcosa che ti <strong data-node-id=\"3.2\">definisce<\/strong>, dice agli altri chi sei. Ne \u00e8 convinto il conduttore televisivo <strong data-node-id=\"3.4\">Chris Hansen<\/strong>. Non \u00e8 una questione di soldi, non \u00e8 una questione di visibilit\u00e0. Quando si presenta, Hansen pu\u00f2 dire il suo nome, il suo cognome e anche il nome del suo programma TV, che va in onda in prima serata&#8230; addirittura in contemporanea con la <a href=\"https:\/\/www.esquire.com\/it\/cultura\/tv\/a63090206\/serie-tv-vedere\/\" target=\"_blank\" data-vars-ga-outbound-link=\"https:\/\/www.esquire.com\/it\/cultura\/tv\/a63090206\/serie-tv-vedere\/\" data-vars-ga-ux-element=\"Hyperlink\" data-vars-ga-call-to-action=\"serie televisiva\" data-node-id=\"3.6\" class=\"body-link css-1nd6fub emevuu60\" rel=\"nofollow noopener\">serie televisiva<\/a> Lost! Primetime \u00e8 anche il titolo di un <strong data-node-id=\"3.12\">film <\/strong>con <strong data-node-id=\"3.14\">Robert Pattinson <\/strong>in concorso all&#8217;ottantatreesima edizione della Mostra del cinema di Venezia. \u00c8 la vera storia di <strong data-node-id=\"3.16.0\">To Catch a Predator<\/strong>, un <strong data-node-id=\"3.18\">programma TV <\/strong>andato in onda dal 2004 al 2007 sull&#8217;emittente americana NBC. Nel film, Hansen (Pattinson) e il suo team adescano, con l&#8217;aiuto di un ragazzo che sembra pi\u00f9 piccolo della sua vera et\u00e0, uomini alla ricerca di rapporti sessuali con minorenni. Si parte con le chat e si arriva eventualmente alle telefonate. Tutto viene ricordato e annotato. Poi viene dato al predatore sessuale un appuntamento. Il predatore pensa che si tratti di un appuntamento per fare sesso, in realt\u00e0 entrer\u00e0 in una casa piena di telecamere, dove lo sorprenderanno Hansen e la polizia.  <\/p>\n<p><img draggable=\"true\" alt=\"silhouetted person standing in rain with dimly lit background.\" title=\"silhouetted person standing in rain with dimly lit background.\" loading=\"lazy\" width=\"1200\" height=\"675\" decoding=\"async\" data-nimg=\"1\" style=\"color:transparent;width:100%;height:auto;\"   src=\"https:\/\/www.europesays.com\/it\/wp-content\/uploads\/2026\/09\/04a47293-3cf6-4d31-9e07-41d1706751b8.jpg\" class=\"css-0 e1ddfba50\"\/><a target=\"_blank\" rel=\"noopener nofollow\" data-theme-key=\"base-link\" href=\"https:\/\/pinterest.com\/pin\/create\/button\/?url=https:\/\/www.esquire.com\/it\/cultura\/film\/a73624651\/primetime-recensione-pattinson\/&amp;description=&amp;media=https:\/\/hips.hearstapps.com\/hmg-prod\/images\/04a47293-3cf6-4d31-9e07-41d1706751b8.jpg?resize=1600:*\" class=\"pinterest css-on9hn5 e1socmtw0\"><img decoding=\"async\" data-dynamic-svg=\"true\" src=\"https:\/\/www.esquire.com\/_assets\/design-tokens\/fre\/static\/icons\/social\/pinterest.e8cf655.svg?primary=%2523ffffff\" loading=\"lazy\" data-testid=\"dynamic-svg-base\" height=\"auto\" width=\"auto\" alt=\"pinterest\" class=\"css-4lml0h e1mlxuuw1\"\/><\/a><\/p>\n<p>a24<\/p>\n<p data-journey-content=\"true\" data-node-id=\"10\" class=\"css-1ood0zq emevuu60\">To Catch a Predator \u00e8 un format televisivo controverso, e non serve un intero film per comprendere come traesse successo dal desiderio di <strong data-node-id=\"10.2\">cieco giustizialismo <\/strong>degli spettatori. Come <a href=\"https:\/\/www.esquire.com\/it\/cultura\/film\/a73591253\/ink-recensione\/\" target=\"_blank\" data-vars-ga-outbound-link=\"https:\/\/www.esquire.com\/it\/cultura\/film\/a73591253\/ink-recensione\/\" data-vars-ga-ux-element=\"Hyperlink\" data-vars-ga-call-to-action=\"INK\" data-node-id=\"10.4.0\" class=\"body-link css-1nd6fub emevuu60\" rel=\"nofollow noopener\"><strong data-node-id=\"10.4.0.0\">INK<\/strong><\/a>, <a href=\"https:\/\/www.esquire.com\/it\/cultura\/film\/a73592130\/ink-film-apertura-venezia\/\" target=\"_blank\" data-vars-ga-outbound-link=\"https:\/\/www.esquire.com\/it\/cultura\/film\/a73592130\/ink-film-apertura-venezia\/\" data-vars-ga-ux-element=\"Hyperlink\" data-vars-ga-call-to-action=\"proiettato\" data-node-id=\"10.6\" class=\"body-link css-1nd6fub emevuu60\" rel=\"nofollow noopener\">proiettato<\/a> in apertura al Festival, anche Primetime racconta la storia di individui senza scrupoli che fanno fortuna cavalcando gli istinti peggiori del pubblico. Siamo quindi a due tentativi di individuare, nel passato, un momento esemplare, cio\u00e8 un momento che aiuti a capire i meccanismi che definiscono il nostro presente. La frase pi\u00f9 bella e attuale di INK (&#8220;non hai inventato nulla, sei solo il primo che non si preoccupa delle conseguenze&#8221;) potrebbe riferirsi sia ai leader delle forze populiste, sia al direttore di The Sun Larry Lamb, sia al conduttore di To Catch a Predator Chris Hansen, tutti accomunati dalla spregiudicatezza, dall&#8217;ambizione e dalla mancanza del senso della misura. Con To Catch a Predator c&#8217;\u00e8 una sfumatura in pi\u00f9: riguarda due tipi di <strong data-node-id=\"10.18\">predatori<\/strong>. I pedofili e quelli che, i pedofili, se li mangiano in onda a vantaggio dello spettacolo. La stessa logica di competizione accanita, spietata, potremmo dire <strong data-node-id=\"10.20\">mortale<\/strong>, come si addice appunto ai predatori, esiste internamente al mondo dello showbusiness, prende la forma della caccia alle professionalit\u00e0 migliori, del tentativo di riscattare la mancanza di prestigio, la marginalit\u00e0 negli ambienti intellettuali, con un record esagerato di ascolti. Essere in prima serata significa anche trovarsi in cima alla catena alimentare.<\/p>\n<p>Primetime, un film con lo stile A24<\/p>\n<p data-journey-content=\"true\" data-node-id=\"15\" class=\"css-1ood0zq emevuu60\">Essendo un film distribuito dalla casa di produzione e distribuzione pi\u00f9 cool del pianeta, quella che prende il nome da un&#8217;autostrada italiana, e si chiama infatti A24, Primetime non solo \u00e8 un film <strong data-node-id=\"15.3\">stilizzatissmo<\/strong>, ma anche molto <strong data-node-id=\"15.5\">in linea <\/strong>con alcune <strong data-node-id=\"15.7\">tendenze estetiche<\/strong>. Nell&#8217;era della retromania, e mentre internet annulla le differenze temporali consentendo accesso immediato al materiale di ogni epoca e tempo, si fa ricerca estetica la riscoperta <a href=\"https:\/\/www.esquire.com\/it\/cultura\/film\/a31132500\/film-anni-80-migliori\/\" target=\"_blank\" data-vars-ga-outbound-link=\"https:\/\/www.esquire.com\/it\/cultura\/film\/a31132500\/film-anni-80-migliori\/\" data-vars-ga-ux-element=\"Hyperlink\" data-vars-ga-call-to-action=\"degli anni Ottanta\" data-node-id=\"15.9\" class=\"body-link css-1nd6fub emevuu60\" rel=\"nofollow noopener\">degli anni Ottanta<\/a>, poi Novanta, adesso Duemila. L&#8217;occasione era troppo buona per non dare a questa storia ambientata nel <strong data-node-id=\"15.11\">2006 <\/strong>una grana low-fi, da telecamere a circuito chiuso, una patina da programma TV andato in onda in quegli anni ma un po&#8217; amatoriale, un po&#8217; reality show con partecipanti che non sanno di esserlo. Immaginate un film figurativamente costruito su Scherzi a parte, che per\u00f2 riesce a rendere molto pi\u00f9 accattivanti quel tipo di immagini. <\/p>\n<p data-journey-content=\"true\" data-node-id=\"20\" class=\"css-1ood0zq emevuu60\">Fin qui tutto bene, ma se nel cast c&#8217;\u00e8 una star <a href=\"https:\/\/www.esquire.com\/it\/cultura\/film\/a71938462\/odissea-nolan-recensione\/\" target=\"_blank\" data-vars-ga-outbound-link=\"https:\/\/www.esquire.com\/it\/cultura\/film\/a71938462\/odissea-nolan-recensione\/\" data-vars-ga-ux-element=\"Hyperlink\" data-vars-ga-call-to-action=\"pi\u00f9 grossa\" data-node-id=\"20.1\" class=\"body-link css-1nd6fub emevuu60\" rel=\"nofollow noopener\">pi\u00f9 grossa<\/a> dello stesso film, allora si ha sempre l&#8217;impressione che il film le sia stato costruito intorno. Un premio <a href=\"https:\/\/www.esquire.com\/it\/cultura\/film\/a73241475\/mostra-del-cinema-di-venezia-2026-programma\/\" target=\"_blank\" data-vars-ga-outbound-link=\"https:\/\/www.esquire.com\/it\/cultura\/film\/a73241475\/mostra-del-cinema-di-venezia-2026-programma\/\" data-vars-ga-ux-element=\"Hyperlink\" data-vars-ga-call-to-action=\"a Venezia\" data-node-id=\"20.3\" class=\"body-link css-1nd6fub emevuu60\" rel=\"nofollow noopener\">a Venezia<\/a> sarebbe un lancio importante per Pattinson, che a quel punto potrebbe puntare a una nomination ai Golden Globe e poi agli Oscar, ma la sua interpretazione non \u00e8 davvero niente di eccezionale, e anzi viene messa in ombra da quella di Merritt Wever, molto pi\u00f9 brava nei panni della producer, un personaggio secondario. Primo lungometraggio di finzione del trentenne Lance Oppenheim, scritto da Ajon Singh, Primetime gira in tondo per molto molto tempo, con continue sottolineature della natura immorale dei contenuti mandati in onda, prima di prendere la direzione che lo porter\u00e0 alla catarsi finale, che non casca molto lontano dal solito &#8220;non si sono proprio regolati&#8221;, solo pi\u00f9 gridato. Peccato, la carne al fuoco sarebbe stata tanta.<\/p>\n<p>SCONTI AMAZON SULL&#8217;ELETTRONICA<a target=\"_blank\" rel=\"nofollow noopener\" data-theme-key=\"product-image-wrapper\" href=\"https:\/\/www.amazon.it\/dp\/B0DSWFHTL2?tag=a-esquire-21\" aria-label=\"448\u00a0\u20ac su Amazon per Smartphone Pixel 9a\" data-href=\"https:\/\/www.amazon.it\/dp\/B0DSWFHTL2\" data-product-url=\"https:\/\/www.amazon.it\/dp\/B0DSWFHTL2\" data-affiliate=\"true\" data-affiliate-url=\"https:\/\/www.amazon.it\/dp\/B0DSWFHTL2?tag=a-esquire-21\" data-affiliate-network=\"{&quot;site_id&quot;:&quot;ea4bb407-ec21-446a-a75b-8fc7d58bc376&quot;,&quot;metadata&quot;:{&quot;links&quot;:{&quot;default&quot;:&quot;https:\/\/www.amazon.it\/dp\/B0DSWFHTL2?tag=a-esquire-21&quot;}},&quot;network&quot;:{&quot;name&quot;:&quot;Amazon&quot;}}\" data-fp-affiliate-inline-link=\"true\" data-fp-affiliate-button-link=\"false\" data-vars-ga-call-to-action=\"448\u00a0\u20ac su Amazon\" data-vars-ga-media-role=\"1\" data-vars-ga-media-type=\"Embedded Gallery List\" data-vars-ga-outbound-link=\"https:\/\/www.amazon.it\/dp\/B0DSWFHTL2\" data-vars-ga-product-brand=\"Google\" data-vars-ga-product-id=\"730e3f90-6e5b-4cec-8668-f633da52f5e2\" data-vars-ga-product-price=\"448,10\u00a0\u20ac\" data-vars-ga-product-retailer-id=\"6431e5bb-78a0-4565-96ba-d028b58d46de\" data-vars-ga-product-sem3-brand=\"Google\" data-vars-ga-product-sem3-category=\"Cellulari e Smartphone\" data-vars-ga-gallery-display=\"list\" data-vars-ga-link-treatment=\"(not set) | (not set)\" data-vars-ga-sku=\"B0DSWFHTL2\" data-vars-ga-magento-tracking=\"1\" class=\"product-image-link ebgq4gw7 e12px3ys0 css-g6od0w e1socmtw0\"><img  alt=\"Smartphone Pixel 9a\" title=\"Smartphone Pixel 9a\" data-fp-product-image=\"true\" datafptag=\"data-fp-product-image\" src=\"https:\/\/www.europesays.com\/it\/wp-content\/uploads\/2026\/09\/1788708618_51_1751631475-71sRswGFD6L.jpg\" width=\"2500\" height=\"2500\" decoding=\"async\" loading=\"lazy\"\/><\/a>Google Smartphone Pixel 9aCredit: Courtesy photo<\/p>\n<p>Smartphone con sistema operativo Android 15 e processore Snapdragon con velocit\u00e0 3,1 GHz. Memoria RAM installata da 8 GB, capacit\u00e0 128 GB. La batteria pu\u00f2 durare pi\u00f9 di 24 ore, fino a 100 ore con Risparmio Energetico Estremo.<\/p>\n<p><a target=\"_blank\" rel=\"nofollow noopener\" data-theme-key=\"product-image-wrapper\" href=\"https:\/\/www.amazon.it\/dp\/B0FGPCMP5D?tag=a-esquire-21\" aria-label=\"70\u00a0\u20ac su Amazon per Tablet 10.1 pollici Android 15\" data-href=\"https:\/\/www.amazon.it\/dp\/B0FGPCMP5D\" data-product-url=\"https:\/\/www.amazon.it\/dp\/B0FGPCMP5D\" data-affiliate=\"true\" data-affiliate-url=\"https:\/\/www.amazon.it\/dp\/B0FGPCMP5D?tag=a-esquire-21\" data-affiliate-network=\"{&quot;site_id&quot;:&quot;ea4bb407-ec21-446a-a75b-8fc7d58bc376&quot;,&quot;metadata&quot;:{&quot;links&quot;:{&quot;default&quot;:&quot;https:\/\/www.amazon.it\/dp\/B0FGPCMP5D?tag=a-esquire-21&quot;}},&quot;network&quot;:{&quot;name&quot;:&quot;Amazon&quot;}}\" data-fp-affiliate-inline-link=\"true\" data-fp-affiliate-button-link=\"false\" data-vars-ga-call-to-action=\"70\u00a0\u20ac su Amazon\" data-vars-ga-media-role=\"1\" data-vars-ga-media-type=\"Embedded Gallery List\" data-vars-ga-outbound-link=\"https:\/\/www.amazon.it\/dp\/B0FGPCMP5D\" data-vars-ga-product-brand=\"Laptok\" data-vars-ga-product-id=\"d84e1923-cb3b-4514-8d9c-1495bd630ad0\" data-vars-ga-product-price=\"69,99\u00a0\u20ac\" data-vars-ga-product-retailer-id=\"3830f612-d389-452e-92cc-ba3a7efd789d\" data-vars-ga-product-sem3-brand=\"Laptok\" data-vars-ga-product-sem3-category=\"Tablet PC\" data-vars-ga-gallery-display=\"list\" data-vars-ga-link-treatment=\"sale | (not set)\" data-vars-ga-sku=\"B0FGPCMP5D\" data-vars-ga-magento-tracking=\"1\" class=\"product-image-link ebgq4gw7 e12px3ys0 css-g6od0w e1socmtw0\"><img  alt=\"Tablet 10.1 pollici Android 15\" title=\"Tablet 10.1 pollici Android 15\" data-fp-product-image=\"true\" datafptag=\"data-fp-product-image\" src=\"https:\/\/www.europesays.com\/it\/wp-content\/uploads\/2026\/09\/1788708619_329_1771587004-71T6DW2s7vL.jpg\" width=\"1600\" height=\"1600\" decoding=\"async\" loading=\"lazy\"\/><\/a>Laptok Tablet 10.1 pollici Android 15<\/p>\n<p>Ora in sconto del 22%<\/p>\n<p>Credit: Courtesy photo<\/p>\n<p>Tablet 10&#8221;, memoria 16GB e 32GB di spazio interno (espandibile). Sistema operativo Android 15 e processore quad-core Cortex-A53 e single-core Cortex-A73. Schermo IPS, HD. Fotocamera frontale 5MP e posteriore 8MP. Batteria 5000mAh, CPU a basso consumo energetico.<\/p>\n<p><a target=\"_blank\" rel=\"nofollow noopener\" data-theme-key=\"product-image-wrapper\" href=\"https:\/\/www.amazon.it\/dp\/B0DZDF1BKR?tag=a-esquire-21\" aria-label=\"1149\u00a0\u20ac su Amazon per MacBook Air 13&#039;&#039;\" data-href=\"https:\/\/www.amazon.it\/dp\/B0DZDF1BKR\" data-product-url=\"https:\/\/www.amazon.it\/dp\/B0DZDF1BKR\" data-affiliate=\"true\" data-affiliate-url=\"https:\/\/www.amazon.it\/dp\/B0DZDF1BKR?tag=a-esquire-21\" data-affiliate-network=\"{&quot;site_id&quot;:&quot;ea4bb407-ec21-446a-a75b-8fc7d58bc376&quot;,&quot;metadata&quot;:{&quot;links&quot;:{&quot;default&quot;:&quot;https:\/\/www.amazon.it\/dp\/B0DZDF1BKR?tag=a-esquire-21&quot;}},&quot;network&quot;:{&quot;name&quot;:&quot;Amazon&quot;}}\" data-fp-affiliate-inline-link=\"true\" data-fp-affiliate-button-link=\"false\" data-vars-ga-call-to-action=\"1149\u00a0\u20ac su Amazon\" data-vars-ga-media-role=\"1\" data-vars-ga-media-type=\"Embedded Gallery List\" data-vars-ga-outbound-link=\"https:\/\/www.amazon.it\/dp\/B0DZDF1BKR\" data-vars-ga-product-brand=\"Apple\" data-vars-ga-product-id=\"e57f9bbd-3c1b-4d9a-b340-aed2da22b6e2\" data-vars-ga-product-price=\"1149,00\u00a0\u20ac\" data-vars-ga-product-retailer-id=\"8397e01e-b7d9-4aa2-8819-2e0a993f945b\" data-vars-ga-product-sem3-brand=\"Apple\" data-vars-ga-product-sem3-category=\"Notebook tradizionali\" data-vars-ga-gallery-display=\"list\" data-vars-ga-link-treatment=\"(not set) | (not set)\" data-vars-ga-sku=\"B0DZDF1BKR\" data-vars-ga-magento-tracking=\"1\" class=\"product-image-link ebgq4gw7 e12px3ys0 css-g6od0w e1socmtw0\"><img  alt=\"MacBook Air 13''\" title=\"MacBook Air 13''\" data-fp-product-image=\"true\" datafptag=\"data-fp-product-image\" src=\"https:\/\/www.europesays.com\/it\/wp-content\/uploads\/2026\/09\/1788708620_623_1741342670-71ZdDLeldzL.jpg\" width=\"2560\" height=\"2560\" decoding=\"async\" loading=\"lazy\"\/><\/a>Apple MacBook Air 13&#8221;Credit: Courtesy photo<\/p>\n<p>Portatile con design dalle dimensioni ultraridotte, con chip M4 (2025) progettato per Apple Intelligence, iperleggero ed extraveloce. Display Liquid Retina da 13,6&#8221;. 16GB di memoria unificata e 256GB di archiviazione SSD. Touch ID e batteria che dura fino a 18 ore. Videocamera 12MP Center Stage, tre microfoni e quattro altoparlanti con audio spaziale.<\/p>\n<p><a target=\"_blank\" rel=\"nofollow noopener\" data-theme-key=\"product-image-wrapper\" href=\"https:\/\/www.amazon.it\/dp\/B0F457M449?tag=a-esquire-21\" aria-label=\"159\u00a0\u20ac su Amazon per Smart TV F Pro 32\" data-href=\"https:\/\/www.amazon.it\/dp\/B0F457M449\" data-product-url=\"https:\/\/www.amazon.it\/dp\/B0F457M449\" data-affiliate=\"true\" data-affiliate-url=\"https:\/\/www.amazon.it\/dp\/B0F457M449?tag=a-esquire-21\" data-affiliate-network=\"{&quot;site_id&quot;:&quot;ea4bb407-ec21-446a-a75b-8fc7d58bc376&quot;,&quot;metadata&quot;:{&quot;links&quot;:{&quot;default&quot;:&quot;https:\/\/www.amazon.it\/dp\/B0F457M449?tag=a-esquire-21&quot;}},&quot;network&quot;:{&quot;name&quot;:&quot;Amazon&quot;}}\" data-fp-affiliate-inline-link=\"true\" data-fp-affiliate-button-link=\"false\" data-vars-ga-call-to-action=\"159\u00a0\u20ac su Amazon\" data-vars-ga-media-role=\"1\" data-vars-ga-media-type=\"Embedded Gallery List\" data-vars-ga-outbound-link=\"https:\/\/www.amazon.it\/dp\/B0F457M449\" data-vars-ga-product-brand=\"XIAOMI\" data-vars-ga-product-id=\"0768ab0e-7c67-41bc-aadb-c3eb5f37064f\" data-vars-ga-product-price=\"159,00\u00a0\u20ac\" data-vars-ga-product-retailer-id=\"bccf358c-65fe-4691-b74e-a7bba9d53dca\" data-vars-ga-product-sem3-brand=\"XIAOMI\" data-vars-ga-product-sem3-category=\"Televisori\" data-vars-ga-gallery-display=\"list\" data-vars-ga-link-treatment=\"sale | (not set)\" data-vars-ga-sku=\"B0F457M449\" data-vars-ga-magento-tracking=\"1\" class=\"product-image-link ebgq4gw7 e12px3ys0 css-g6od0w e1socmtw0\"><img  alt=\"Smart TV F Pro 32\" title=\"Smart TV F Pro 32\" data-fp-product-image=\"true\" datafptag=\"data-fp-product-image\" src=\"https:\/\/www.europesays.com\/it\/wp-content\/uploads\/2026\/09\/1788708621_516_1771588373-61WyC6La91L.jpg\" width=\"1000\" height=\"1000\" decoding=\"async\" loading=\"lazy\"\/><\/a>XIAOMI Smart TV F Pro 32<\/p>\n<p>Ora in sconto del 11%<\/p>\n<p>Credit: Courtesy photo<\/p>\n<p>Schermo 32&#8221;, con tecnologia QLED Quantum Dot per colori vivaci, contrasti intensi e una nitidezza straordinaria con oltre un miliardo di colori realistici. Suono cinematografico con Dolby Audio. Controllo Vocale Alexa, compatibile con Apple AirPlay. Triple Tuner DVB-C\/S\/S2\/T\/T2, DTS Virtual:X, DTS-HD.<\/p>\n<p><img src=\"https:\/\/www.europesays.com\/it\/wp-content\/uploads\/2026\/09\/1788708621_119_91f07e8e-33bb-4991-908e-b5ee7dd0c15c_1686210719.file.png\" alt=\"Headshot of Giuseppe Giordano\" title=\"Headshot of Giuseppe Giordano\" width=\"100%\" height=\"100%\" decoding=\"async\" loading=\"lazy\" class=\"css-o0wq4v ev8dhu53\"\/><\/p>\n<p>Guardo film e gioco a videogiochi, da un certo punto della vita in poi ho iniziato anche a scriverne. Mi affascinano gli angolini sperduti di internet, la grafica dei primi videogiochi in 3D e le immagini che ricadono sotto l\u2019ombrello per nulla definito della dicitura aesthetic, rispetto alle quali porto avanti un\u2019attivit\u00e0 di catalogazione compulsiva che ha come punto d\u2019arrivo alcuni profili Instagram. La serie TV con l\u2019estetica migliore (e quella migliore in assoluto) \u00e8 comunque X-Files, che non ho mai finito per non concepire il pensiero \u201cnon esistono altre puntate di X-Files da vedere per il resto della mia vita\u201d. Stessa cosa con Evangelion (il manga). \u00a0<\/p>\n","protected":false},"excerpt":{"rendered":"Primetime non \u00e8 soltanto la parola inglese per &#8220;prima serata&#8221;. \u00c8 qualcosa che ti definisce, dice agli altri&hellip;\n","protected":false},"author":3,"featured_media":668127,"comment_status":"","ping_status":"","sticky":false,"template":"","format":"standard","meta":{"footnotes":"","_share_on_mastodon":"0"},"categories":[1442],"tags":[618,368156,620,203,454,623,204,259632,1537,90,89,619,1521,368155,310758,195811],"class_list":["post-668126","post","type-post","status-publish","format-standard","has-post-thumbnail","category-film","tag-content-type-news","tag-contentid-725f6e84-ab2c-420b-94e1-684a230006af","tag-displaytype-standard-article","tag-entertainment","tag-film","tag-hasproduct-true","tag-intrattenimento","tag-issyndicated-false","tag-it","tag-italia","tag-italy","tag-locale-it","tag-movies","tag-shorttitle-primetime-poteva-essere-migliore-la-recensione","tag-sponsored-false","tag-subsection-film"],"share_on_mastodon":{"url":"https:\/\/pubeurope.com\/@it\/117224815551347460","error":""},"_links":{"self":[{"href":"https:\/\/www.europesays.com\/it\/wp-json\/wp\/v2\/posts\/668126","targetHints":{"allow":["GET"]}}],"collection":[{"href":"https:\/\/www.europesays.com\/it\/wp-json\/wp\/v2\/posts"}],"about":[{"href":"https:\/\/www.europesays.com\/it\/wp-json\/wp\/v2\/types\/post"}],"author":[{"embeddable":true,"href":"https:\/\/www.europesays.com\/it\/wp-json\/wp\/v2\/users\/3"}],"replies":[{"embeddable":true,"href":"https:\/\/www.europesays.com\/it\/wp-json\/wp\/v2\/comments?post=668126"}],"version-history":[{"count":0,"href":"https:\/\/www.europesays.com\/it\/wp-json\/wp\/v2\/posts\/668126\/revisions"}],"wp:featuredmedia":[{"embeddable":true,"href":"https:\/\/www.europesays.com\/it\/wp-json\/wp\/v2\/media\/668127"}],"wp:attachment":[{"href":"https:\/\/www.europesays.com\/it\/wp-json\/wp\/v2\/media?parent=668126"}],"wp:term":[{"taxonomy":"category","embeddable":true,"href":"https:\/\/www.europesays.com\/it\/wp-json\/wp\/v2\/categories?post=668126"},{"taxonomy":"post_tag","embeddable":true,"href":"https:\/\/www.europesays.com\/it\/wp-json\/wp\/v2\/tags?post=668126"}],"curies":[{"name":"wp","href":"https:\/\/api.w.org\/{rel}","templated":true}]}}