{"id":668202,"date":"2026-09-06T16:41:16","date_gmt":"2026-09-06T16:41:16","guid":{"rendered":"https:\/\/www.europesays.com\/it\/668202\/"},"modified":"2026-09-06T16:41:16","modified_gmt":"2026-09-06T16:41:16","slug":"montecosaro-buti-anticipa-rubio-e-conquista-il-trofeo-ss-addolorata","status":"publish","type":"post","link":"https:\/\/www.europesays.com\/it\/668202\/","title":{"rendered":"MONTECOSARO. BUTI ANTICIPA RUBIO E CONQUISTA IL TROFEO SS ADDOLORATA"},"content":{"rendered":"<p>            <a class=\"category\" href=\"https:\/\/www.tuttobiciweb.it\/articles\/category\/DILETTANTI\" itemprop=\"about\" rel=\"nofollow noopener\" target=\"_blank\">DILETTANTI<\/a> | 06\/09\/2026 | 17:39<\/p>\n<p><strong>Andrea Buti<\/strong> torna protagonista e conquista per il secondo anno di fila il <strong>Trofeo SS Addolorata<\/strong> di <strong>Montecorsaro (MC)<\/strong>, centrando la prima vittoria stagionale tra i <strong>dilettanti<\/strong>. Il pisano della <strong>Gallina Lucchini Ecotek Colosio<\/strong> ha scelto il momento perfetto per affondare il colpo, anticipando gli avversari sulla linea d\u2019arrivo con una progressione decisa e impeccabile.\n            <\/p>\n<p>Alle sue spalle si \u00e8 piazzato il colombiano <strong>Rubio<\/strong> della <strong>Aran Cucine Vejus<\/strong>, mentre <strong>Roberto Sesana<\/strong> della <strong>Vertematese<\/strong> ha completato il podio con il terzo posto. Una vittoria che conferma la crescita di <strong>Buti<\/strong>, sempre pi\u00f9 incisivo nelle giornate che richiedono coraggio, lucidit\u00e0 e capacit\u00e0 di leggere la corsa.\n            <\/p>\n<p class=\"MsoNormal\"><b>ORDINE D\u2019ARRIVO<br \/>km 115 in 2h 45\u201948 media\/h 41,616<\/b><\/p>\n<p class=\"MsoNormal\">1 BUTI Andrea Gallina Lucchini Ecotek Colosio<br \/>2 RUBIO Sierra Edwin Col-Aran Cucine Vejus<br \/>3 SESANA Roberto US Vertematese<br \/>4 DE LAURENTIIS Giuseppe VPM Moretti SCS 10\u201d<br \/>5 ERCOLI Giovanni Vega Vitalcare Dynatek<br \/>6 VETTORATA Nicola Gaiaplast Bibanese<br \/>7 PELLEGRINI Alessandro Mentecorpo Team<br \/>8 NESI Federico Bike Academy Marchini <br \/>9 RIZZI Mirko GS Podenzano<br \/>10 NOCERINO Ciro VPM Moretti SCS<\/p>\n<p>\n    <a href=\"https:\/\/www.tuttobiciweb.it\/article\/2026\/09\/06\/1788709189\/cycling-andrea-buti-amateurs-trofeo-addolorata-victories?lang=en\" rel=\"nofollow noopener\" target=\"_blank\"><img decoding=\"async\" src=\"https:\/\/www.europesays.com\/it\/wp-content\/uploads\/2025\/12\/enver.png\"\/><\/a><\/p>\n<p>Copyright &amp;copy TBW<\/p>\n","protected":false},"excerpt":{"rendered":"DILETTANTI | 06\/09\/2026 | 17:39 Andrea Buti torna protagonista e conquista per il secondo anno di fila il&hellip;\n","protected":false},"author":3,"featured_media":668203,"comment_status":"","ping_status":"","sticky":false,"template":"","format":"standard","meta":{"footnotes":"","_share_on_mastodon":"0"},"categories":[1456],"tags":[68449,1824,1825,25400,1537,90,89,245,244,368191,24126],"class_list":["post-668202","post","type-post","status-publish","format-standard","has-post-thumbnail","category-ciclismo","tag-andrea-buti","tag-ciclismo","tag-cycling","tag-dilettanti","tag-it","tag-italia","tag-italy","tag-sport","tag-sports","tag-trofeo-addolorata","tag-vittorie"],"share_on_mastodon":{"url":"https:\/\/pubeurope.com\/@it\/117225095154803496","error":""},"_links":{"self":[{"href":"https:\/\/www.europesays.com\/it\/wp-json\/wp\/v2\/posts\/668202","targetHints":{"allow":["GET"]}}],"collection":[{"href":"https:\/\/www.europesays.com\/it\/wp-json\/wp\/v2\/posts"}],"about":[{"href":"https:\/\/www.europesays.com\/it\/wp-json\/wp\/v2\/types\/post"}],"author":[{"embeddable":true,"href":"https:\/\/www.europesays.com\/it\/wp-json\/wp\/v2\/users\/3"}],"replies":[{"embeddable":true,"href":"https:\/\/www.europesays.com\/it\/wp-json\/wp\/v2\/comments?post=668202"}],"version-history":[{"count":0,"href":"https:\/\/www.europesays.com\/it\/wp-json\/wp\/v2\/posts\/668202\/revisions"}],"wp:featuredmedia":[{"embeddable":true,"href":"https:\/\/www.europesays.com\/it\/wp-json\/wp\/v2\/media\/668203"}],"wp:attachment":[{"href":"https:\/\/www.europesays.com\/it\/wp-json\/wp\/v2\/media?parent=668202"}],"wp:term":[{"taxonomy":"category","embeddable":true,"href":"https:\/\/www.europesays.com\/it\/wp-json\/wp\/v2\/categories?post=668202"},{"taxonomy":"post_tag","embeddable":true,"href":"https:\/\/www.europesays.com\/it\/wp-json\/wp\/v2\/tags?post=668202"}],"curies":[{"name":"wp","href":"https:\/\/api.w.org\/{rel}","templated":true}]}}