{"id":668207,"date":"2026-09-06T16:46:19","date_gmt":"2026-09-06T16:46:19","guid":{"rendered":"https:\/\/www.europesays.com\/it\/668207\/"},"modified":"2026-09-06T16:46:19","modified_gmt":"2026-09-06T16:46:19","slug":"gli-oasis-schegge-impazzite-nanni-moretti-si-intrufola-in-sala-coi-giornalisti-e-leonardo-lidi-si-sposa","status":"publish","type":"post","link":"https:\/\/www.europesays.com\/it\/668207\/","title":{"rendered":"Gli Oasis schegge impazzite, Nanni Moretti si intrufola in sala coi giornalisti e Leonardo Lidi si sposa"},"content":{"rendered":"<p>Sar\u00e0 che erano 37 anni che non tornava alla Mostra di Venezia in concorso, dal famoso caso di Palombella rossa. Sar\u00e0 che la curiosit\u00e0 era pi\u00f9 forte di tutto. Fatto sta che <a href=\"https:\/\/www.vanityfair.it\/article\/nanni-moretti-venezia-non-vado-incontro-gusti-pubblico-film-succedera-questa-notte-amore\" rel=\"nofollow noopener\" target=\"_blank\"><strong>Nanni Moretti<\/strong>, qui a presentare Succeder\u00e0 questa notte con Jasmine Trinca e Louis Garrel<\/a>, si \u00e8 intrufolato alla proiezione mattutina dedicata alla stampa in Sala Grande per sondare le reazioni dei giornalisti. Fuori dalla sala, poi, si \u00e8 visto spesso in giro, disponibilissimo a fare foto con i fan. Mi si nota di pi\u00f9 se ci sono o non ci sono?, si chiedeva il suo alter ego in Ecce Bombo. In questo caso, si \u00e8 notato a prescindere.<\/p>\n<p>Leonardo Lidi deve andare a sposarsi<img decoding=\"async\" alt=\"Leonardo Lidi.\" loading=\"lazy\" class=\"ResponsiveImageContainer-dkeESL cQPiWi responsive-image__image\"   src=\"https:\/\/www.europesays.com\/it\/wp-content\/uploads\/2026\/09\/GettyImages-2293613466.jpg\"\/><\/p>\n<p>Leonardo Lidi.<\/p>\n<p>Benjamin Cremel\/Getty Images<\/p>\n<p>A Venezia il film fuori concorso del giorno \u00e8 Serpenti di Roberto De Paolis Maino, scritto con i fratelli D&#8217;Innocenzo e interpretato dagli strepitosi Alessandro Borghi, Valeria Golino e Pietro Castellitto. E dall&#8217;altrettanto strepitoso protagonista Leonardo Lidi. Solo applausi e complimenti all&#8217;incontro con i giornalisti a Villa Nidiolo. Ma Lidi non riesce a rispondere neanche a una domanda e abbandona la conferenza stampa. Motivo non rimandabile: domani si sposa e deve andare a prendere il treno verso casa. \u00abVorrei tanto rispondere ma devo andare a sposarmi\u00bb, dice e se ne va coperto dagli applausi. La futura sposa con il biondissimo figlio Adriano di 20 mesi lo aspettano l\u00ec fuori. Poco prima, Valeria Golino e il regista scherzavano: \u00abNon ci ha invitati!\u00bb. Felicitazioni.<\/p>\n","protected":false},"excerpt":{"rendered":"Sar\u00e0 che erano 37 anni che non tornava alla Mostra di Venezia in concorso, dal famoso caso di&hellip;\n","protected":false},"author":3,"featured_media":668208,"comment_status":"","ping_status":"","sticky":false,"template":"","format":"standard","meta":{"footnotes":"","_share_on_mastodon":"0"},"categories":[1451],"tags":[1621,1620,203,204,1537,90,89,1734,120665,4335,1735],"class_list":["post-668207","post","type-post","status-publish","format-standard","has-post-thumbnail","category-celebrita","tag-celebrita","tag-celebrities","tag-entertainment","tag-intrattenimento","tag-it","tag-italia","tag-italy","tag-liam-gallagher","tag-nanni-moretti","tag-noel-gallagher","tag-oasis"],"share_on_mastodon":{"url":"https:\/\/pubeurope.com\/@it\/117225114804768246","error":""},"_links":{"self":[{"href":"https:\/\/www.europesays.com\/it\/wp-json\/wp\/v2\/posts\/668207","targetHints":{"allow":["GET"]}}],"collection":[{"href":"https:\/\/www.europesays.com\/it\/wp-json\/wp\/v2\/posts"}],"about":[{"href":"https:\/\/www.europesays.com\/it\/wp-json\/wp\/v2\/types\/post"}],"author":[{"embeddable":true,"href":"https:\/\/www.europesays.com\/it\/wp-json\/wp\/v2\/users\/3"}],"replies":[{"embeddable":true,"href":"https:\/\/www.europesays.com\/it\/wp-json\/wp\/v2\/comments?post=668207"}],"version-history":[{"count":0,"href":"https:\/\/www.europesays.com\/it\/wp-json\/wp\/v2\/posts\/668207\/revisions"}],"wp:featuredmedia":[{"embeddable":true,"href":"https:\/\/www.europesays.com\/it\/wp-json\/wp\/v2\/media\/668208"}],"wp:attachment":[{"href":"https:\/\/www.europesays.com\/it\/wp-json\/wp\/v2\/media?parent=668207"}],"wp:term":[{"taxonomy":"category","embeddable":true,"href":"https:\/\/www.europesays.com\/it\/wp-json\/wp\/v2\/categories?post=668207"},{"taxonomy":"post_tag","embeddable":true,"href":"https:\/\/www.europesays.com\/it\/wp-json\/wp\/v2\/tags?post=668207"}],"curies":[{"name":"wp","href":"https:\/\/api.w.org\/{rel}","templated":true}]}}