{"id":668209,"date":"2026-09-06T16:49:19","date_gmt":"2026-09-06T16:49:19","guid":{"rendered":"https:\/\/www.europesays.com\/it\/668209\/"},"modified":"2026-09-06T16:49:19","modified_gmt":"2026-09-06T16:49:19","slug":"la-promessa-anticipazioni-delle-puntate-6-12-settembre-2026","status":"publish","type":"post","link":"https:\/\/www.europesays.com\/it\/668209\/","title":{"rendered":"La Promessa anticipazioni delle puntate 6-12 settembre 2026"},"content":{"rendered":"<p class=\"paragraph\" spellcheck=\"true\">Domenica 6 settembre 2026 proseguir\u00e0 l&#8217;appuntamento con <b>La Promessa<\/b>, la telenovela spagnola in onda tutti i giorni su Rete 4 alle 19.50 (dopo 10 minuti) e il sabato anche in prima serata. La serie \u00e8 attualmente alla quarta stagione in Italia mentre in Spagna, tra colpi di scena addii e ritorni, \u00e8 arrivata alla quinta stagione quindi far\u00e0 ancora compagnia a lungo al pubblico.\u00a0<\/p>\n<p class=\"paragraph\" spellcheck=\"true\">Prima di scoprire quello che ci aspetta nelle prossime puntate <b>tra il 6 e il12 settembre<\/b>, vediamo dove eravamo rimasti a <b>La Promessa<\/b>. Petra \u00e8 stata licenziata per ordine di Leocadia, dopo l&#8217;infortunio ha perso anche il lavoro. Maria ha scoperto di essere incinta e non ha ancora deciso cosa fare. Sono arrivate delle lettere firmate da Catalina ma in casa non tutti sono convinti che le abbia scritte lei. Curro e Angela si sono dovuti dire addio per agevolare le nozze della ragazza con Beltran.<\/p>\n","protected":false},"excerpt":{"rendered":"Domenica 6 settembre 2026 proseguir\u00e0 l&#8217;appuntamento con La Promessa, la telenovela spagnola in onda tutti i giorni su&hellip;\n","protected":false},"author":3,"featured_media":668210,"comment_status":"","ping_status":"","sticky":false,"template":"","format":"standard","meta":{"footnotes":"","_share_on_mastodon":"0"},"categories":[1444],"tags":[11563,10639,1518,45530,26371,35689,277,99729,99733,28538,203,247395,16276,204,1537,90,89,123888,18279,368192,3417,1259,11975,9060,16277,9167,26358,26364,5240,26359,26360,8202,8835,2518,407,253],"class_list":["post-668209","post","type-post","status-publish","format-standard","has-post-thumbnail","category-tv","tag-adriano","tag-angela","tag-anticipazioni","tag-anticipazioni-puntate","tag-catalina","tag-curro","tag-de","tag-de-promessa","tag-de-promessa-onda","tag-duca","tag-entertainment","tag-governante","tag-infinity","tag-intrattenimento","tag-it","tag-italia","tag-italy","tag-jacobo","tag-lettere","tag-lettere-catalina","tag-lorenzo","tag-maria","tag-martina","tag-mediaset","tag-mediaset-infinity","tag-onda","tag-onda-rete","tag-onda-rete-streaming","tag-promessa","tag-promessa-onda","tag-promessa-onda-rete","tag-puntata","tag-puntate","tag-rete","tag-settembre","tag-tv"],"share_on_mastodon":{"url":"https:\/\/pubeurope.com\/@it\/117225125628184448","error":""},"_links":{"self":[{"href":"https:\/\/www.europesays.com\/it\/wp-json\/wp\/v2\/posts\/668209","targetHints":{"allow":["GET"]}}],"collection":[{"href":"https:\/\/www.europesays.com\/it\/wp-json\/wp\/v2\/posts"}],"about":[{"href":"https:\/\/www.europesays.com\/it\/wp-json\/wp\/v2\/types\/post"}],"author":[{"embeddable":true,"href":"https:\/\/www.europesays.com\/it\/wp-json\/wp\/v2\/users\/3"}],"replies":[{"embeddable":true,"href":"https:\/\/www.europesays.com\/it\/wp-json\/wp\/v2\/comments?post=668209"}],"version-history":[{"count":0,"href":"https:\/\/www.europesays.com\/it\/wp-json\/wp\/v2\/posts\/668209\/revisions"}],"wp:featuredmedia":[{"embeddable":true,"href":"https:\/\/www.europesays.com\/it\/wp-json\/wp\/v2\/media\/668210"}],"wp:attachment":[{"href":"https:\/\/www.europesays.com\/it\/wp-json\/wp\/v2\/media?parent=668209"}],"wp:term":[{"taxonomy":"category","embeddable":true,"href":"https:\/\/www.europesays.com\/it\/wp-json\/wp\/v2\/categories?post=668209"},{"taxonomy":"post_tag","embeddable":true,"href":"https:\/\/www.europesays.com\/it\/wp-json\/wp\/v2\/tags?post=668209"}],"curies":[{"name":"wp","href":"https:\/\/api.w.org\/{rel}","templated":true}]}}