{"id":668470,"date":"2026-09-06T20:26:19","date_gmt":"2026-09-06T20:26:19","guid":{"rendered":"https:\/\/www.europesays.com\/it\/668470\/"},"modified":"2026-09-06T20:26:19","modified_gmt":"2026-09-06T20:26:19","slug":"larte-marchigiana-illumina-la-riviera-del-conero-roberto-carnevali-e-claudio-orlandini-in-mostra-a-sirolo","status":"publish","type":"post","link":"https:\/\/www.europesays.com\/it\/668470\/","title":{"rendered":"L\u2019arte marchigiana illumina la Riviera del Conero: Roberto Carnevali e Claudio Orlandini in mostra a Sirolo"},"content":{"rendered":"<p>          Nota &#8211; Questo comunicato \u00e8 stato pubblicato integralmente come contributo esterno. Questo contenuto non \u00e8 pertanto un articolo prodotto dalla redazione di AnconaToday <\/p>\n<p>SIROLO &#8211; Prosegue con straordinario successo di pubblico e critica la stagione di Sirolo. Inaugurata la mostra bi-personale che vede protagonisti Roberto Carnevali e Claudio Orlandini, che si conferma uno degli appuntamenti pi\u00f9 significativi e sicuramente visitati del territorio. La rassegna, che celebra il talento e la ricerca visiva dei due noti artisti marchigiani, rimarr\u00e0 aperta presso il Circolo culturale \u2018Bruno Barocci\u2019 in piazza Vittorio Veneto 7 sino all&#8217;11 settembre con orari dalle 16,30 alle 23, con ingresso libero.\u00a0<\/p>\n<p>L\u2019esposizione che anima il Borgo marinaro, offre una panoramica profonda sulla produzione recente dei due maestri. I loro linguaggi artistici si inseriscono perfettamente nella suggestiva cornice di Sirolo, creando un dialogo serrato tra le opere esposte, la luce del Conero e la societ\u00e0 contemporanea. La mostra rappresenta l\u2019occasione ideale per turisti e residenti di combinare la scoperta delle bellezze naturali della Riviera con un\u2019immersione nell\u2019arte dei due autori.\u00a0<\/p>\n<p>Il percorso e la poetica degli artisti\u00a0<\/p>\n<p>Roberto Carnevali \u00e8 un artista che vive e lavora in Ancona. \u00c8 noto per le sue opere scultoree e intarsi in legno focalizzati su temi sociali e umani, come la libert\u00e0 e i diritti umani, ed espone regolarmente in mostre d&#8217;arte contemporanea collettive in tutta Italia e all\u2019estero. La sua arte \u00e8 incentrata sulla costante ricerca e sperimentazione della forme. Porta all\u2019attenzione del pubblico una selezioni di lavori caratterizzati da una forte intensit\u00e0 espressiva. La sua cifra stilistica si distingue per la capacit\u00e0 di tradurre sulla superficie le suggestione dell\u2019animo umano, muovendosi con padronanza tra astrazione richiami figurativi profondamente legati alla sensibilit\u00e0 contemporanea.<\/p>\n<p>Orlandini \u00e8 un&#8217;artista poetico attivo ad Ancona. Le sue creazioni indagano l&#8217;armonia dello spazio e i legami invisibili con il paesaggio marchigiano, offrendo ai visitatori spunti di riflessione poetica attraverso un uso sapiente dei volumi e delle texture. Noto principalmente come l\u2019artista del mare e delle vele, Orlandini focalizza gran parte della sua produzione pittorica sui paesaggi costieri marchigiani e su marine caratterizzate da forme essenziali e pulite, espresse attraverso un elegante utilizzo del colore ad olio. Racconta la sua terra con elegante utilizzo del colore ad olio, con forme essenziali e pulite. Un intreccio chiaro tra forma e colore che rende la sua arte identificabile. L\u2019unione delle loro visioni non rappresenta semplicemente l&#8217;accostamento di due percorsi individuali, ma genera una sinergia cromatica e concettuale che valorizza l&#8217;eccellenza delle arti visive marchigiane.<\/p>\n<p>         &#13;<br \/>\n  &#13;<br \/>\n    &#13;<br \/>\n      &#13;<br \/>\n    &#13;<br \/>\n    <strong>2<\/strong> minuti di lettura   &#13;<\/p>\n","protected":false},"excerpt":{"rendered":"Nota &#8211; Questo comunicato \u00e8 stato pubblicato integralmente come contributo esterno. Questo contenuto non \u00e8 pertanto un articolo&hellip;\n","protected":false},"author":3,"featured_media":668471,"comment_status":"","ping_status":"","sticky":false,"template":"","format":"standard","meta":{"footnotes":"","_share_on_mastodon":"0"},"categories":[1446],"tags":[1615,1613,1614,1611,1610,368436,1612,203,204,1537,90,89,632,368435,55852],"class_list":["post-668470","post","type-post","status-publish","format-standard","has-post-thumbnail","category-arte-e-design","tag-arte","tag-arte-e-design","tag-arteedesign","tag-arts","tag-arts-and-design","tag-claudio-orlandini","tag-design","tag-entertainment","tag-intrattenimento","tag-it","tag-italia","tag-italy","tag-mostra","tag-roberto-carnevali","tag-sirolo"],"share_on_mastodon":{"url":"https:\/\/pubeurope.com\/@it\/117225978939452835","error":""},"_links":{"self":[{"href":"https:\/\/www.europesays.com\/it\/wp-json\/wp\/v2\/posts\/668470","targetHints":{"allow":["GET"]}}],"collection":[{"href":"https:\/\/www.europesays.com\/it\/wp-json\/wp\/v2\/posts"}],"about":[{"href":"https:\/\/www.europesays.com\/it\/wp-json\/wp\/v2\/types\/post"}],"author":[{"embeddable":true,"href":"https:\/\/www.europesays.com\/it\/wp-json\/wp\/v2\/users\/3"}],"replies":[{"embeddable":true,"href":"https:\/\/www.europesays.com\/it\/wp-json\/wp\/v2\/comments?post=668470"}],"version-history":[{"count":0,"href":"https:\/\/www.europesays.com\/it\/wp-json\/wp\/v2\/posts\/668470\/revisions"}],"wp:featuredmedia":[{"embeddable":true,"href":"https:\/\/www.europesays.com\/it\/wp-json\/wp\/v2\/media\/668471"}],"wp:attachment":[{"href":"https:\/\/www.europesays.com\/it\/wp-json\/wp\/v2\/media?parent=668470"}],"wp:term":[{"taxonomy":"category","embeddable":true,"href":"https:\/\/www.europesays.com\/it\/wp-json\/wp\/v2\/categories?post=668470"},{"taxonomy":"post_tag","embeddable":true,"href":"https:\/\/www.europesays.com\/it\/wp-json\/wp\/v2\/tags?post=668470"}],"curies":[{"name":"wp","href":"https:\/\/api.w.org\/{rel}","templated":true}]}}