{"id":68604,"date":"2025-08-25T18:17:10","date_gmt":"2025-08-25T18:17:10","guid":{"rendered":"https:\/\/www.europesays.com\/it\/68604\/"},"modified":"2025-08-25T18:17:10","modified_gmt":"2025-08-25T18:17:10","slug":"roma-accordo-col-cagliari-per-salah-eddine-lolandese-prende-tempo","status":"publish","type":"post","link":"https:\/\/www.europesays.com\/it\/68604\/","title":{"rendered":"Roma, accordo col Cagliari per Salah-Eddine: l\u2019olandese prende tempo"},"content":{"rendered":"<p>Il terzino \u00e8 fuori dai piani di Gasperini, la chance rossobl\u00f9 \u00e8 caldissima ma la sua priorit\u00e0 sarebbe tornare in Olanda. Sangar\u00e9 tra Valencia e Porto<\/p>\n<p>Oltre ad aver chiuso per <strong>Ziolkowski,<\/strong> la <strong>Roma<\/strong> continua a lavorare anche sul fronte cessioni. Come riporta &#8216;Il Tempo&#8217;, per <strong>Salah-Eddine<\/strong> i giallorossi e il <strong>Cagliari<\/strong> hanno trovato l&#8217;accordo sulla base di un prestito con diritto di riscatto. Ma non \u00e8 ancora chiusa: l&#8217;esterno ha preso tempo per capire se si pu\u00f2 concretizzare prima un ritorno in <strong>Olanda.<\/strong> Oltre all&#8217;ex <strong>Twente,<\/strong> pu\u00f2 partire per\u00f2 anche Buba <strong>Sangar\u00e9:<\/strong> per lui il <strong>Valencia<\/strong> \u00e8 davanti rispetto al <strong>Porto.<\/strong> Si tratta di un&#8217;opeerazione anche questa in prestito con diritto di riscatto.<\/p>\n<p class=\"is-copyright\">\u00a9 RIPRODUZIONE RISERVATA<\/p>\n","protected":false},"excerpt":{"rendered":"Il terzino \u00e8 fuori dai piani di Gasperini, la chance rossobl\u00f9 \u00e8 caldissima ma la sua priorit\u00e0 sarebbe&hellip;\n","protected":false},"author":3,"featured_media":68605,"comment_status":"","ping_status":"","sticky":false,"template":"","format":"standard","meta":{"footnotes":"","_share_on_mastodon":"0"},"categories":[1452],"tags":[579,6300,721,806,7170,19546,1740,1537,90,89,34942,2755,1739,245,244],"class_list":["post-68604","post","type-post","status-publish","format-standard","has-post-thumbnail","category-calcio","tag-accordo","tag-cagliari","tag-calcio","tag-diritto","tag-diritto-riscatto","tag-eddine","tag-football","tag-it","tag-italia","tag-italy","tag-olanda","tag-porto","tag-soccer","tag-sport","tag-sports"],"share_on_mastodon":{"url":"","error":""},"_links":{"self":[{"href":"https:\/\/www.europesays.com\/it\/wp-json\/wp\/v2\/posts\/68604","targetHints":{"allow":["GET"]}}],"collection":[{"href":"https:\/\/www.europesays.com\/it\/wp-json\/wp\/v2\/posts"}],"about":[{"href":"https:\/\/www.europesays.com\/it\/wp-json\/wp\/v2\/types\/post"}],"author":[{"embeddable":true,"href":"https:\/\/www.europesays.com\/it\/wp-json\/wp\/v2\/users\/3"}],"replies":[{"embeddable":true,"href":"https:\/\/www.europesays.com\/it\/wp-json\/wp\/v2\/comments?post=68604"}],"version-history":[{"count":0,"href":"https:\/\/www.europesays.com\/it\/wp-json\/wp\/v2\/posts\/68604\/revisions"}],"wp:featuredmedia":[{"embeddable":true,"href":"https:\/\/www.europesays.com\/it\/wp-json\/wp\/v2\/media\/68605"}],"wp:attachment":[{"href":"https:\/\/www.europesays.com\/it\/wp-json\/wp\/v2\/media?parent=68604"}],"wp:term":[{"taxonomy":"category","embeddable":true,"href":"https:\/\/www.europesays.com\/it\/wp-json\/wp\/v2\/categories?post=68604"},{"taxonomy":"post_tag","embeddable":true,"href":"https:\/\/www.europesays.com\/it\/wp-json\/wp\/v2\/tags?post=68604"}],"curies":[{"name":"wp","href":"https:\/\/api.w.org\/{rel}","templated":true}]}}