{"id":68654,"date":"2025-08-25T18:50:09","date_gmt":"2025-08-25T18:50:09","guid":{"rendered":"https:\/\/www.europesays.com\/it\/68654\/"},"modified":"2025-08-25T18:50:09","modified_gmt":"2025-08-25T18:50:09","slug":"frankenstein-il-ritorno-horror-a-venezia-e-firmato-da-guillermo-del-toro","status":"publish","type":"post","link":"https:\/\/www.europesays.com\/it\/68654\/","title":{"rendered":"Frankenstein, il ritorno horror a Venezia \u00e8 firmato da Guillermo Del Toro"},"content":{"rendered":"<p>    di<br \/>\n    Francesco Verni<\/p>\n<p class=\"summary-art is-line-h-12\">L\u2019esordio a Hollywood nel 1910, la saga iniziata con Boris Karloff, la parodia cult  di Mel Brooks. Fino a De Niro e Kenneth Branagh<\/p>\n<p class=\"chapter-paragraph\">Un mostro (e che mostro!) alla Mostra.<b> La sera del 30 agosto<\/b>, la Sala Grande del Palazzo del Cinema accoglier\u00e0, in concorso a Venezia 82,<b> \u00abFrankenstein\u00bb di Guillermo del Toro<\/b>. Il regista Leone d\u2019Oro (e Premio Oscar) per \u00abLa forma dell\u2019acqua\u00bb, torna all\u2019antica <a href=\"https:\/\/corrieredelveneto.corriere.it\/cultura-e-tempo-libero\/mostra-cinema-venezia\/25_agosto_25\/mostra-del-cinema-2025-tutte-le-perle-da-non-perdere-boom-di-film-italiani-eddb7ead-773b-41b6-813f-9b6fc8fb9xlk.shtml\" rel=\"nofollow noopener\" target=\"_blank\">passione per l\u2019horror<\/a> affrontando la creatura animata dal dottor Victor Frankenstein, partendo dal romanzo gotico del 1818 \u00abFrankenstein; or, The Modern Prometheus\u00bb di Mary Shelley.<\/p>\n<p class=\"chapter-paragraph\">Proprio nel romanzo si ha la prima, originale, descrizione della Creatura composta da <b>pezzi di cadavere a cui il dottor Frankenstein riesce a ridare la vita<\/b>. \u00abI suoi arti erano proporzionati, e avevo scelto i suoi lineamenti come belli. Belli!  Dio onnipotente! \u2014 Si legge nel capitolo 5 del romanzo \u2014 La sua pelle gialla a stento copriva l\u2019intreccio dei muscoli e delle arterie sottostanti; i suoi capelli erano neri, lucenti e fluenti; i denti d\u2019un bianco perlaceo; ma tutte queste bellezze formavano solo un pi\u00f9 orrido contrasto con i suoi occhi acquosi, che sembravano quasi dello stesso colore delle orbite biancastre in cui erano incassati, con la sua carnagione raggrinzita e le sue labbra nere e dritte\u00bb. Ogni regista, ogni epoca della Settima Arte, ha voluto dare un volto preciso e diverso al \u00abmostro dei mostri\u00bb. E cos\u00ec ha fatto Del Toro, che descrive il film come il sogno di una vita, un progetto che desiderava realizzare da molti anni. <b>\u00abQuesto film \u00e8 stato nella mia mente da quando ero bambino, da 50 anni. <\/b>Sono 20-25 anni che cerco di farlo \u2014 ha detto il regista all\u2019evento Next on Netflix (piattaforma su cui il lungometraggio arriver\u00e0 a novembre) \u2014 alcune persone potrebbero pensare che io sia un po\u2019 ossessionato da Frankestein\u00bb.    &#13;<br \/>\n&#13;<br \/>\n&#13;<br \/>\n&#13;<br \/>\n&#13;<br \/>\n&#13;<br \/>\n&#13;<br \/>\n&#13;<br \/>\n&#13;<br \/>\n&#13;<br \/>\n&#13;<br \/>\n&#13;<br \/>\n&#13;<br \/>\n&#13;<br \/>\n&#13;<br \/>\n&#13;<br \/>\n&#13;<br \/>\n&#13;<br \/>\n&#13;<br \/>\n&#13;<br \/>\n&#13;<br \/>\n&#13;<br \/>\n&#13;<br \/>\n&#13;<br \/>\n&#13;<br \/>\n&#13;<br \/>\n&#13;<br \/>\n&#13;<br \/>\n&#13;<br \/>\n&#13;<br \/>\n&#13;<br \/>\n&#13;<br \/>\n&#13;<br \/>\n&#13;<br \/>\n&#13;<br \/>\n&#13;<br \/>\n&#13;<br \/>\n&#13;<br \/>\n&#13;<br \/>\n&#13;<br \/>\n&#13;<br \/>\n&#13;<br \/>\n&#13;<br \/>\n&#13;<br \/>\n&#13;<br \/>\n&#13;<br \/>\n&#13;<br \/>\n&#13;<br \/>\n&#13;<br \/>\n&#13;<br \/>\n&#13;<br \/>\n&#13;<br \/>\n&#13;\n<\/p>\n<p class=\"chapter-paragraph\">Nel cast del film prodotto da Double Dare You e Demilo Films e distribuito da Netflix, Oscar Isaac interpreter\u00e0 Victor Frankenstein, Jacob Elordi la Creatura, mentre Mia Goth avr\u00e0 il ruolo di un\u2019aristocratica misteriosa.<br \/>Il legame tra Del Toro \u00e8 la<a href=\"https:\/\/corrieredelveneto.corriere.it\/cultura-e-tempo-libero\/mostra-cinema-venezia\/25_agosto_25\/mostra-del-cinema-2025-tutte-le-perle-da-non-perdere-boom-di-film-italiani-eddb7ead-773b-41b6-813f-9b6fc8fb9xlk.shtml\" rel=\"nofollow noopener\" target=\"_blank\"> Mostra di Venezia<\/a> \u00e8 pi\u00f9 che stretto. Gi\u00e0 nel 1997 aveva presentato al Lido il suo horror \u00abMimic\u00bb, nella sezione Mezzanotte, tornando a Venezia nel 2006 come Membro della giuria Opera Prima \u2013 Luigi De Laurentiis. <b>Dopo la vittoria del Leone d\u2019Oro nel 2017 per \u00abLa forma dell\u2019acqua\u00bb<\/b>, pellicola che l\u2019ha consacrato tra i registi pi\u00f9 visionari e di talento, \u00e8 tornato l\u2019anno dopo come Presidente della Giuria. <br \/>Un altro legame saldo e, forse, meno conosciuto \u00e8 quello tra i \u00abmostri\u00bb e la Mostra del Cinema. La prima edizione della Mostra Internazionale d\u2019Arte Cinematografica di Venezia del 1932 (all\u2019epoca si chiamava prima Esposizione internazionale d\u2019arte cinematografica alla 18esima Biennale) fu aperta proprio da un horror, \u00abIl dottor Jekyll\u00bb di Rouben Mamoulian, proiettato la sera del 6 agosto con tanto di ballo seguente nei saloni dell\u2019hotel Excelsior.\u00a0<\/p>\n<p class=\"chapter-paragraph\">Altro film al Lido fu proprio \u00abFrankenstein\u00bb di James Whale (del filone Universal Classic Monsters), oggi considerato un caposaldo del genere horror, con Boris Karloff (dopo quattro ore di trucco) nei panni della Creatura. Per decenni il mostro di Frankenstein con queste fattezze, altezza imponente, corporatura massiccia, la testa piatta in cima con una fronte ampia e squadrata su sopracciglia marcate, le cicatrici sulla fronte e sul viso e i bulloni di metallo sporgenti dal collo, \u00e8 diventato icona stessa della Creatura. Inutile dire che i due film presentati alla Mostra divennero dei successi mondiali, vuoi per la novit\u00e0 stupefacente del sonoro vuoi perch\u00e9 il pubblico nel mezzo della Grande Depressione voleva evadere ed esorcizzare nell\u2019horror i drammi quotidiani.<\/p>\n<p class=\"chapter-paragraph\">Ma la storia d\u2019amore tra Frankenstein e il cinema inizia da pi\u00f9 lontano. I binomi oppositivi vita e morte, scienza e natura, libert\u00e0 e controllo, fede e ragione, uomo e mostro che scolpiscono l\u2019essenza del romanzo hanno animato da sempre la fantasia dei registi. Primo fu il cortometraggio muto \u00abFrankenstein\u00bb del 1910 scritto e diretto da J. Searle Dawley per la produzione Edison Studios di Thomas Edison, poi il ciclo dei \u00abmostri\u00bb dell\u2019Universal che per due decadi rilancer\u00e0 la Creatura per otto titoli iniziando dal capostipite di Whale, passando per gioielli come \u00abLa moglie di Frankenstein\u00bb del \u201935, crossover mostruosi come \u00abFrankenstein contro l\u2019uomo lupo\u00bb (\u201843) e perfino parodie come \u00abIl cervello di Frankenstein\u00bb.<\/p>\n<p class=\"chapter-paragraph\">Altro ciclo fondamentale \u00e8 quello della londinese Hammer Film Productions che dal \u201957 al \u201974 port\u00f2 in sala sette film con protagonista la Creatura, sempre con Peter Cushing nei panni di Victor Frankenstein. In tempi pi\u00f9 recenti la Creatura \u00e8 stata interpretata magistralmente anche da Robert De Niro nel \u00abFrankenstein di Mary Shelley\u00bb diretto nel 1994 da Kenneth Branagh. Per capire la portata di Frankenstein nella Settimana Arte bisogna almeno ricordare la <b>parodia cult \u00abFrankenstein Junior\u00bb di Mel Brooks<\/b> del 1974, lo stranissimo \u00abFrankenstein alla conquista della Terra\u00bb del 1965 diretto da Ishir\u014d Honda (il pap\u00e0 di Godzilla) e la versione fantascientifica che Roger Corman diede nel suo \u00abFrankenstein oltre le frontiere del tempo\u00bb del 1990.<\/p>\n<p class=\"is-mr-t-20 is-mr-b-20\"><b><br \/>\n                                    <a href=\"https:\/\/corrieredelveneto.corriere.it\/venezia-mestre\/?intcmp=Notizielocali_nd_010623_corriere_ss_venezia\" target=\"_blank\" rel=\"nofollow noopener\">Vai a tutte le notizie di Venezia Mestre<\/a><br \/>\n                        <\/b><\/p>\n<p class=\"chapter-paragraph\"><b><a href=\"https:\/\/www.corriere.it\/newsletter\/?theme=39&amp;intcmp=NL-artic_nd_060624_corriere_ss_veneto\" target=\"_blank\" rel=\"nofollow noopener\">Iscriviti alla newsletter del Corriere del Veneto<\/a><\/b><\/p>\n<p class=\"is-last-update\" datetime=\"2025-08-25T14:00:19+02:00\">25 agosto 2025 ( modifica il 25 agosto 2025 | 14:00)<\/p>\n<p class=\"is-copyright\">\n            \u00a9 RIPRODUZIONE RISERVATA\n        <\/p>\n","protected":false},"excerpt":{"rendered":"di Francesco Verni L\u2019esordio a Hollywood nel 1910, la saga iniziata con Boris Karloff, la parodia cult di&hellip;\n","protected":false},"author":3,"featured_media":68655,"comment_status":"","ping_status":"","sticky":false,"template":"","format":"standard","meta":{"footnotes":""},"categories":[1442],"tags":[412,2699,1615,52705,25909,6476,52706,52707,50606,16936,640,52708,52703,12224,2276,277,13254,7085,24427,52709,203,3452,454,2498,52710,47489,1346,17773,52711,52712,5344,832,52713,52714,204,1537,90,89,52715,52716,52717,5069,649,52718,12857,13333,52719,37836,52720,632,21334,5791,1521,3166,13273,3206,651,15180,52721,635,3544,5517,222,47181,52704],"class_list":{"0":"post-68654","1":"post","2":"type-post","3":"status-publish","4":"format-standard","5":"has-post-thumbnail","7":"category-film","8":"tag-acqua","9":"tag-agosto","10":"tag-arte","11":"tag-arte-cinematografica","12":"tag-belli","13":"tag-boris","14":"tag-boris-karloff","15":"tag-branagh","16":"tag-brooks","17":"tag-ciclo","18":"tag-cinema","19":"tag-cinematografica","20":"tag-creatura","21":"tag-cult","22":"tag-dare","23":"tag-de","24":"tag-de-niro","25":"tag-diretto","26":"tag-dottor","27":"tag-edison","28":"tag-entertainment","29":"tag-epoca","30":"tag-film","31":"tag-forma","32":"tag-forma-acqua","33":"tag-frankenstein","34":"tag-fronte","35":"tag-giuria","36":"tag-guillermo","37":"tag-guillermo-toro","38":"tag-horror","39":"tag-internazionale","40":"tag-internazionale-arte","41":"tag-internazionale-arte-cinematografica","42":"tag-intrattenimento","43":"tag-it","44":"tag-italia","45":"tag-italy","46":"tag-karloff","47":"tag-kenneth","48":"tag-kenneth-branagh","49":"tag-legame","50":"tag-leone","51":"tag-leone-oro","52":"tag-lido","53":"tag-mary","54":"tag-mary-shelley","55":"tag-mel","56":"tag-mel-brooks","57":"tag-mostra","58":"tag-mostri","59":"tag-mostro","60":"tag-movies","61":"tag-netflix","62":"tag-niro","63":"tag-oro","64":"tag-oscar","65":"tag-panni","66":"tag-parodia","67":"tag-regista","68":"tag-romanzo","69":"tag-toro","70":"tag-venezia","71":"tag-victor","72":"tag-victor-frankenstein"},"share_on_mastodon":{"url":"","error":""},"_links":{"self":[{"href":"https:\/\/www.europesays.com\/it\/wp-json\/wp\/v2\/posts\/68654","targetHints":{"allow":["GET"]}}],"collection":[{"href":"https:\/\/www.europesays.com\/it\/wp-json\/wp\/v2\/posts"}],"about":[{"href":"https:\/\/www.europesays.com\/it\/wp-json\/wp\/v2\/types\/post"}],"author":[{"embeddable":true,"href":"https:\/\/www.europesays.com\/it\/wp-json\/wp\/v2\/users\/3"}],"replies":[{"embeddable":true,"href":"https:\/\/www.europesays.com\/it\/wp-json\/wp\/v2\/comments?post=68654"}],"version-history":[{"count":0,"href":"https:\/\/www.europesays.com\/it\/wp-json\/wp\/v2\/posts\/68654\/revisions"}],"wp:featuredmedia":[{"embeddable":true,"href":"https:\/\/www.europesays.com\/it\/wp-json\/wp\/v2\/media\/68655"}],"wp:attachment":[{"href":"https:\/\/www.europesays.com\/it\/wp-json\/wp\/v2\/media?parent=68654"}],"wp:term":[{"taxonomy":"category","embeddable":true,"href":"https:\/\/www.europesays.com\/it\/wp-json\/wp\/v2\/categories?post=68654"},{"taxonomy":"post_tag","embeddable":true,"href":"https:\/\/www.europesays.com\/it\/wp-json\/wp\/v2\/tags?post=68654"}],"curies":[{"name":"wp","href":"https:\/\/api.w.org\/{rel}","templated":true}]}}