{"id":68881,"date":"2025-08-25T21:38:11","date_gmt":"2025-08-25T21:38:11","guid":{"rendered":"https:\/\/www.europesays.com\/it\/68881\/"},"modified":"2025-08-25T21:38:11","modified_gmt":"2025-08-25T21:38:11","slug":"sven-liebich-il-neonazista-tedesco-cambia-sesso-per-scontare-la-pena-nel-carcere-femminile-e-lo-ottiene-scandalo-in-germania","status":"publish","type":"post","link":"https:\/\/www.europesays.com\/it\/68881\/","title":{"rendered":"Sven Liebich, il neonazista tedesco cambia sesso per scontare la pena nel carcere femminile (e lo ottiene): scandalo in Germania"},"content":{"rendered":"<p>\n                            Il punto serale sulle notizie del giorno<br \/>\n                            <b>Iscriviti<\/b> e ricevi le notizie via email\n                        <\/p>\n<p><a href=\"https:\/\/www.ilmessaggero.it\/t\/sven-liebich\" rel=\"nofollow noopener\" target=\"_blank\">Sven Liebich<\/a>, un neonazista molto conosciuto in Germania per essere stato legato in passato al gruppo\u00a0<strong>Blood and Honour (Sangue e Onor<\/strong>e), avrebbe cambiato sesso, riconoscendosi donna e cambiando il suo nome in Marla-Svenja Liebich, per scontare una<strong>\u00a0condanna per estremismo nel<\/strong>\u00a0<strong>carcere femminile di Chemnitz<\/strong>, piuttosto che in una prigione maschile.\u00a0<\/p>\n<p>&#13;<br \/>\n    APPROFONDIMENTI&#13;<\/p>\n<p>&#13;<\/p>\n<p>                <a href=\"https:\/\/www.ilmessaggero.it\/video\/cronaca\/operazione_contro_gruppi_neonazisti_online_arrestato_21enne_a_brescia_26_perquisizioni_in_tutta_italia-8961894.html\" title=\"Video\" rel=\"nofollow noopener\" target=\"_blank\"><img loading=\"lazy\" decoding=\"async\" src=\"https:\/\/www.europesays.com\/it\/wp-content\/uploads\/2025\/08\/8961894_poster.jpg\" title=\"Video\" width=\"64\" height=\"64\" data-pagespeed-no-transform=\"\"\/><\/a>            <\/p>\n<p>    &#13;<\/p>\n<p>&#13;<\/p>\n<p>                <a href=\"https:\/\/www.ilmessaggero.it\/italia\/carceri_emergenza_sucidi_decessi_cosa_sta_succedendo_ultime_notizie-8967962.html\" title=\"Carceri, strutture fatiscenti, suicidi e decessi\" rel=\"nofollow noopener\" target=\"_blank\"><img loading=\"lazy\" decoding=\"async\" src=\"https:\/\/www.europesays.com\/it\/wp-content\/uploads\/2025\/08\/8967962_20220002_carcere.jpg\" title=\"Carceri, strutture fatiscenti, suicidi e decessi\" width=\"64\" height=\"64\" data-pagespeed-no-transform=\"\"\/><\/a>            <\/p>\n<p>    &#13;<\/p>\n<p>    &#13;<\/p>\n<p><strong>L&#8217;accusa <\/strong>&#8211; Sven Liebich ha ricevuto un ordine di comparizione per il <strong>prossimo 29 agosto<\/strong> presso il <strong>carcere di Chemnitz<\/strong>, nello stato federale della Sassonia-Anhalt, dove dovr\u00e0 iniziare a scontare una pena detentiva di un<strong> anno e mezzo <\/strong>senza possibilit\u00e0 di libert\u00e0 vigilata. Il provvedimento \u00e8 stato emesso dalla magistratura di Halle, a seguito di una sentenza definitiva pronunciata nel luglio 2023. In quell\u2019occasione, il tribunale ha riconosciuto Liebich colpevole dei reati di incitamento all\u2019odio, ingiuria e diffamazione. L\u2019uomo aveva successivamente presentato ricorso in appello, ma la corte ha respinto la sua istanza, rendendo esecutiva la condanna. La data di inizio della reclusione \u00e8 stata comunicata mercoled\u00ec tramite un post pubblicato dallo stesso Liebich sul proprio profilo X. Secondo quanto riportato da diversi media tedeschi, Liebich in passato avrebbe avuto <strong>legami <\/strong>con il<a class=\"link_item\" data-linked_from=\"null\" href=\"https:\/\/www.ilmessaggero.it\/video\/cronaca\/operazione_contro_gruppi_neonazisti_online_arrestato_21enne_a_brescia_26_perquisizioni_in_tutta_italia-8961894.html\" rel=\"nofollow noopener\" target=\"_blank\"> gruppo neonazista <\/a><strong>Blood and Honour,<\/strong> un\u2019organizzazione estremista messa al bando in Germania.<\/p>\n<p><strong>La polemica <\/strong>&#8211; La\u00a0decisione di assegnare Liebich al <strong>carcere femminile di <a href=\"https:\/\/www.ilmessaggero.it\/t\/chemnitz\" rel=\"nofollow noopener\" target=\"_blank\">Chemnitz<\/a> <\/strong>si fonda su due criteri ben precisi, come spiegato dalla procura di Halle. Secondo quanto dichiarato dal portavoce Benedikt Bernzen, la scelta \u00e8 stata determinata dal<strong> sesso femminale riconosciuto nei registri ufficiali <\/strong>e dalla sua <strong>residenza <\/strong>nello stato federale della Sassonia-Anhalt. La struttura di Chemnitz \u00e8 infatti l<strong>\u2019unico istituto penitenziario<\/strong> della regione<strong> destinato esclusivamente alle detenute<\/strong>. Per questo motivo, in conformit\u00e0 con le norme vigenti e i criteri di assegnazione, \u00e8 stata individuata come la destinazione adeguata per l\u2019esecuzione della pena. In questo caso il\u00a0<strong>quotidiano locale\u00a0Mitteldeutsche Zeitung\u00a0<\/strong>ha citato il ministero della Giustizia della Sassonia sottolineando come in alcuni casi si possano richiedere <strong>relazioni psicologiche o mediche aggiuntive<\/strong>\u00a0per dimostrare che qualcuno possa avere cambiato l&#8217;indicazione del proprio sesso per influenzare\u00a0intenzionalmente\u00a0le condizioni della propria detenzione.<\/p>\n<p>&#13;<br \/>\n                            \u00a9 RIPRODUZIONE RISERVATA&#13;<\/p>\n<p>&#13;<\/p>\n","protected":false},"excerpt":{"rendered":"Il punto serale sulle notizie del giorno Iscriviti e ricevi le notizie via email Sven Liebich, un neonazista&hellip;\n","protected":false},"author":3,"featured_media":68882,"comment_status":"","ping_status":"","sticky":false,"template":"","format":"standard","meta":{"footnotes":""},"categories":[160],"tags":[874,52811,14,164,165,3044,52459,166,7,15,3968,52468,11,167,12,168,161,162,163],"class_list":{"0":"post-68881","1":"post","2":"type-post","3":"status-publish","4":"format-standard","5":"has-post-thumbnail","7":"category-mondo","8":"tag-carcere","9":"tag-chemnitz","10":"tag-cronaca","11":"tag-dal-mondo","12":"tag-dalmondo","13":"tag-germania","14":"tag-marla-svenja-liebich","15":"tag-mondo","16":"tag-news","17":"tag-notizie","18":"tag-polemica","19":"tag-sven-liebich","20":"tag-ultime-notizie","21":"tag-ultime-notizie-di-mondo","22":"tag-ultimenotizie","23":"tag-ultimenotiziedimondo","24":"tag-world","25":"tag-world-news","26":"tag-worldnews"},"share_on_mastodon":{"url":"","error":""},"_links":{"self":[{"href":"https:\/\/www.europesays.com\/it\/wp-json\/wp\/v2\/posts\/68881","targetHints":{"allow":["GET"]}}],"collection":[{"href":"https:\/\/www.europesays.com\/it\/wp-json\/wp\/v2\/posts"}],"about":[{"href":"https:\/\/www.europesays.com\/it\/wp-json\/wp\/v2\/types\/post"}],"author":[{"embeddable":true,"href":"https:\/\/www.europesays.com\/it\/wp-json\/wp\/v2\/users\/3"}],"replies":[{"embeddable":true,"href":"https:\/\/www.europesays.com\/it\/wp-json\/wp\/v2\/comments?post=68881"}],"version-history":[{"count":0,"href":"https:\/\/www.europesays.com\/it\/wp-json\/wp\/v2\/posts\/68881\/revisions"}],"wp:featuredmedia":[{"embeddable":true,"href":"https:\/\/www.europesays.com\/it\/wp-json\/wp\/v2\/media\/68882"}],"wp:attachment":[{"href":"https:\/\/www.europesays.com\/it\/wp-json\/wp\/v2\/media?parent=68881"}],"wp:term":[{"taxonomy":"category","embeddable":true,"href":"https:\/\/www.europesays.com\/it\/wp-json\/wp\/v2\/categories?post=68881"},{"taxonomy":"post_tag","embeddable":true,"href":"https:\/\/www.europesays.com\/it\/wp-json\/wp\/v2\/tags?post=68881"}],"curies":[{"name":"wp","href":"https:\/\/api.w.org\/{rel}","templated":true}]}}