{"id":68961,"date":"2025-08-25T22:34:10","date_gmt":"2025-08-25T22:34:10","guid":{"rendered":"https:\/\/www.europesays.com\/it\/68961\/"},"modified":"2025-08-25T22:34:10","modified_gmt":"2025-08-25T22:34:10","slug":"inter-torino-5-0-doppietta-di-thuram-a-segno-anche-bastoni-lautaro-e-bonny","status":"publish","type":"post","link":"https:\/\/www.europesays.com\/it\/68961\/","title":{"rendered":"Inter-Torino 5-0: doppietta di Thuram, a segno anche Bastoni, Lautaro e Bonny"},"content":{"rendered":"<p class=\"chakra-text etrndzc0 css-8jppfn\">Le notti che ci mancavano, le notti per ritrovarsi a casa, con la gente di sempre, con i colori che amiamo. Ripartire \u00e8 sempre bello, sebbene non semplice n\u00e9 scontato. E la voglia di ripartire, di tornare a correre, in questo luned\u00ec di agosto, era tanta, troppa. Impossibile contenere l&#8217;affetto della gente, il bisogno di Inter, di avere di nuovo una strada davanti da iniziare, insieme. La prima di campionato diventa un contenitore di emozioni e cose belle: gol, cinque. Punti, i primi tre del campionato. Debutti, due: Bonny e Diouf. Prime volte: Sucic titolare, la prima rete di Bonny. E vecchie abitudini: i gol di Thuram, Bastoni che segna e regala assist, capitan Lautaro che sale sui cartelloni e raccoglie l&#8217;abbraccio della sua gente. Questa \u00e8 Inter-Torino: un 5-0 perentorio con cui inizia la Serie A della squadra di Cristian Chivu. Ecco: anche per il mister la prima sulla panchina interista al Meazza. Notte da ricordare.<\/p>\n<p>Inter d&#8217;assalto, fin dal calcio d&#8217;inizio. Il Torino di Baroni sulla carta ha offensivit\u00e0 e carte da giocare, con un 4-3-3 molto propositivo. Ma l&#8217;aggressivit\u00e0 dei nerazzurri fa capitolare presto la squadra granata, spesso soffocata a ridosso della propria area di rigore: tre dei cinque gol arriveranno infatti su riconquiste altissime orchestrate dai nerazzurri. Il gol che spacca il match, per\u00f2, si materializza al 18&#8242;: corner di Barella e spizzata sul primo palo di Bastoni, chirurgico di testa nel battere Israel. Il Torino si affida agli spunti di Ngonge, ma non punge mai con decisione. Dopo la mezz&#8217;ora, dunque, il raddoppio. Ferocissimi i nerazzurri nel battagliare a ridosso dell&#8217;area avversaria: Sucic, lucidissimo &#8211; uno dei pi\u00f9 positivi del match &#8211; inventa un assist in verticale per Thuram, che di destro insacca. Per Marcus un ritorno al gol contro il Torino, dopo la tripletta della passata stagione.<\/p>\n<p>Il finale di tempo \u00e8 un tiro al bersaglio da parte dei nerazzurri, con il portiere granata costretto a superarsi su Sucic, due volte su due conclusioni, e soprattutto sul colpo di testa di Acerbi. Solo in avvio di ripresa l&#8217;Inter patisce la reazione del Torino, ma Thuram, splendido trascinatore, riattiva il turbo e mette in crisi la difesa avversaria. Sulla quale, implacabile, si avventa il Toro, capitan Lautaro. Al 52&#8242;, su un disimpegno arretrato di Gineitis, pressato come tutta la difesa, si getta in scivolata e sigla il 3-0, prima di tornare ad abbracciare San Siro, in piedi sui cartelloni pubblicitari, in un gesto che mancava a tutto il popolo interista.<\/p>\n<p>Per gli oltre 70mila del Meazza lo show non \u00e8 finito, perch\u00e9 l&#8217;Inter, sulle ali dell&#8217;entusiasmo, martella e segna ancora. Bastoni, dopo il gol, aggiunge uno dei suoi assist: cross al bacio dalla trequarti e gran gol di testa di Marcus Thuram, che fa 4-0 sotto gli occhi del pap\u00e0 e del fratello. Tempo dunque di cambi, del debutto di Ange-Yoan Bonny in maglia interista. L&#8217;esordio \u00e8 da sogno: entra al posto di Thuram e dopo cinque minuti mette il sigillo sulla partita con il gol del 5-0: altro pallone riconquistato altissimo dall&#8217;Inter, gestito nell&#8217;area avversaria, con l&#8217;assist di Lautaro per il destro vincente dell&#8217;attaccante francese.<\/p>\n<p>Nel finale un altro esordio, quello di Andy Diouf, a rendere speciale per tutti il finale di partita: inizia cos\u00ec il campionato dell&#8217;Inter, con una netta e meritatissima vittoria casalinga.<\/p>\n","protected":false},"excerpt":{"rendered":"Le notti che ci mancavano, le notti per ritrovarsi a casa, con la gente di sempre, con i&hellip;\n","protected":false},"author":3,"featured_media":68962,"comment_status":"","ping_status":"","sticky":false,"template":"","format":"standard","meta":{"footnotes":""},"categories":[6],"tags":[14,8,1537,90,89,7,15,82,9,83,10,13,11,80,84,12,81,85],"class_list":{"0":"post-68961","1":"post","2":"type-post","3":"status-publish","4":"format-standard","5":"has-post-thumbnail","7":"category-ultime-notizie","8":"tag-cronaca","9":"tag-headlines","10":"tag-it","11":"tag-italia","12":"tag-italy","13":"tag-news","14":"tag-notizie","15":"tag-notizie-di-cronaca","16":"tag-notizie-principali","17":"tag-notiziedicronaca","18":"tag-notizieprincipali","19":"tag-titoli","20":"tag-ultime-notizie","21":"tag-ultime-notizie-di-cronaca","22":"tag-ultime-notizie-e-news-di-oggi","23":"tag-ultimenotizie","24":"tag-ultimenotiziedicronaca","25":"tag-ultimenotizieenewsdioggi"},"share_on_mastodon":{"url":"","error":""},"_links":{"self":[{"href":"https:\/\/www.europesays.com\/it\/wp-json\/wp\/v2\/posts\/68961","targetHints":{"allow":["GET"]}}],"collection":[{"href":"https:\/\/www.europesays.com\/it\/wp-json\/wp\/v2\/posts"}],"about":[{"href":"https:\/\/www.europesays.com\/it\/wp-json\/wp\/v2\/types\/post"}],"author":[{"embeddable":true,"href":"https:\/\/www.europesays.com\/it\/wp-json\/wp\/v2\/users\/3"}],"replies":[{"embeddable":true,"href":"https:\/\/www.europesays.com\/it\/wp-json\/wp\/v2\/comments?post=68961"}],"version-history":[{"count":0,"href":"https:\/\/www.europesays.com\/it\/wp-json\/wp\/v2\/posts\/68961\/revisions"}],"wp:featuredmedia":[{"embeddable":true,"href":"https:\/\/www.europesays.com\/it\/wp-json\/wp\/v2\/media\/68962"}],"wp:attachment":[{"href":"https:\/\/www.europesays.com\/it\/wp-json\/wp\/v2\/media?parent=68961"}],"wp:term":[{"taxonomy":"category","embeddable":true,"href":"https:\/\/www.europesays.com\/it\/wp-json\/wp\/v2\/categories?post=68961"},{"taxonomy":"post_tag","embeddable":true,"href":"https:\/\/www.europesays.com\/it\/wp-json\/wp\/v2\/tags?post=68961"}],"curies":[{"name":"wp","href":"https:\/\/api.w.org\/{rel}","templated":true}]}}