{"id":70527,"date":"2025-08-26T17:20:14","date_gmt":"2025-08-26T17:20:14","guid":{"rendered":"https:\/\/www.europesays.com\/it\/70527\/"},"modified":"2025-08-26T17:20:14","modified_gmt":"2025-08-26T17:20:14","slug":"la-baita-di-montagna-in-trentino-alto-adige","status":"publish","type":"post","link":"https:\/\/www.europesays.com\/it\/70527\/","title":{"rendered":"La baita di montagna in Trentino Alto Adige"},"content":{"rendered":"<p data-journey-content=\"true\" data-node-id=\"0\" class=\"css-i9p093 emevuu60\"><strong data-node-id=\"0.0\">Cosa immaginiamo quando pensiamo a una <a href=\"https:\/\/www.elledecor.com\/it\/case\/a62302234\/baita-alpi-sarah-poniatowski\/\" target=\"_blank\" data-vars-ga-outbound-link=\"https:\/\/www.elledecor.com\/it\/case\/a62302234\/baita-alpi-sarah-poniatowski\/\" data-vars-ga-ux-element=\"Hyperlink\" data-vars-ga-call-to-action=\"baita di montagna\" data-node-id=\"0.0.1\" class=\"body-link css-15fjk10 emevuu60\" rel=\"nofollow noopener\">baita di montagna<\/a>?<\/strong> Spesso ci vengono in mente arredi pesanti, decori elaborati, un\u2019estetica che rimanda alla tradizione alpina e a un calore avvolgente. \u00c8 l\u2019idea, l&#8217;ipotesi di un rifugio dove lo spirito della montagna ci riporta alla calma del bosco e il legno sembra emanare il suo profumo silenzioso di quiete. \u00c8 proprio questo profumo, intenso e naturale, a invadere gli spazi della casa di montagna progettata da <strong data-node-id=\"0.2\">Biquadra Studio<\/strong> ad Avelengo, in <a href=\"https:\/\/www.elledecor.com\/it\/viaggi\/a60626653\/borghi-piu-belli-italia-trentino\/\" target=\"_blank\" data-vars-ga-outbound-link=\"https:\/\/www.elledecor.com\/it\/viaggi\/a60626653\/borghi-piu-belli-italia-trentino\/\" data-vars-ga-ux-element=\"Hyperlink\" data-vars-ga-call-to-action=\"Trentino Alto Adige\" data-node-id=\"0.4\" class=\"body-link css-15fjk10 emevuu60\" rel=\"nofollow noopener\">Trentino Alto Adige<\/a>. Un\u2019alcova immersa nel paesaggio, che si erge come un monolite in legno, definendo un luogo pensato per il relax. L\u2019architettura richiama le classiche baite alpine: tetto a spiovente, grandi vetrate, sviluppo verticale e un ampio spazio circostante che la integra perfettamente nel paesaggio.<\/p>\n<p><img draggable=\"true\" alt=\"baita di montagna contemporanea\" title=\"baita di montagna contemporanea\" loading=\"lazy\" width=\"3000\" height=\"2250\" decoding=\"async\" data-nimg=\"1\" style=\"color:transparent;width:100%;height:auto;\"   src=\"https:\/\/www.europesays.com\/it\/wp-content\/uploads\/2025\/08\/cdperbellini-casaavelengo-003-68906f913219e.jpg\" class=\"css-0 e1g79fud0\"\/><a target=\"_blank\" rel=\"noopener nofollow\" data-theme-key=\"base-link\" href=\"https:\/\/pinterest.com\/pin\/create\/button\/?url=https:\/\/www.elledecor.com\/it\/case\/a65588518\/baita-di-montagna-del-futuro\/&amp;description=elledecoritalia&amp;media=https:\/\/hips.hearstapps.com\/hmg-prod\/images\/cdperbellini-casaavelengo-003-68906f913219e.jpg?resize=1600:*\" class=\"pinterest css-on9hn5 e1c1bym14\"><img decoding=\"async\" data-dynamic-svg=\"true\" src=\"https:\/\/www.elledecor.com\/_assets\/design-tokens\/fre\/static\/icons\/social\/pinterest.e8cf655.svg?primary=%2523ffffff\" loading=\"lazy\" data-testid=\"dynamic-svg-base\" height=\"auto\" width=\"auto\" alt=\"pinterest\" class=\"css-4lml0h e1mlxuuw1\"\/><\/a><\/p>\n<p>Davide Perbellini<\/p>\n<p> <img draggable=\"true\" alt=\"modern wooden house situated in a forested area\" title=\"modern wooden house situated in a forested area\" loading=\"lazy\" width=\"3000\" height=\"2250\" decoding=\"async\" data-nimg=\"1\" style=\"color:transparent;width:100%;height:auto;\"   src=\"https:\/\/www.europesays.com\/it\/wp-content\/uploads\/2025\/08\/cdperbellini-casaavelengo-004-68906fd803ae0.jpg\" class=\"css-0 e1g79fud0\"\/><a target=\"_blank\" rel=\"noopener nofollow\" data-theme-key=\"base-link\" href=\"https:\/\/pinterest.com\/pin\/create\/button\/?url=https:\/\/www.elledecor.com\/it\/case\/a65588518\/baita-di-montagna-del-futuro\/&amp;description=elledecoritalia&amp;media=https:\/\/hips.hearstapps.com\/hmg-prod\/images\/cdperbellini-casaavelengo-004-68906fd803ae0.jpg?resize=1600:*\" class=\"pinterest css-on9hn5 e1c1bym14\"><img decoding=\"async\" data-dynamic-svg=\"true\" src=\"https:\/\/www.elledecor.com\/_assets\/design-tokens\/fre\/static\/icons\/social\/pinterest.e8cf655.svg?primary=%2523ffffff\" loading=\"lazy\" data-testid=\"dynamic-svg-base\" height=\"auto\" width=\"auto\" alt=\"pinterest\" class=\"css-4lml0h e1mlxuuw1\"\/><\/a><\/p>\n<p>Davide Perbellini<\/p>\n<p data-journey-content=\"true\" data-node-id=\"5\" class=\"css-i9p093 emevuu60\">La casa \u00e8 di dimensioni contenute, ma proprio in questa misura ridotta trova la sua forza: un rifugio intimo e confortevole che non si chiude all\u2019ambiente esterno, ma anzi lo abbraccia grazie a vetrate a tutta altezza. La luce naturale diventa parte del progetto, entra negli interni e si fonde con la materia, trasformandosi in un elemento architettonico essenziale. All\u2019interno, <strong data-node-id=\"5.1\">il <a href=\"https:\/\/www.elledecor.com\/it\/case\/a60563248\/appartamento-59-metri-barcellona-caldo-stile-moderno\/\" target=\"_blank\" data-vars-ga-outbound-link=\"https:\/\/www.elledecor.com\/it\/case\/a60563248\/appartamento-59-metri-barcellona-caldo-stile-moderno\/\" data-vars-ga-ux-element=\"Hyperlink\" data-vars-ga-call-to-action=\"legno\" data-node-id=\"5.1.1\" class=\"body-link css-15fjk10 emevuu60\" rel=\"nofollow noopener\">legno<\/a> domina<\/strong> completamente: riveste pareti, soffitti, scale e balconi, creando un continuum visivo che caratterizza ogni ambiente. La materia dialoga con la luce, dando vita a giochi di chiaroscuro che dissolvono il confine tra interno ed esterno.<\/p>\n<p><img draggable=\"true\" alt=\"wooden house with natural surroundings\" title=\"wooden house with natural surroundings\" loading=\"lazy\" width=\"3000\" height=\"4000\" decoding=\"async\" data-nimg=\"1\" style=\"color:transparent;width:100%;height:auto;\"   src=\"https:\/\/www.europesays.com\/it\/wp-content\/uploads\/2025\/08\/cdperbellini-casaavelengo-002-6890700558ed1.jpg\" class=\"css-0 e1g79fud0\"\/><a target=\"_blank\" rel=\"noopener nofollow\" data-theme-key=\"base-link\" href=\"https:\/\/pinterest.com\/pin\/create\/button\/?url=https:\/\/www.elledecor.com\/it\/case\/a65588518\/baita-di-montagna-del-futuro\/&amp;description=elledecoritalia&amp;media=https:\/\/hips.hearstapps.com\/hmg-prod\/images\/cdperbellini-casaavelengo-002-6890700558ed1.jpg?resize=1600:*\" class=\"pinterest css-on9hn5 e1c1bym14\"><img decoding=\"async\" data-dynamic-svg=\"true\" src=\"https:\/\/www.elledecor.com\/_assets\/design-tokens\/fre\/static\/icons\/social\/pinterest.e8cf655.svg?primary=%2523ffffff\" loading=\"lazy\" data-testid=\"dynamic-svg-base\" height=\"auto\" width=\"auto\" alt=\"pinterest\" class=\"css-4lml0h e1mlxuuw1\"\/><\/a><\/p>\n<p>Davide Perbellini<\/p>\n<p><img draggable=\"true\" alt=\"interni montani in legno\" title=\"interni montani in legno\" loading=\"lazy\" width=\"3000\" height=\"2250\" decoding=\"async\" data-nimg=\"1\" style=\"color:transparent;width:100%;height:auto;\"   src=\"https:\/\/www.europesays.com\/it\/wp-content\/uploads\/2025\/08\/cdperbellini-casaavelengo-009-689070773c84e.jpg\" class=\"css-0 e1g79fud0\"\/><a target=\"_blank\" rel=\"noopener nofollow\" data-theme-key=\"base-link\" href=\"https:\/\/pinterest.com\/pin\/create\/button\/?url=https:\/\/www.elledecor.com\/it\/case\/a65588518\/baita-di-montagna-del-futuro\/&amp;description=elledecoritalia&amp;media=https:\/\/hips.hearstapps.com\/hmg-prod\/images\/cdperbellini-casaavelengo-009-689070773c84e.jpg?resize=1600:*\" class=\"pinterest css-on9hn5 e1c1bym14\"><img decoding=\"async\" data-dynamic-svg=\"true\" src=\"https:\/\/www.elledecor.com\/_assets\/design-tokens\/fre\/static\/icons\/social\/pinterest.e8cf655.svg?primary=%2523ffffff\" loading=\"lazy\" data-testid=\"dynamic-svg-base\" height=\"auto\" width=\"auto\" alt=\"pinterest\" class=\"css-4lml0h e1mlxuuw1\"\/><\/a><\/p>\n<p>Davide Perbellini<\/p>\n<p data-journey-content=\"true\" data-node-id=\"9\" class=\"css-i9p093 emevuu60\"><strong data-node-id=\"9.0\">Gli arredi mescolano tradizione e contemporaneit\u00e0<\/strong>, impreziositi da tessuti locali e intrecci materici che si integrano senza mai spezzare l\u2019armonia dello spazio. Nicchie morbide dai toni neutri dell\u2019azzurro si alternano a spazi pi\u00f9 essenziali, alleggerendo la severit\u00e0 delle geometrie. Il legno funge da quinta naturale, modulando prospettive e visuali; lo sguardo dell\u2019<strong data-node-id=\"9.2\">architetta Christina Biasi-von Berg<\/strong> guida il percorso attraverso dettagli e inquadrature che raccontano una precisa visione progettuale. Concepita come abitazione privata, questa architettura riesce a fondere <strong data-node-id=\"9.4\">la bellezza di una tradizione secolare<\/strong> con un approccio profondamente contemporaneo. Sostenibilit\u00e0 e bioedilizia non sono parole di circostanza, ma il nucleo stesso del progetto. La continuit\u00e0 materica non \u00e8 un semplice esercizio estetico: \u00e8 il filo conduttore che definisce una direzione chiara, capace di dare forma a un rifugio in cui natura e costruito convivono senza fratture.<\/p>\n<p><img draggable=\"true\" alt=\"interni in legno baita di montagna\" title=\"interni in legno baita di montagna\" loading=\"lazy\" width=\"3000\" height=\"2250\" decoding=\"async\" data-nimg=\"1\" style=\"color:transparent;width:100%;height:auto;\"   src=\"https:\/\/www.europesays.com\/it\/wp-content\/uploads\/2025\/08\/cdperbellini-casaavelengo-007-689070b19bf83.jpg\" class=\"css-0 e1g79fud0\"\/><a target=\"_blank\" rel=\"noopener nofollow\" data-theme-key=\"base-link\" href=\"https:\/\/pinterest.com\/pin\/create\/button\/?url=https:\/\/www.elledecor.com\/it\/case\/a65588518\/baita-di-montagna-del-futuro\/&amp;description=elledecoritalia&amp;media=https:\/\/hips.hearstapps.com\/hmg-prod\/images\/cdperbellini-casaavelengo-007-689070b19bf83.jpg?resize=1600:*\" class=\"pinterest css-on9hn5 e1c1bym14\"><img decoding=\"async\" data-dynamic-svg=\"true\" src=\"https:\/\/www.elledecor.com\/_assets\/design-tokens\/fre\/static\/icons\/social\/pinterest.e8cf655.svg?primary=%2523ffffff\" loading=\"lazy\" data-testid=\"dynamic-svg-base\" height=\"auto\" width=\"auto\" alt=\"pinterest\" class=\"css-4lml0h e1mlxuuw1\"\/><\/a><\/p>\n<p>Davide Perbellini<\/p>\n<p><img draggable=\"true\" alt=\"interni in legno scala\" title=\"interni in legno scala\" loading=\"lazy\" width=\"3000\" height=\"4000\" decoding=\"async\" data-nimg=\"1\" style=\"color:transparent;width:100%;height:auto;\"   src=\"https:\/\/www.europesays.com\/it\/wp-content\/uploads\/2025\/08\/cdperbellini-casaavelengo-015-689070d732cdf.jpg\" class=\"css-0 e1g79fud0\"\/><a target=\"_blank\" rel=\"noopener nofollow\" data-theme-key=\"base-link\" href=\"https:\/\/pinterest.com\/pin\/create\/button\/?url=https:\/\/www.elledecor.com\/it\/case\/a65588518\/baita-di-montagna-del-futuro\/&amp;description=elledecoritalia&amp;media=https:\/\/hips.hearstapps.com\/hmg-prod\/images\/cdperbellini-casaavelengo-015-689070d732cdf.jpg?resize=1600:*\" class=\"pinterest css-on9hn5 e1c1bym14\"><img decoding=\"async\" data-dynamic-svg=\"true\" src=\"https:\/\/www.elledecor.com\/_assets\/design-tokens\/fre\/static\/icons\/social\/pinterest.e8cf655.svg?primary=%2523ffffff\" loading=\"lazy\" data-testid=\"dynamic-svg-base\" height=\"auto\" width=\"auto\" alt=\"pinterest\" class=\"css-4lml0h e1mlxuuw1\"\/><\/a><\/p>\n<p>Davide Perbellini<\/p>\n<p> <img draggable=\"true\" alt=\"interni tutti in legno\" title=\"interni tutti in legno\" loading=\"lazy\" width=\"3000\" height=\"4000\" decoding=\"async\" data-nimg=\"1\" style=\"color:transparent;width:100%;height:auto;\"   src=\"https:\/\/www.europesays.com\/it\/wp-content\/uploads\/2025\/08\/cdperbellini-casaavelengo-011-689070f9796d7.jpg\" class=\"css-0 e1g79fud0\"\/><a target=\"_blank\" rel=\"noopener nofollow\" data-theme-key=\"base-link\" href=\"https:\/\/pinterest.com\/pin\/create\/button\/?url=https:\/\/www.elledecor.com\/it\/case\/a65588518\/baita-di-montagna-del-futuro\/&amp;description=elledecoritalia&amp;media=https:\/\/hips.hearstapps.com\/hmg-prod\/images\/cdperbellini-casaavelengo-011-689070f9796d7.jpg?resize=1600:*\" class=\"pinterest css-on9hn5 e1c1bym14\"><img decoding=\"async\" data-dynamic-svg=\"true\" src=\"https:\/\/www.elledecor.com\/_assets\/design-tokens\/fre\/static\/icons\/social\/pinterest.e8cf655.svg?primary=%2523ffffff\" loading=\"lazy\" data-testid=\"dynamic-svg-base\" height=\"auto\" width=\"auto\" alt=\"pinterest\" class=\"css-4lml0h e1mlxuuw1\"\/><\/a><\/p>\n<p>Davide Perbellini<\/p>\n<p><img draggable=\"true\" alt=\"portico il legno\" title=\"portico il legno\" loading=\"lazy\" width=\"3000\" height=\"4000\" decoding=\"async\" data-nimg=\"1\" style=\"color:transparent;width:100%;height:auto;\"   src=\"https:\/\/www.europesays.com\/it\/wp-content\/uploads\/2025\/08\/cdperbellini-casaavelengo-013-689071242e702.jpg\" class=\"css-0 e1g79fud0\"\/><a target=\"_blank\" rel=\"noopener nofollow\" data-theme-key=\"base-link\" href=\"https:\/\/pinterest.com\/pin\/create\/button\/?url=https:\/\/www.elledecor.com\/it\/case\/a65588518\/baita-di-montagna-del-futuro\/&amp;description=elledecoritalia&amp;media=https:\/\/hips.hearstapps.com\/hmg-prod\/images\/cdperbellini-casaavelengo-013-689071242e702.jpg?resize=1600:*\" class=\"pinterest css-on9hn5 e1c1bym14\"><img decoding=\"async\" data-dynamic-svg=\"true\" src=\"https:\/\/www.elledecor.com\/_assets\/design-tokens\/fre\/static\/icons\/social\/pinterest.e8cf655.svg?primary=%2523ffffff\" loading=\"lazy\" data-testid=\"dynamic-svg-base\" height=\"auto\" width=\"auto\" alt=\"pinterest\" class=\"css-4lml0h e1mlxuuw1\"\/><\/a><\/p>\n<p>Davide Perbellini<\/p>\n<p data-journey-content=\"true\" data-node-id=\"16\" class=\"css-i9p093 emevuu60\"><a href=\"https:\/\/www.biquadra.com\/\" target=\"_blank\" rel=\"nofollow noopener\" data-vars-ga-outbound-link=\"https:\/\/www.biquadra.com\/\" data-vars-ga-ux-element=\"Hyperlink\" data-vars-ga-call-to-action=\"www.biquadra.com\" data-node-id=\"16.0\" class=\"body-link css-15fjk10 emevuu60\">www.biquadra.com<\/a><\/p>\n<p data-journey-content=\"true\" data-node-id=\"17\" class=\"css-i9p093 emevuu60\">Il progetto ha partecipato all&#8217;open call dell&#8217;edizione 2024 di Best of Interiors di Elle Decor Italia dedicata alla categoria New Talent, promossa da <a data-vars-ga-ux-element=\"Hyperlink\" data-node-id=\"17.0.0.1\" data-mrf-link=\"https:\/\/dexelance.com\/it\/\" id=\"OWA42e428d6-3b98-f9ad-eea7-44704e9bc802\" data-auth=\"NotApplicable\" href=\"https:\/\/dexelance.com\/it\/\" title=\"https:\/\/dexelance.com\/it\/\" data-vars-ga-outbound-link=\"https:\/\/dexelance.com\/it\/\" data-vars-ga-call-to-action=\"Dexelance\" class=\"body-link css-15fjk10 emevuu60\" rel=\"nofollow noopener\" target=\"_blank\">Dexelance<\/a>. In occasione del lancio dell&#8217;edizione 2025, partecipa alla nuova call. <strong data-node-id=\"17.0.1\"><a data-vars-ga-ux-element=\"Hyperlink\" data-node-id=\"17.0.1.0.0\" data-mrf-link=\"https:\/\/bestofinteriors.elledecor.it\/\" id=\"OWAbfc03e9f-fa06-28a4-f13e-53c6cb3ead01\" data-auth=\"NotApplicable\" href=\"https:\/\/bestofinteriors.elledecor.it\/\" title=\"https:\/\/bestofinteriors.elledecor.it\/\" data-vars-ga-outbound-link=\"https:\/\/bestofinteriors.elledecor.it\/\" data-vars-ga-call-to-action=\"candidati qui\" class=\"body-link css-15fjk10 emevuu60\" rel=\"nofollow noopener\" target=\"_blank\">Candidati qui<\/a>!<\/strong><\/p>\n<p><img src=\"https:\/\/www.europesays.com\/it\/wp-content\/uploads\/2025\/08\/f21a6d26-d022-482a-b207-2acd80a1455b_1689588655.file\" alt=\"Headshot of Ludovica Proietti\" title=\"Headshot of Ludovica Proietti\" width=\"100%\" height=\"100%\" decoding=\"async\" loading=\"lazy\" class=\"css-o0wq4v ev8dhu53\"\/><\/p>\n<p>Ludovica Proietti ha studiato Architettura per non fare mai l\u2019architetto. Dopo un master in Design ha conseguito un tirocinio con Domitilla Dardi e ne \u00e8 diventata assistente, sia in cattedra che per la curatela di diversi eventi, specializzandosi in Storia del Design e dell\u2019Architettura. Ha curato talk ed eventi inerenti al design presso lo spazio di co-working romano Ala\/34 fino al 2019 e, attualmente, insegna in diversi istituti della capitale ed \u00e8 senior editor per il blog Cieloterradesign. Consulente e giornalista freelance, ha a cuore la cultura del progetto contemporaneo cercando sempre di privilegiare prospettive mai scontate. \u00a0\u00a0<\/p>\n","protected":false},"excerpt":{"rendered":"Cosa immaginiamo quando pensiamo a una baita di montagna? Spesso ci vengono in mente arredi pesanti, decori elaborati,&hellip;\n","protected":false},"author":3,"featured_media":70528,"comment_status":"","ping_status":"","sticky":false,"template":"","format":"standard","meta":{"footnotes":""},"categories":[1446],"tags":[1615,1613,1614,1611,1610,53720,727,1612,203,204,1537,90,89,31391],"class_list":{"0":"post-70527","1":"post","2":"type-post","3":"status-publish","4":"format-standard","5":"has-post-thumbnail","7":"category-arte-e-design","8":"tag-arte","9":"tag-arte-e-design","10":"tag-arteedesign","11":"tag-arts","12":"tag-arts-and-design","13":"tag-baita","14":"tag-case","15":"tag-design","16":"tag-entertainment","17":"tag-intrattenimento","18":"tag-it","19":"tag-italia","20":"tag-italy","21":"tag-rifugio"},"share_on_mastodon":{"url":"","error":""},"_links":{"self":[{"href":"https:\/\/www.europesays.com\/it\/wp-json\/wp\/v2\/posts\/70527","targetHints":{"allow":["GET"]}}],"collection":[{"href":"https:\/\/www.europesays.com\/it\/wp-json\/wp\/v2\/posts"}],"about":[{"href":"https:\/\/www.europesays.com\/it\/wp-json\/wp\/v2\/types\/post"}],"author":[{"embeddable":true,"href":"https:\/\/www.europesays.com\/it\/wp-json\/wp\/v2\/users\/3"}],"replies":[{"embeddable":true,"href":"https:\/\/www.europesays.com\/it\/wp-json\/wp\/v2\/comments?post=70527"}],"version-history":[{"count":0,"href":"https:\/\/www.europesays.com\/it\/wp-json\/wp\/v2\/posts\/70527\/revisions"}],"wp:featuredmedia":[{"embeddable":true,"href":"https:\/\/www.europesays.com\/it\/wp-json\/wp\/v2\/media\/70528"}],"wp:attachment":[{"href":"https:\/\/www.europesays.com\/it\/wp-json\/wp\/v2\/media?parent=70527"}],"wp:term":[{"taxonomy":"category","embeddable":true,"href":"https:\/\/www.europesays.com\/it\/wp-json\/wp\/v2\/categories?post=70527"},{"taxonomy":"post_tag","embeddable":true,"href":"https:\/\/www.europesays.com\/it\/wp-json\/wp\/v2\/tags?post=70527"}],"curies":[{"name":"wp","href":"https:\/\/api.w.org\/{rel}","templated":true}]}}