{"id":70564,"date":"2025-08-26T17:46:10","date_gmt":"2025-08-26T17:46:10","guid":{"rendered":"https:\/\/www.europesays.com\/it\/70564\/"},"modified":"2025-08-26T17:46:10","modified_gmt":"2025-08-26T17:46:10","slug":"stefano-de-martino-costretto-ad-anticipare-la-fine-delle-vacanze-forte-nervosismo-i-dettagli","status":"publish","type":"post","link":"https:\/\/www.europesays.com\/it\/70564\/","title":{"rendered":"Stefano De Martino costretto ad anticipare la fine delle vacanze: &#8220;Forte nervosismo&#8221;. I dettagli"},"content":{"rendered":"<p>Amato, anzi amatissimo (da tutti). Da quando era un semplice allievo della scuola di Amici, di strada ne ha fatta. Si sta parlando, ovviamente, di Stefano De Martino. Il conduttore &#8211; nato a Torre Annunziata nel 1989 &#8211; \u00e8 alle prese con i nuovi impegni lavorativi. \u201cAffari Tuoi\u201d, logicamente, ma anche il \u201cFestival di Sanremo\u201d (anche se qui si tratta di indiscrezioni)<\/p>\n<p>Il rientro anticipato<\/p>\n<p>A spiegare meglio cosa sta succedendo, ci pensa Alberto Dandolo su \u201cOggi\u201d. Il giornalista, infatti, spiega che De Martino in teoria sarebbe dovuto tornare pi\u00f9 tardi a lavoro. Invece, il grande successo de \u201cLa Ruota della Fortuna\u201d (condotta da Gerry Scotti su Canale 5, con Samira Lui) avrebbe costretto De Martino ad anticipare il rientro per mettersi a lavoro.<\/p>\n<p>Il presentatore napoletano, infatti, sarebbe gi\u00e0 alle prese con l&#8217;inizio delle registrazioni delle puntate della nuova edizione di \u201cAffari Tuoi\u201d la cui messa in onda verr\u00e0 anticipata rispetto alla tabella di marcia inizialmente prevista (riprender\u00e0 il 2 settembre). Come e quando di preciso non si sa, visto che comunque \u00e8 ancora in giro con il \u201cMeglio stasera!\u201d tour estivo (l&#8217;ultima data prevista \u00e8 a Cagliari per il 31 agosto).<\/p>\n<p><a href=\"https:\/\/www.today.it\/tv\/news\/stefano-de-martino-sanremo-affari-tuoi.html\" target=\"_blank\" rel=\"nofollow noopener\">De Martino, il retroscena: &#8220;Sanremo lo condurr\u00e0 lui, contatti serrati con la politica&#8221;. Poi la mossa, inaspettata, della Rai<\/a>\u00a0<\/p>\n<p>Dandolo parla di un \u201cforte nervosismo\u201d che si respirerebbe in Rai per il clamoroso ed successo estivo del programma di Scotti, che si scontrer\u00e0 per la prima volta con il gioco dei pacchi.\u00a0<\/p>\n<p>Come sta De Martino (che gi\u00e0 penserebbe a Sanremo)<\/p>\n<p>Persone vicine a De Martino, invece, lo descrivono come sereno e pronto a intraprendere una nuova stagione televisiva. Con un approccio totalmente diverso rispetto allo scorso anno quando in molti pensavano che non avrebbe mai potuto reggere l&#8217;eredit\u00e0 di Amadeus. E invece, con i fatti, De Martino ha dimostrato tutt&#8217;altro.<\/p>\n<p><a href=\"https:\/\/www.today.it\/gossip\/vip\/stefano-de-martino-belen-caroline-figlio.html\" target=\"_blank\" rel=\"nofollow noopener\">Stefano De Martino, la clamorosa giravolta: &#8220;\u00c8 tornato a scrivere a Belen, anche se Caroline gli ha chiesto un figlio&#8221;<\/a>\u00a0<\/p>\n<p>E intanto pare che stia gi\u00e0 pensando a <a href=\"https:\/\/www.today.it\/tv\/news\/stefano-de-martino-sanremo-affari-tuoi.html\" rel=\"nofollow noopener\" target=\"_blank\">Sanremo, che potrebbe condurre nel 2027. Non si sa se solo o con Carlo Conti<\/a>. A questo punto non resta che attendere; al momento &#8211; neanche a dirlo &#8211; non sono arrivate smentite n\u00e9 conferme ufficiali da parte della Rai o del diretto interessato.<\/p>\n","protected":false},"excerpt":{"rendered":"Amato, anzi amatissimo (da tutti). Da quando era un semplice allievo della scuola di Amici, di strada ne&hellip;\n","protected":false},"author":3,"featured_media":70565,"comment_status":"","ping_status":"","sticky":false,"template":"","format":"standard","meta":{"footnotes":""},"categories":[1451],"tags":[33428,1621,1620,203,204,1537,90,89,1766],"class_list":{"0":"post-70564","1":"post","2":"type-post","3":"status-publish","4":"format-standard","5":"has-post-thumbnail","7":"category-celebrita","8":"tag-affari-tuoi","9":"tag-celebrita","10":"tag-celebrities","11":"tag-entertainment","12":"tag-intrattenimento","13":"tag-it","14":"tag-italia","15":"tag-italy","16":"tag-stefano-de-martino"},"share_on_mastodon":{"url":"","error":""},"_links":{"self":[{"href":"https:\/\/www.europesays.com\/it\/wp-json\/wp\/v2\/posts\/70564","targetHints":{"allow":["GET"]}}],"collection":[{"href":"https:\/\/www.europesays.com\/it\/wp-json\/wp\/v2\/posts"}],"about":[{"href":"https:\/\/www.europesays.com\/it\/wp-json\/wp\/v2\/types\/post"}],"author":[{"embeddable":true,"href":"https:\/\/www.europesays.com\/it\/wp-json\/wp\/v2\/users\/3"}],"replies":[{"embeddable":true,"href":"https:\/\/www.europesays.com\/it\/wp-json\/wp\/v2\/comments?post=70564"}],"version-history":[{"count":0,"href":"https:\/\/www.europesays.com\/it\/wp-json\/wp\/v2\/posts\/70564\/revisions"}],"wp:featuredmedia":[{"embeddable":true,"href":"https:\/\/www.europesays.com\/it\/wp-json\/wp\/v2\/media\/70565"}],"wp:attachment":[{"href":"https:\/\/www.europesays.com\/it\/wp-json\/wp\/v2\/media?parent=70564"}],"wp:term":[{"taxonomy":"category","embeddable":true,"href":"https:\/\/www.europesays.com\/it\/wp-json\/wp\/v2\/categories?post=70564"},{"taxonomy":"post_tag","embeddable":true,"href":"https:\/\/www.europesays.com\/it\/wp-json\/wp\/v2\/tags?post=70564"}],"curies":[{"name":"wp","href":"https:\/\/api.w.org\/{rel}","templated":true}]}}