{"id":7081,"date":"2025-07-25T06:45:37","date_gmt":"2025-07-25T06:45:37","guid":{"rendered":"https:\/\/www.europesays.com\/it\/7081\/"},"modified":"2025-07-25T06:45:37","modified_gmt":"2025-07-25T06:45:37","slug":"249-partecipanti-alluniversita-di-foggia","status":"publish","type":"post","link":"https:\/\/www.europesays.com\/it\/7081\/","title":{"rendered":"249 partecipanti all\u2019Universit\u00e0 di Foggia"},"content":{"rendered":"<p>Il Megafono dei Cinque Reali Siti \u00e8 un portale di informazione libero e indipendente che si pone l&#8217;obiettivo di documentare i fatti relativi ad Orta Nova, Carapelle, Stornarella, Stornara e Ordona, senza tralasciare le vicende pi\u00f9 rilevanti che riguardano l&#8217;intera provincia di Foggia e il territorio nazionale. Il Megafono 5RS \u00e8 stato fondato nel 2009 ed \u00e8 stato rilanciato nell&#8217;aprile del 2016  con questo nuovo formato grafico. Il sito \u00e8 regolarmente registrato presso la Sezione Editoria del Tribunale di Foggia, con decreto n.8\/2016 del 26 settembre.<br \/>\nLa collaborazione al giornale, la fornitura di articoli e foto sono da ritenersi a titolo gratuito. Sono presenti contenuti pubblicitari. <br \/>\nContattaci: <a style=\"color: #e03140;\" href=\"https:\/\/ilmegafono.eu\/2025\/07\/23\/concorso-nazionale-di-ammissione-alle-scuole-di-specializzazione-di-area-sanitaria-249-partecipanti-alluniversita-di-foggia\/mailto:megafono5rs.info@gmail.com\" rel=\"nofollow noopener\" target=\"_blank\">megafono5rs.info@gmail.com<\/a><\/p>\n","protected":false},"excerpt":{"rendered":"Il Megafono dei Cinque Reali Siti \u00e8 un portale di informazione libero e indipendente che si pone l&#8217;obiettivo&hellip;\n","protected":false},"author":3,"featured_media":7082,"comment_status":"","ping_status":"","sticky":false,"template":"","format":"standard","meta":{"footnotes":""},"categories":[1481],"tags":[2065,2066,10366,239,2063,2064,1537,90,89,240],"class_list":{"0":"post-7081","1":"post","2":"type-post","3":"status-publish","4":"format-standard","5":"has-post-thumbnail","7":"category-assistenza-sanitaria","8":"tag-assistenza-sanitaria","9":"tag-assistenzasanitaria","10":"tag-foggia","11":"tag-health","12":"tag-health-care","13":"tag-healthcare","14":"tag-it","15":"tag-italia","16":"tag-italy","17":"tag-salute"},"share_on_mastodon":{"url":"","error":""},"_links":{"self":[{"href":"https:\/\/www.europesays.com\/it\/wp-json\/wp\/v2\/posts\/7081","targetHints":{"allow":["GET"]}}],"collection":[{"href":"https:\/\/www.europesays.com\/it\/wp-json\/wp\/v2\/posts"}],"about":[{"href":"https:\/\/www.europesays.com\/it\/wp-json\/wp\/v2\/types\/post"}],"author":[{"embeddable":true,"href":"https:\/\/www.europesays.com\/it\/wp-json\/wp\/v2\/users\/3"}],"replies":[{"embeddable":true,"href":"https:\/\/www.europesays.com\/it\/wp-json\/wp\/v2\/comments?post=7081"}],"version-history":[{"count":0,"href":"https:\/\/www.europesays.com\/it\/wp-json\/wp\/v2\/posts\/7081\/revisions"}],"wp:featuredmedia":[{"embeddable":true,"href":"https:\/\/www.europesays.com\/it\/wp-json\/wp\/v2\/media\/7082"}],"wp:attachment":[{"href":"https:\/\/www.europesays.com\/it\/wp-json\/wp\/v2\/media?parent=7081"}],"wp:term":[{"taxonomy":"category","embeddable":true,"href":"https:\/\/www.europesays.com\/it\/wp-json\/wp\/v2\/categories?post=7081"},{"taxonomy":"post_tag","embeddable":true,"href":"https:\/\/www.europesays.com\/it\/wp-json\/wp\/v2\/tags?post=7081"}],"curies":[{"name":"wp","href":"https:\/\/api.w.org\/{rel}","templated":true}]}}