{"id":71181,"date":"2025-08-27T00:45:11","date_gmt":"2025-08-27T00:45:11","guid":{"rendered":"https:\/\/www.europesays.com\/it\/71181\/"},"modified":"2025-08-27T00:45:11","modified_gmt":"2025-08-27T00:45:11","slug":"dramma-a-milano-ragazzo-di-17-anni-cade-in-bici-sulla-ciclabile-in-viale-omero-e-gravissimo","status":"publish","type":"post","link":"https:\/\/www.europesays.com\/it\/71181\/","title":{"rendered":"Dramma a Milano, ragazzo di 17 anni cade in bici sulla ciclabile in viale Omero: \u00e8 gravissimo"},"content":{"rendered":"<p>Milano, 26 agosto 2025 \u2013 <strong>Grave incidente<\/strong> questa sera, marted\u00ec 26 agosto, a <strong>Milano<\/strong>.\u00a0Un <strong>17enne <\/strong>\u00e8 rimasto ferito in modo grave dopo essere caduto mentre transitava per strada, pare su una <strong>pista ciclabile<\/strong>. Lo ha comunicato il 118, che alle <strong>21.50 \u00e8 intervenuto in viale Omero per i soccorsi.<\/strong><\/p>\n<p> <img alt=\"\" loading=\"lazy\" width=\"1600\" height=\"1200\" decoding=\"async\" data-nimg=\"1\" style=\"color:transparent;max-width:100%;height:auto\"   src=\"https:\/\/www.europesays.com\/it\/wp-content\/uploads\/2025\/08\/1756255511_942_image.webp\"\/> <\/p>\n<p>Il 17enne in condizioni critiche <\/p>\n<p>Stando a quanto emerso le condizioni del ragazzo coinvolto nell\u2019incidente sono gravi. L\u2019allarme \u00e8 stato lanciato da\u00a0<strong>Areu <\/strong>(Agenzia Regionale Emergenza Urgenza) alle 21.50. Sono accorse un\u2019ambulanza e un\u2019automedica. La condizioni del 17enne sono apparse da subito critiche.\u00a0In base alle prime informazioni il <strong>giovanissimo avrebbe perso conoscenza<\/strong>.<\/p>\n<p>La dinamica al vaglio della polizia locale <\/p>\n<p>Le <strong>indagini<\/strong> sull\u2019accaduto\u00a0sono in carico alla <strong>Polizia Locale<\/strong> che sta ancora ricostruendo cosa \u00e8 successo. Dalle prime informazioni alla bici del giovane si sarebbe improvvisamente <strong>staccata una ruota, facendolo rovinare a terra<\/strong>. Il ferito \u00e8 stato soccorso in codice rosso, quello di massima gravit\u00e0. Al momento non \u00e8 noto se si trovasse da solo o in compagnia di altre persone al momento del tragico incidente.\u00a0<\/p>\n","protected":false},"excerpt":{"rendered":"Milano, 26 agosto 2025 \u2013 Grave incidente questa sera, marted\u00ec 26 agosto, a Milano.\u00a0Un 17enne \u00e8 rimasto ferito&hellip;\n","protected":false},"author":3,"featured_media":71182,"comment_status":"","ping_status":"","sticky":false,"template":"","format":"standard","meta":{"footnotes":""},"categories":[79],"tags":[3508,712,692,14,93,94,24532,22079,1537,90,89,28,7,15,54053,5402,11,84,91,12,85,92,9776],"class_list":{"0":"post-71181","1":"post","2":"type-post","3":"status-publish","4":"format-standard","5":"has-post-thumbnail","7":"category-italia","8":"tag-bici","9":"tag-cade","10":"tag-ciclabile","11":"tag-cronaca","12":"tag-cronaca-italiana","13":"tag-cronacaitaliana","14":"tag-dramma","15":"tag-gravissimo","16":"tag-it","17":"tag-italia","18":"tag-italy","19":"tag-milano","20":"tag-news","21":"tag-notizie","22":"tag-omero","23":"tag-ragazzo","24":"tag-ultime-notizie","25":"tag-ultime-notizie-e-news-di-oggi","26":"tag-ultime-notizie-italia","27":"tag-ultimenotizie","28":"tag-ultimenotizieenewsdioggi","29":"tag-ultimenotizieitalia","30":"tag-viale"},"share_on_mastodon":{"url":"","error":""},"_links":{"self":[{"href":"https:\/\/www.europesays.com\/it\/wp-json\/wp\/v2\/posts\/71181","targetHints":{"allow":["GET"]}}],"collection":[{"href":"https:\/\/www.europesays.com\/it\/wp-json\/wp\/v2\/posts"}],"about":[{"href":"https:\/\/www.europesays.com\/it\/wp-json\/wp\/v2\/types\/post"}],"author":[{"embeddable":true,"href":"https:\/\/www.europesays.com\/it\/wp-json\/wp\/v2\/users\/3"}],"replies":[{"embeddable":true,"href":"https:\/\/www.europesays.com\/it\/wp-json\/wp\/v2\/comments?post=71181"}],"version-history":[{"count":0,"href":"https:\/\/www.europesays.com\/it\/wp-json\/wp\/v2\/posts\/71181\/revisions"}],"wp:featuredmedia":[{"embeddable":true,"href":"https:\/\/www.europesays.com\/it\/wp-json\/wp\/v2\/media\/71182"}],"wp:attachment":[{"href":"https:\/\/www.europesays.com\/it\/wp-json\/wp\/v2\/media?parent=71181"}],"wp:term":[{"taxonomy":"category","embeddable":true,"href":"https:\/\/www.europesays.com\/it\/wp-json\/wp\/v2\/categories?post=71181"},{"taxonomy":"post_tag","embeddable":true,"href":"https:\/\/www.europesays.com\/it\/wp-json\/wp\/v2\/tags?post=71181"}],"curies":[{"name":"wp","href":"https:\/\/api.w.org\/{rel}","templated":true}]}}