{"id":71231,"date":"2025-08-27T01:31:09","date_gmt":"2025-08-27T01:31:09","guid":{"rendered":"https:\/\/www.europesays.com\/it\/71231\/"},"modified":"2025-08-27T01:31:09","modified_gmt":"2025-08-27T01:31:09","slug":"limportante-e-finire-compie-50-anni-la-storia-dietro-al-brano-nato-da-una-notte-a-parigi-di-malgioglio-e-consacrato-da-mina","status":"publish","type":"post","link":"https:\/\/www.europesays.com\/it\/71231\/","title":{"rendered":"&#8220;L&#8217;importante \u00e8 finire&#8221; compie 50 anni. La storia dietro al brano nato da una notte a Parigi di Malgioglio e consacrato da Mina"},"content":{"rendered":"<p>Si torna al <strong>1974<\/strong>, quando un giovane <strong>Cristiano Malgioglio<\/strong> si trovava a <strong>Parig<\/strong>i, immerso in un ambiente artistico vibrante. Collaborava con il cantautore francese <strong>Christophe<\/strong> e frequentava figure di spicco come <strong>Serge Gainsbourg,<\/strong> noto per il suo stile provocatorio e innovativo. Fu proprio<strong> Gainsbourg<\/strong> a chiedere a Malgioglio se avesse <strong>un brano<\/strong> da proporgli. &#8220;<strong>Ero in una stanza d&#8217;albergo, non riuscivo a dormire<\/strong> &#8211; racconta Malgioglio in un&#8217;intervista a LaPresse .-\u00a0Cos\u00ec, di getto, scrissi il testo di <strong>L\u2019importante \u00e8 finire&#8221;.<\/strong>\u00a0Il testo, carico di passione e di un erotismo sottile, era ispirato a <strong>un&#8217;esperienza personale<\/strong> dell&#8217;autore,<strong> una storia d&#8217;amore tormentata<\/strong> e intensa, lontana per\u00f2 da qualsiasi intento pornografico, come Malgioglio ha sempre ribadito. Il progetto con Gainsbourg non si concretizz\u00f2, e il testo rimase <strong>inedito<\/strong> per un breve periodo. Tuttavia, <strong>il destino del brano<\/strong> cambi\u00f2 quando incroci\u00f2 il cammino del maestro <strong>Alberto Anelli<\/strong>. &#8220;In cinque minuti Anelli compose la musica&#8221;, ricorda Malgioglio. <strong>Le soluzioni melodiche di Anelli<\/strong>, moderne e audaci per l&#8217;epoca, diedero al testo una veste sonora perfetta, creando un equilibrio tra <strong>eleganza e provocazione<\/strong>. Il brano era pronto, ma il suo viaggio verso il successo era appena iniziato.<\/p>\n<blockquote class=\"instagram-media\" data-instgrm-captioned=\"\" data-instgrm-permalink=\"https:\/\/www.instagram.com\/reel\/DK2M4u2MaVV\/?utm_source=ig_embed&amp;utm_campaign=loading\" data-instgrm-version=\"14\" style=\"background: #FFF; border: 0; border-radius: 3px; box-shadow: 0 0 1px 0 rgba(0,0,0,0.5),0 1px 10px 0 rgba(0,0,0,0.15); margin: 1px; max-width: 540px; min-width: 326px; padding: 0; width: calc(100% - 2px);\"><p>&#13;<br \/>\n&#13;\n<\/p><\/blockquote>\n<p>    <a href=\"https:\/\/corrieredellumbria.it\/news\/cultura--spettacoli-e-tv\/381536\/gianni-morandi-si-prende-una-pausa-dai-social-il-telefono-non-ce-la-fa-piu-a-starmi-dietro.html\" class=\"vc_cont_image\" rel=\"nofollow noopener\" target=\"_blank\"><img decoding=\"async\" class=\"vc_image\" src=\"https:\/\/corrieredellumbria.it\/resizer\/150\/-1\/true\/2025_08_26\/Progetto_senza_titolo-12-1756223600606.jpg--gianni_morandi_si_prende_una_pausa_dai_social___il_telefono_non_ce_la_fa_piu_a_starmi_dietro_.jpg?1756223600731\"\/><\/a><\/p>\n<p><strong>L&#8217;approdo a Mina e la scintilla creativa<\/strong><\/p>\n<p>Quando il provino di <strong>L\u2019importante \u00e8 finire<\/strong> arriv\u00f2 alla casa discografica di Mina, <strong>la reazione<\/strong> fu immediata. La Tigre di Cremona, gi\u00e0 allora una delle voci pi\u00f9 amate e influenti d&#8217;Italia, <strong>si innamor\u00f2 del brano<\/strong>. La sua capacit\u00e0 di interpretare testi con profondit\u00e0 e intensit\u00e0 trasform\u00f2 <strong>le parole di Malgioglio<\/strong> in un&#8217;esperienza emotiva unica. <strong>Mina<\/strong> registr\u00f2 il brano con un&#8217;interpretazione che ne esaltava <strong>il pathos e la sensualit\u00e0<\/strong>, rendendolo indimenticabile. <strong>La registrazione<\/strong> avvenne negli studi della <strong>PDU<\/strong>, l&#8217;etichetta fondata da Mina stessa, e il brano fu inserito nell&#8217;album <strong>La Mina<\/strong> (1975). Tuttavia, il percorso verso la pubblicazione non fu privo di ostacoli.<strong> La frase &#8220;l\u2019importante \u00e8 finire&#8221;<\/strong> suscit\u00f2 le perplessit\u00e0 dei <strong>censori<\/strong>, che vi lessero allusioni sessuali considerate <strong>troppo esplicite<\/strong> per l&#8217;epoca. Per questo motivo, il brano fu inizialmente relegato al lato B del singolo <strong>E poi\u2026<\/strong>, una scelta strategica per attenuare le critiche.<\/p>\n<blockquote class=\"instagram-media\" data-instgrm-captioned=\"\" data-instgrm-permalink=\"https:\/\/www.instagram.com\/p\/DHncZAQtNR5\/?utm_source=ig_embed&amp;utm_campaign=loading\" data-instgrm-version=\"14\" style=\"background: #FFF; border: 0; border-radius: 3px; box-shadow: 0 0 1px 0 rgba(0,0,0,0.5),0 1px 10px 0 rgba(0,0,0,0.15); margin: 1px; max-width: 540px; min-width: 326px; padding: 0; width: calc(100% - 2px);\"><p>&#13;<br \/>\n&#13;\n<\/p><\/blockquote>\n<p>    <a href=\"https:\/\/corrieredellumbria.it\/news\/attualita\/381512\/elodie-e-irama-ex-e-il-titolo-del-loro-nuovo-singolo-sull-amore-che-brucia-il-viaggio-nelle-loro-storie-passate.html\" class=\"vc_cont_image\" rel=\"nofollow noopener\" target=\"_blank\"><img decoding=\"async\" class=\"vc_image\" src=\"https:\/\/corrieredellumbria.it\/resizer\/150\/-1\/true\/2025_08_26\/WhatsApp_Image_2025-08-26_at_15.53.43-1756216434364_1756216459.jpeg--elodie_e_irama___ex__e_il_titolo_del_loro_nuovo_singolo_sull_amore_che_brucia__il_viaggio_nelle_loro_storie_passate.jpeg?1756216459171\"\/><\/a><\/p>\n<p><strong>L&#8217;ostracismo delle radio e la rivincita del pubblico<\/strong><\/p>\n<p>Nonostante il talento di Mina e la qualit\u00e0 del brano, <strong>L&#8217;importante \u00e8 finire<\/strong> incontr\u00f2 una forte <strong>resistenza<\/strong> da parte delle radio italiane, che lo consideravano <strong>troppo audace<\/strong>. &#8220;<strong>Mia madre mi chiese cosa avessi scritto di cos\u00ec scabroso<\/strong> &#8211; racconta Malgioglio con ironia .- Le dissi che era uno dei pezzi pi\u00f9 belli che avessi mai composto&#8221;.<strong> La censura<\/strong>, tuttavia, non riusc\u00ec a fermare il brano. <strong>Il pubblico<\/strong> lo accolse con entusiasmo, e la sua popolarit\u00e0 crebbe rapidamente, trasformandolo in un <strong>successo commerciale<\/strong>. Scal\u00f2 le classifiche, diventando <strong>uno dei brani pi\u00f9 rappresentativi<\/strong> degli anni &#8217;70 e dimostrando che la forza di una canzone pu\u00f2 superare anche i pregiudizi pi\u00f9 rigidi. <strong>Il testo<\/strong>, con il suo linguaggio diretto e universale, parlava di un<strong> amore fisico e tormentato<\/strong>, ma lo faceva con una raffinatezza che ne amplificava il fascino. <strong>La melodia di Anelli<\/strong>, con il suo ritmo avvolgente e le sonorit\u00e0 innovative, si combinava perfettamente con<strong> la voce di Mina<\/strong>, creando un&#8217;alchimia che conquist\u00f2 gli ascoltatori. <strong>L&#8217;importante \u00e8 finire<\/strong> divenne un inno alla libert\u00e0 espressiva, un brano che sfidava le convenzioni senza mai perdere la sua eleganza.<\/p>\n<p>    <a href=\"https:\/\/corrieredellumbria.it\/news\/attualita\/381525\/kim-kardashian-alla-mostra-del-cinema-di-venezia-per-il-premio-dvf-awards-2025.html\" class=\"vc_cont_image\" rel=\"nofollow noopener\" target=\"_blank\"><img decoding=\"async\" class=\"vc_image\" src=\"https:\/\/corrieredellumbria.it\/resizer\/150\/-1\/true\/2025_08_26\/WhatsApp_Image_2025-08-26_at_16.53.24-1756220043951_1756220063.jpeg--kim_kardashian_alla_mostra_del_cinema_di_venezia_per_il_premio_dvf_awards_2025.jpeg?1756220063679\"\/><\/a><\/p>\n<p><strong>L&#8217;eredit\u00e0 e il sodalizio con Mina<\/strong><\/p>\n<p>Il successo di<strong> L&#8217;importante \u00e8 finire <\/strong>segn\u00f2 l\u2019inizio di una collaborazione fruttuosa tra <strong>Cristiano Malgioglio e Min<\/strong>a. Tre anni dopo, nel 1978, i due tornarono a lavorare insieme su <strong>Ancora ancora ancora<\/strong>, un altro capolavoro che consolid\u00f2 il loro sodalizio artistico. Presentato durante<strong> l&#8217;ultima esibizione pubblica di Mina<\/strong>, il 23 agosto 1978, alla <strong>Bussola di Viareggio<\/strong>, il brano divenne un altro classico della musica italiana. La sua fama travalic\u00f2 i confini nazionali, tanto che <strong>Liza Minnelli<\/strong> espresse il desiderio di interpretarlo, e di recente \u00e8 stato remixato dal produttore <strong>Mark Ronson<\/strong>, collaboratore di artisti come <strong>Beyonc\u00e9 <\/strong>e <strong>Lady Gaga.<\/strong><strong\/><\/p>\n<p><strong>Un brano senza tempo<\/strong><\/p>\n<p>A <strong>cinquant&#8217;anni<\/strong> dalla sua uscita, L&#8217;importante \u00e8 finire rimane <strong>un pilastro<\/strong> della musica italiana. La sua modernit\u00e0, sia nei testi che nelle sonorit\u00e0, lo rende ancora oggi attuale e capace di parlare a nuove generazioni. Come sottolinea <strong>Malgioglio<\/strong>, &#8220;il brano <strong>non ha risentito del tempo che passa<\/strong>&#8221; e la sua capacit\u00e0 di evocare emozioni universali, unita all\u2019interpretazione magistrale di <strong>Mina<\/strong>, lo ha reso un classico intramontabile.<\/p>\n<p>\t\t\t<script async src=\"\/\/www.instagram.com\/embed.js\"><\/script><\/p>\n","protected":false},"excerpt":{"rendered":"Si torna al 1974, quando un giovane Cristiano Malgioglio si trovava a Parigi, immerso in un ambiente artistico&hellip;\n","protected":false},"author":3,"featured_media":71232,"comment_status":"","ping_status":"","sticky":false,"template":"","format":"standard","meta":{"footnotes":""},"categories":[1443],"tags":[54070,54072,54073,54068,54067,203,204,1537,90,89,54071,16229,1538,1539,1289,23817,54069],"class_list":{"0":"post-71231","1":"post","2":"type-post","3":"status-publish","4":"format-standard","5":"has-post-thumbnail","7":"category-musica","8":"tag-alberto-anelli","9":"tag-ancora-ancora-ancora","10":"tag-bussola-di-viareggio","11":"tag-christophe","12":"tag-cristiano-malgioglio","13":"tag-entertainment","14":"tag-intrattenimento","15":"tag-it","16":"tag-italia","17":"tag-italy","18":"tag-limportante-e-finire","19":"tag-mina","20":"tag-music","21":"tag-musica","22":"tag-parigi","23":"tag-pdu","24":"tag-serge-gainsbourg"},"share_on_mastodon":{"url":"","error":""},"_links":{"self":[{"href":"https:\/\/www.europesays.com\/it\/wp-json\/wp\/v2\/posts\/71231","targetHints":{"allow":["GET"]}}],"collection":[{"href":"https:\/\/www.europesays.com\/it\/wp-json\/wp\/v2\/posts"}],"about":[{"href":"https:\/\/www.europesays.com\/it\/wp-json\/wp\/v2\/types\/post"}],"author":[{"embeddable":true,"href":"https:\/\/www.europesays.com\/it\/wp-json\/wp\/v2\/users\/3"}],"replies":[{"embeddable":true,"href":"https:\/\/www.europesays.com\/it\/wp-json\/wp\/v2\/comments?post=71231"}],"version-history":[{"count":0,"href":"https:\/\/www.europesays.com\/it\/wp-json\/wp\/v2\/posts\/71231\/revisions"}],"wp:featuredmedia":[{"embeddable":true,"href":"https:\/\/www.europesays.com\/it\/wp-json\/wp\/v2\/media\/71232"}],"wp:attachment":[{"href":"https:\/\/www.europesays.com\/it\/wp-json\/wp\/v2\/media?parent=71231"}],"wp:term":[{"taxonomy":"category","embeddable":true,"href":"https:\/\/www.europesays.com\/it\/wp-json\/wp\/v2\/categories?post=71231"},{"taxonomy":"post_tag","embeddable":true,"href":"https:\/\/www.europesays.com\/it\/wp-json\/wp\/v2\/tags?post=71231"}],"curies":[{"name":"wp","href":"https:\/\/api.w.org\/{rel}","templated":true}]}}