{"id":72181,"date":"2025-08-27T12:48:10","date_gmt":"2025-08-27T12:48:10","guid":{"rendered":"https:\/\/www.europesays.com\/it\/72181\/"},"modified":"2025-08-27T12:48:10","modified_gmt":"2025-08-27T12:48:10","slug":"milan-un-mercato-senza-coerenza-allegri-voleva-una-squadra-ora-e-corsa-contro-il-tempo-per-accontentarlo","status":"publish","type":"post","link":"https:\/\/www.europesays.com\/it\/72181\/","title":{"rendered":"Milan, un mercato senza coerenza: Allegri voleva una squadra, ora \u00e8 corsa contro il tempo per accontentarlo"},"content":{"rendered":"<p><a href=\"https:\/\/www.calciomercato.com\/about\/redazione\/andrea-distaso\/7\" class=\"article-details_article-details__section__element--authorName__j3rZA article-details_link__9uNPj\" rel=\"nofollow noopener\" target=\"_blank\">Andrea Distaso<\/a>27 ago 2025, 12:33<\/p>\n<p>Ultimi aggiornamenti: 27 ago 2025, 12:33<\/p>\n<p>Le mosse effettuate, tra giugno e le prime settimane di agosto, sconfessano clamorosamente il lavoro dell&#8217;allenatore e le sue volont\u00e0. I correttivi last minute hanno poco senso<\/p>\n<p><strong>Domanda provocatoria: nell&#8217;estate del calcio, caratterizzata da ritiri, test amichevoli (sempre pi\u00f9 sostituite con tourn\u00e9e in giro per il mondo per esigenze economiche) e mesi di lunghe ed estenuanti trattative, che cosa \u00e8 diventato pi\u00f9 \u201cdannoso\u201d ed illusorio tra il calciomercato e il pre-campionato? Sarebbe interessante indirizzare questo quesito a Massimiliano Allegri, <\/strong>ritrovatosi a pochi giorni dal gong del 1\u00b0 settembre con una squadra ancora incompleta e che rischia di risultare stravolta rispetto a quella su cui ha lavorato tra luglio e agosto.<\/p>\n<p><a href=\"https:\/\/whatsapp.com\/channel\/0029VaVijAc5K3zMuRLvqA09 \" target=\"_blank\" rel=\"nofollow noopener\">Tutti gli AGGIORNAMENTI in TEMPO REALE! Unisciti al canale WHATSAPP DI CALCIOMERCATO.COM: clicca qui<\/a><\/p>\n","protected":false},"excerpt":{"rendered":"Andrea Distaso27 ago 2025, 12:33 Ultimi aggiornamenti: 27 ago 2025, 12:33 Le mosse effettuate, tra giugno e le&hellip;\n","protected":false},"author":3,"featured_media":72182,"comment_status":"","ping_status":"","sticky":false,"template":"","format":"standard","meta":{"footnotes":"","_share_on_mastodon":"0"},"categories":[176],"tags":[8780,54678,1744,10908,1537,90,89,10907,245,244],"class_list":["post-72181","post","type-post","status-publish","format-standard","has-post-thumbnail","category-sport","tag-a-jashari","tag-a-rabiot","tag-ac-milan","tag-features","tag-it","tag-italia","tag-italy","tag-opinion","tag-sport","tag-sports"],"share_on_mastodon":{"url":"","error":""},"_links":{"self":[{"href":"https:\/\/www.europesays.com\/it\/wp-json\/wp\/v2\/posts\/72181","targetHints":{"allow":["GET"]}}],"collection":[{"href":"https:\/\/www.europesays.com\/it\/wp-json\/wp\/v2\/posts"}],"about":[{"href":"https:\/\/www.europesays.com\/it\/wp-json\/wp\/v2\/types\/post"}],"author":[{"embeddable":true,"href":"https:\/\/www.europesays.com\/it\/wp-json\/wp\/v2\/users\/3"}],"replies":[{"embeddable":true,"href":"https:\/\/www.europesays.com\/it\/wp-json\/wp\/v2\/comments?post=72181"}],"version-history":[{"count":0,"href":"https:\/\/www.europesays.com\/it\/wp-json\/wp\/v2\/posts\/72181\/revisions"}],"wp:featuredmedia":[{"embeddable":true,"href":"https:\/\/www.europesays.com\/it\/wp-json\/wp\/v2\/media\/72182"}],"wp:attachment":[{"href":"https:\/\/www.europesays.com\/it\/wp-json\/wp\/v2\/media?parent=72181"}],"wp:term":[{"taxonomy":"category","embeddable":true,"href":"https:\/\/www.europesays.com\/it\/wp-json\/wp\/v2\/categories?post=72181"},{"taxonomy":"post_tag","embeddable":true,"href":"https:\/\/www.europesays.com\/it\/wp-json\/wp\/v2\/tags?post=72181"}],"curies":[{"name":"wp","href":"https:\/\/api.w.org\/{rel}","templated":true}]}}