{"id":73750,"date":"2025-08-28T07:49:08","date_gmt":"2025-08-28T07:49:08","guid":{"rendered":"https:\/\/www.europesays.com\/it\/73750\/"},"modified":"2025-08-28T07:49:08","modified_gmt":"2025-08-28T07:49:08","slug":"shania-twain-compie-60-anni-ha-cresciuto-i-suoi-fratelli-dopo-la-perdita-dei-genitori-il-successo-mondiale-con-lalbum-come-on-over-cosa-fa-oggi-7-segreti","status":"publish","type":"post","link":"https:\/\/www.europesays.com\/it\/73750\/","title":{"rendered":"Shania Twain compie 60 anni: ha cresciuto i suoi fratelli dopo la perdita dei genitori, il successo mondiale con l&#8217;album \u00abCome on Over\u00bb, cosa fa oggi, 7 segreti"},"content":{"rendered":"<p class=\"chapter-paragraph\">Nel corso della sua carriera ha venduto oltre 100 milioni di dischi nel mondo, e proprio oggi festeggia il suo compleanno. Parliamo della cantautrice canadese\u00a0Shania Twain. \u00c8 nata a Windsor, in Ontario, il 28 agosto 1965, figlia di\u00a0Sharon e Clarence Edwards che si separarono quando la star (Eilleen Regina Edwards all&#8217;anagrafe) aveva soltanto due anni. Il cognome\u00a0Twain deriva dal secondo marito di Sharon,\u00a0Jerry Twain, che adott\u00f2 Shania e le sorelle Jill e Carrie Ann (Sharon e Jerry ebbero anche un figlio insieme, Mark). E questa non \u00e8 l&#8217;unica curiosit\u00e0 sull&#8217;artista di Man! I Feel like a Woman!.<\/p>\n","protected":false},"excerpt":{"rendered":"Nel corso della sua carriera ha venduto oltre 100 milioni di dischi nel mondo, e proprio oggi festeggia&hellip;\n","protected":false},"author":3,"featured_media":73751,"comment_status":"","ping_status":"","sticky":false,"template":"","format":"standard","meta":{"footnotes":"","_share_on_mastodon":"0"},"categories":[174],"tags":[2699,8133,3960,2852,4014,2942,28014,1902,36189,9185,34502,55565,8784,55566,55567,14966,203,1909,55559,55560,55561,2716,322,55568,204,1537,90,89,2824,55562,4879,55563,55564,55556,55557,2933,55555,55558],"class_list":["post-73750","post","type-post","status-publish","format-standard","has-post-thumbnail","category-intrattenimento","tag-agosto","tag-album","tag-alcune","tag-artista","tag-canada","tag-cantante","tag-cantautrice","tag-carriera","tag-country","tag-decise","tag-dedicarsi","tag-dedicarsi-musica","tag-don","tag-don-impress","tag-don-impress-much","tag-edwards","tag-entertainment","tag-famiglia","tag-feel","tag-feel-like","tag-feel-like-woman","tag-figlio","tag-fratelli","tag-impress","tag-intrattenimento","tag-it","tag-italia","tag-italy","tag-like","tag-like-woman","tag-man","tag-man-feel","tag-man-feel-like","tag-shania","tag-shania-twain","tag-sharon","tag-twain","tag-woman"],"share_on_mastodon":{"url":"","error":""},"_links":{"self":[{"href":"https:\/\/www.europesays.com\/it\/wp-json\/wp\/v2\/posts\/73750","targetHints":{"allow":["GET"]}}],"collection":[{"href":"https:\/\/www.europesays.com\/it\/wp-json\/wp\/v2\/posts"}],"about":[{"href":"https:\/\/www.europesays.com\/it\/wp-json\/wp\/v2\/types\/post"}],"author":[{"embeddable":true,"href":"https:\/\/www.europesays.com\/it\/wp-json\/wp\/v2\/users\/3"}],"replies":[{"embeddable":true,"href":"https:\/\/www.europesays.com\/it\/wp-json\/wp\/v2\/comments?post=73750"}],"version-history":[{"count":0,"href":"https:\/\/www.europesays.com\/it\/wp-json\/wp\/v2\/posts\/73750\/revisions"}],"wp:featuredmedia":[{"embeddable":true,"href":"https:\/\/www.europesays.com\/it\/wp-json\/wp\/v2\/media\/73751"}],"wp:attachment":[{"href":"https:\/\/www.europesays.com\/it\/wp-json\/wp\/v2\/media?parent=73750"}],"wp:term":[{"taxonomy":"category","embeddable":true,"href":"https:\/\/www.europesays.com\/it\/wp-json\/wp\/v2\/categories?post=73750"},{"taxonomy":"post_tag","embeddable":true,"href":"https:\/\/www.europesays.com\/it\/wp-json\/wp\/v2\/tags?post=73750"}],"curies":[{"name":"wp","href":"https:\/\/api.w.org\/{rel}","templated":true}]}}