{"id":74289,"date":"2025-08-28T14:07:26","date_gmt":"2025-08-28T14:07:26","guid":{"rendered":"https:\/\/www.europesays.com\/it\/74289\/"},"modified":"2025-08-28T14:07:26","modified_gmt":"2025-08-28T14:07:26","slug":"festival-di-venezia-2025-ospiti-e-programma-di-oggi-28-agosto-diretta","status":"publish","type":"post","link":"https:\/\/www.europesays.com\/it\/74289\/","title":{"rendered":"Festival di Venezia 2025, ospiti e programma di oggi 28 agosto. DIRETTA"},"content":{"rendered":"<p>Gioved\u00ec <strong>28 agosto<\/strong> all\u2019<strong>82esima edizione della Mostra Internazionale del Cinema di Venezia<\/strong> (<a href=\"\\&quot;https:\/\/tg24.sky.it\/spettacolo\/eventi\/festival-venezia\\&quot;\" data-intcmp=\"\\&quot;skytg24_liveblog_interlink_text\\&quot;\"><strong>LO SPECIALE<\/strong><\/a> \u2013 <a href=\"\\&quot;https:\/\/tg24.sky.it\/spettacolo\/cinema\/2025\/08\/27\/look-venezia-red-carpet-apertura\\&quot;\" data-intcmp=\"\\&quot;skytg24_liveblog_interlink_text\\&quot;\"><strong>LE PAGELLE AGLI ABITI SUL RED CARPET<\/strong><\/a>) vanno in scena i primi <strong>divi internazionali<\/strong>.\\n<\/p>\n<p>In <strong>Concorso<\/strong> (<a href=\"\\&quot;https:\/\/tg24.sky.it\/spettacolo\/cinema\/2025\/08\/26\/mostra-cinema-venezia-2025-film\\&quot;\" data-intcmp=\"\\&quot;skytg24_liveblog_interlink_text\\&quot;\"><strong>TUTTI I FILM IN CONCORSO<\/strong><\/a>) torna <a href=\"\\&quot;https:\/\/tg24.sky.it\/spettacolo\/cinema\/video\/2025\/08\/27\/george-clooney-amal-venezia\\&quot;\" data-intcmp=\"\\&quot;skytg24_liveblog_interlink_text\\&quot;\"><strong>George Clooney <\/strong><\/a>(che per\u00f2 ha saltato la conferenza stampa di presentazione a causa di una <strong>sinusite<\/strong>) nel film corale <a href=\"\\&quot;https:\/\/tg24.sky.it\/spettacolo\/cinema\/2025\/08\/05\/trailer-jay-kelly-film-george-clooney\\&quot;\" data-intcmp=\"\\&quot;skytg24_liveblog_interlink_text\\&quot;\">Jay Kelly<\/a>di <strong>Noah Baumbach<\/strong>, con un super cast che comprende<strong> Adam Sandler<\/strong>, <strong>Laura Dern<\/strong>, <strong>Billy Crudup<\/strong>, <strong>Alba Rohrwacher<\/strong> e <strong>Greta Gerwig<\/strong> (anche co-sceneggiatrice insieme al marito regista). La pellicola segue il famoso attore cinematografico Jay Kelly e il suo devoto manager Ron in un vorticoso viaggio di inattesa profondit\u00e0 attraverso l&#8217;Europa. Lungo la strada sono entrambi costretti a fare i conti con le scelte che hanno fatto, con i rapporti con i loro cari e con l\u2019eredit\u00e0 che lasceranno alle generazioni future.<\/p>\n<p>\\n\\n<\/p>\n<p>Sempre in <strong>Concorso<\/strong> anche il film <a href=\"\\&quot;https:\/\/tg24.sky.it\/spettacolo\/cinema\/video\/2025\/06\/27\/bugonia-film-yorgos-lanthimos-trailer-video-1019839\\&quot;\" data-intcmp=\"\\&quot;skytg24_liveblog_interlink_text\\&quot;\">Bugonia<\/a> di <strong>Yorgos Lanthimos<\/strong> e con <strong>Emma Stone<\/strong>, che ripropone il sodalizio vincitore del Leone d&#8217;Oro nel 2023 con Povere creature!. Due giovani con l&#8217;ossessione dei complotti rapiscono la potente amministratrice delegata di una grande azienda, convinti che sia un&#8217;aliena intenzionata a distruggere il pianeta Terra.<\/p>\n<p>\\n\\n<\/p>\n<p>Ancora in <strong>Concorso<\/strong> il film Orphan di<strong> Laszlo Nemes<\/strong>. Ambientato a Budapest nel 1957 dopo la rivolta contro il regime comunista, racconta la storia di Andor, un ragazzino ebreo che, cresciuto dalla madre con narrazioni idealizzate sul padre defunto, deve invece confrontarsi con la figura di un uomo brutale che all\u2019improvviso afferma di essere il suo vero padre.<\/p>\n<p>\\n\\n<\/p>\n<p><strong>Fuori Concorso<\/strong>, invece, c\u2019\u00e8 la prima ufficiale del documentario Ghost Elephants di <a href=\"\\&quot;https:\/\/tg24.sky.it\/spettacolo\/cinema\/2025\/08\/27\/francis-ford-coppola-werner-herzog-leone-d-oro-carriera-mostra-cinema-venezia\\&quot;\" data-intcmp=\"\\&quot;skytg24_liveblog_interlink_text\\&quot;\"><strong>Werner Herzog<\/strong>, titolare del Leone d\u2019Oro alla Carriera 2025<\/a>. Da dieci anni, il Dottor Steve Boyes \u00e8 alla ricerca di un misterioso e sfuggente branco di elefanti fantasma sulle montagne dell&#8217;Angola.<\/p>\n<p>\\n\\n<\/p>\n<p>Nella sezione <strong>Orizzonti<\/strong> debutta la regista <strong>Carolina Cavalli<\/strong> con Il rapimento di Arabella, con <strong>Benedetta Porcaroli<\/strong>. Nel road movie, Holly, 28 anni, ha sempre creduto di essere la versione sbagliata di s\u00e9 stessa. Quando incontra una bambina di nome Arabella, si convince di aver trovato la s\u00e9 stessa di un tempo.<\/p>\n<p>\\n\\n<\/p>\n<p>Alle <a href=\"\\&quot;https:\/\/tg24.sky.it\/spettacolo\/cinema\/2025\/07\/24\/giornate-degli-autori-2025-programma-festival-venezia\\&quot;\" data-intcmp=\"\\&quot;skytg24_liveblog_interlink_text\\&quot;\"><strong>Giornate degli Autori<\/strong><\/a> c\u2019\u00e8 <strong>l\u2019unico titolo italiano in gara<\/strong> (<a href=\"\\&quot;https:\/\/tg24.sky.it\/spettacolo\/cinema\/2025\/08\/24\/film-italiani-festival-venezia-2025\\&quot;\" data-intcmp=\"\\&quot;skytg24_liveblog_interlink_text\\&quot;\"><strong>TUTTI I FILM ITALIANI IN CONCORSO E NON<\/strong><\/a>), La gioia di <strong>Nicolangelo Gelormini <\/strong>con <strong>Valeria Golino<\/strong>, <strong>Saul Nanni <\/strong>e <strong>Jasmine Trinca<\/strong>. Ispirato a un fatto di cronaca nera, l&#8217;assassinio di Gloria Rosboch, racconta la storia di Gioia, un&#8217;insegnante di liceo che non ha mai conosciuto l&#8217;amore. Tra gli studenti della sua scuola c&#8217;\u00e8 Alessio, un ragazzo, che usa il suo corpo come uno strumento. Tra loro nasce un legame proibito.<\/p>\n<p>&#8220;,&#8221;postId&#8221;:&#8221;cebaaf33-f1ab-425d-8598-1e3c8bc71ccc&#8221;,&#8221;postLink&#8221;:{&#8220;title&#8221;:&#8221;&#8221;,&#8221;url&#8221;:&#8221;&#8221;,&#8221;imageSrc&#8221;:&#8221;&#8221;}}],&#8221;posts&#8221;:[{&#8220;timestamp&#8221;:&#8221;2025-08-28T13:59:53.505Z&#8221;,&#8221;timestampUtcIt&#8221;:&#8221;2025-08-28T15:59:53+0200&#8243;,&#8221;image&#8221;:{&#8220;imgSrc&#8221;:&#8221;https:\/\/www.europesays.com\/it\/wp-content\/uploads\/2025\/08\/greta-gerwig-noah-baumbach-getty.jpg&#8221;,&#8221;imgAlt&#8221;:&#8221;Greta Gerwig e Noah Baumbach&#8221;,&#8221;imgCredits&#8221;:&#8221;\u00a9Getty&#8221;,&#8221;imgCaption&#8221;:null},&#8221;altBackground&#8221;:true,&#8221;title&#8221;:&#8221;Noah Baumbach e Greta Gerwig al Lido&#8221;,&#8221;content&#8221;:&#8221;<\/p>\n<p>Al Venezia 82 ci sono anche il regista del film Jay Kally oggi in <strong>Concorso <\/strong>el&#8217;attrice e regista, che recita nella pellicola e che \u00e8 anche sua moglie<\/p>\n<p>&#8220;,&#8221;postId&#8221;:&#8221;d979f4bb-4df7-42f6-808a-2066c90fb475&#8243;,&#8221;postLink&#8221;:{&#8220;title&#8221;:&#8221;&#8221;,&#8221;url&#8221;:&#8221;&#8221;,&#8221;imageSrc&#8221;:&#8221;&#8221;}},{&#8220;timestamp&#8221;:&#8221;2025-08-28T13:57:12.703Z&#8221;,&#8221;timestampUtcIt&#8221;:&#8221;2025-08-28T15:57:12+0200&#8243;,&#8221;image&#8221;:{&#8220;imgSrc&#8221;:&#8221;https:\/\/www.europesays.com\/it\/wp-content\/uploads\/2025\/08\/emma-stone-venezia-festival-getty.jpg&#8221;,&#8221;imgAlt&#8221;:&#8221;Emma Stone&#8221;,&#8221;imgCredits&#8221;:&#8221;\u00a9Getty&#8221;,&#8221;imgCaption&#8221;:null},&#8221;altBackground&#8221;:true,&#8221;title&#8221;:&#8221;Emma Stone: \\&#8221;Credo negli alieni\\&#8221;&#8221;,&#8221;content&#8221;:&#8221;<\/p>\n<p>L&#8217;attrice, al Lido per Bugonia di <strong>Yorgos Lanthimos<\/strong>, risponde alle domande della stampa: \\&#8221;Pensare di essere soli nell&#8217;universo \u00e8 narcisistico\\&#8221;. E sul film dice: \\&#8221;L&#8217;opportunit\u00e0 di lavorarci con Yorgos \u00e8 stata come un sogno\\&#8221;. <a href=\"\\&quot;https:\/\/tg24.sky.it\/spettacolo\/cinema\/2025\/08\/28\/emma-stone-mostra-cinema-venezia-bugonia-film\\&quot;\" target=\"\\&quot;_self\\&quot;\" data-intcmp=\"\\&quot;skytg24_liveblog_interlink_text\\&quot;\"><strong>SCOPRI QUI<\/strong><\/a><\/p>\n<p>&#8220;,&#8221;postId&#8221;:&#8221;4cb1353a-9f93-4498-8780-ed4a75e04c83&#8243;,&#8221;postLink&#8221;:{&#8220;title&#8221;:&#8221;&#8221;,&#8221;url&#8221;:&#8221;&#8221;,&#8221;imageSrc&#8221;:&#8221;&#8221;}},{&#8220;timestamp&#8221;:&#8221;2025-08-28T13:54:12.279Z&#8221;,&#8221;timestampUtcIt&#8221;:&#8221;2025-08-28T15:54:12+0200&#8243;,&#8221;image&#8221;:{&#8220;imgSrc&#8221;:&#8221;https:\/\/www.europesays.com\/it\/wp-content\/uploads\/2025\/08\/adam-sandler-festival-venezia-getty.jpg&#8221;,&#8221;imgAlt&#8221;:&#8221;Adam Sandler&#8221;,&#8221;imgCredits&#8221;:&#8221;\u00a9Getty&#8221;,&#8221;imgCaption&#8221;:null},&#8221;altBackground&#8221;:true,&#8221;title&#8221;:&#8221;Adam Sandler protagonista del Concorso&#8221;,&#8221;content&#8221;:&#8221;<\/p>\n<p>L&#8217;attore \u00e8 il co-protagonista di<strong> George Clooney<\/strong> nel film Jay Kelly di <strong>Noah Baumbach<\/strong><\/p>\n<p>&#8220;,&#8221;postId&#8221;:&#8221;9c859907-1948-4372-bf2d-10f4fa829604&#8243;,&#8221;postLink&#8221;:{&#8220;title&#8221;:&#8221;&#8221;,&#8221;url&#8221;:&#8221;&#8221;,&#8221;imageSrc&#8221;:&#8221;&#8221;}},{&#8220;timestamp&#8221;:&#8221;2025-08-28T13:51:03.161Z&#8221;,&#8221;timestampUtcIt&#8221;:&#8221;2025-08-28T15:51:03+0200&#8243;,&#8221;image&#8221;:{&#8220;imgSrc&#8221;:&#8221;https:\/\/www.europesays.com\/it\/wp-content\/uploads\/2025\/08\/jay-kelly-getty-festival-venezia-5.jpg&#8221;,&#8221;imgAlt&#8221;:&#8221;Jay Kelly&#8221;,&#8221;imgCredits&#8221;:&#8221;\u00a9Getty&#8221;,&#8221;imgCaption&#8221;:null},&#8221;altBackground&#8221;:true,&#8221;title&#8221;:&#8221;Jay Kelly, il cast (quasi) al completo&#8221;,&#8221;content&#8221;:&#8221;<\/p>\n<p>Alla conferenza stampa al Lido manca solo <strong>George Clooney<\/strong>, che ha una <strong>forte sinusite <\/strong>ma che dovrebbe comunque essere presente in serata sul <strong>red carpet<\/strong><\/p>\n<p>&#8220;,&#8221;postId&#8221;:&#8221;d9556819-3c6c-4ef4-abc2-e57cc97564d4&#8243;,&#8221;postLink&#8221;:{&#8220;title&#8221;:&#8221;&#8221;,&#8221;url&#8221;:&#8221;&#8221;,&#8221;imageSrc&#8221;:&#8221;&#8221;}},{&#8220;timestamp&#8221;:&#8221;2025-08-28T13:45:21.601Z&#8221;,&#8221;timestampUtcIt&#8221;:&#8221;2025-08-28T15:45:21+0200&#8243;,&#8221;image&#8221;:{&#8220;imgSrc&#8221;:&#8221;https:\/\/www.europesays.com\/it\/wp-content\/uploads\/2025\/08\/alba-rohrwacher-getty.jpg&#8221;,&#8221;imgAlt&#8221;:&#8221;Alba Rohrwacher&#8221;,&#8221;imgCredits&#8221;:&#8221;\u00a9Getty&#8221;,&#8221;imgCaption&#8221;:null},&#8221;altBackground&#8221;:true,&#8221;title&#8221;:&#8221;Alba Rohrwacher nel super cast di Jay Kelly&#8221;,&#8221;content&#8221;:&#8221;<\/p>\n<p>Anche l&#8217;attrice italiana \u00e8 arrivata al Lido per Jay Kelly, il film di Noah Baumbache con <strong>George Clooney<\/strong>, <strong>Adam Sandler<\/strong>, <strong>Laura Dern<\/strong>, <strong>Billy Crudup <\/strong>e <strong>Greta Gerwig<\/strong><\/p>\n<p>&#8220;,&#8221;postId&#8221;:&#8221;f4915e2c-09f2-4f0b-879a-ab1b13057ef7&#8243;,&#8221;postLink&#8221;:{&#8220;title&#8221;:&#8221;&#8221;,&#8221;url&#8221;:&#8221;&#8221;,&#8221;imageSrc&#8221;:&#8221;&#8221;}},{&#8220;timestamp&#8221;:&#8221;2025-08-28T13:43:09.048Z&#8221;,&#8221;timestampUtcIt&#8221;:&#8221;2025-08-28T15:43:09+0200&#8243;,&#8221;image&#8221;:{&#8220;imgSrc&#8221;:&#8221;https:\/\/www.europesays.com\/it\/wp-content\/uploads\/2025\/08\/benedetta-porcaroli-carolina-cavalli-il-rapimento-di-arabella-getty.jpg&#8221;,&#8221;imgAlt&#8221;:&#8221;Il rapimento di Arabella&#8221;,&#8221;imgCredits&#8221;:&#8221;\u00a9Getty&#8221;,&#8221;imgCaption&#8221;:null},&#8221;altBackground&#8221;:true,&#8221;title&#8221;:&#8221;\u201cIl rapimento di Arabella \u00e8 stato un regalo inestimabile\u201d&#8221;,&#8221;content&#8221;:&#8221;<\/p>\n<p>In concorso a Orizzonti, <strong>Carolina Cavalli <\/strong>torna con Il rapimento di Arabella, un film sospeso tra sogno e realt\u00e0 interpretato da <strong>Benedetta Porcaroli,<\/strong> <strong>Lucrezia Guglielmino <\/strong>e <strong>Chris Pine<\/strong>. <a href=\"\\&quot;https:\/\/tg24.sky.it\/spettacolo\/cinema\/video\/2025\/08\/28\/benedetta-porcaroli-festival-venezia\\&quot;\" target=\"\\&quot;_self\\&quot;\" data-intcmp=\"\\&quot;skytg24_liveblog_interlink_text\\&quot;\"><strong>VIDEO<\/strong><\/a><\/p>\n<p>&#8220;,&#8221;postId&#8221;:&#8221;5e2f34c3-3f01-4446-8a86-24278f0856f7&#8243;,&#8221;postLink&#8221;:{&#8220;title&#8221;:&#8221;&#8221;,&#8221;url&#8221;:&#8221;&#8221;,&#8221;imageSrc&#8221;:&#8221;&#8221;}},{&#8220;timestamp&#8221;:&#8221;2025-08-28T13:41:18.191Z&#8221;,&#8221;timestampUtcIt&#8221;:&#8221;2025-08-28T15:41:18+0200&#8243;,&#8221;image&#8221;:{&#8220;imgSrc&#8221;:&#8221;https:\/\/www.europesays.com\/it\/wp-content\/uploads\/2025\/08\/laura-dern-festival-venezia.jpg&#8221;,&#8221;imgAlt&#8221;:&#8221;Laura Dern&#8221;,&#8221;imgCredits&#8221;:&#8221;\u00a9Getty&#8221;,&#8221;imgCaption&#8221;:null},&#8221;altBackground&#8221;:true,&#8221;title&#8221;:&#8221;Jay Kelly, al Lido anche Laura Dern&#8221;,&#8221;content&#8221;:&#8221;<\/p>\n<p>La <strong>vincitrice del Premio Oscar come Miglior attrice non protagonista <\/strong>per Storia di un matrimonio, nonch\u00e9 <strong>candidata<\/strong> al prestigioso riconoscimento per le sue interpretazioni in Rosa Scompiglio e i suoi \u00a0amanti e in Wild, \u00e8 oggi a Venezia 82 per la presentazione in Concorso del film di Noah Baumbach, dove recita al fianco di <strong>George Clooney<\/strong>,<strong> Adam Sandler<\/strong>, <strong>Billy Crudup<\/strong>, <strong>Alba Rohrwacher <\/strong>e <strong>Greta Gerwig<\/strong><\/p>\n<p>&#8220;,&#8221;postId&#8221;:&#8221;9568a02d-07e0-4422-be39-d8ac8146e3a7&#8243;,&#8221;postLink&#8221;:{&#8220;title&#8221;:&#8221;&#8221;,&#8221;url&#8221;:&#8221;&#8221;,&#8221;imageSrc&#8221;:&#8221;&#8221;}},{&#8220;timestamp&#8221;:&#8221;2025-08-28T13:36:18.600Z&#8221;,&#8221;timestampUtcIt&#8221;:&#8221;2025-08-28T15:36:18+0200&#8243;,&#8221;video&#8221;:{&#8220;videoId&#8221;:&#8221;1031953&#8243;,&#8221;videoPageUrl&#8221;:&#8221;https:\/\/video.sky.it\/news\/spettacolo\/video\/emma-stone-al-festival-di-venezia-2025-per-il-film-bugonia-1031953&#8243;},&#8221;altBackground&#8221;:true,&#8221;title&#8221;:&#8221;Emma Stone, l&#8217;attrice al Lido per Bugonia&#8221;,&#8221;content&#8221;:&#8221;<\/p>\n<p>Scende con grande eleganza dall&#8217;imbarcazione che l&#8217;ha condotta tra i suoi compagni di set <strong>Aidan Delbis<\/strong> e<strong> Jesse Plemons<\/strong> e accanto al regista che l&#8217;ha voluta, ancora una volta, in un suo film: <strong>Yorgos Lanthimos<\/strong><\/p>\n<p>&#8220;,&#8221;postId&#8221;:&#8221;e398bf5e-89af-4c52-a51d-672932727c9b&#8221;,&#8221;postLink&#8221;:{&#8220;title&#8221;:&#8221;&#8221;,&#8221;url&#8221;:&#8221;&#8221;,&#8221;imageSrc&#8221;:&#8221;&#8221;}},{&#8220;timestamp&#8221;:&#8221;2025-08-28T13:34:18.847Z&#8221;,&#8221;timestampUtcIt&#8221;:&#8221;2025-08-28T15:34:18+0200&#8243;,&#8221;image&#8221;:{&#8220;imgSrc&#8221;:&#8221;https:\/\/www.europesays.com\/it\/wp-content\/uploads\/2025\/08\/bugonia-getty.jpg&#8221;,&#8221;imgAlt&#8221;:&#8221;Bugonia&#8221;,&#8221;imgCredits&#8221;:&#8221;\u00a9Getty&#8221;,&#8221;imgCaption&#8221;:null},&#8221;altBackground&#8221;:true,&#8221;title&#8221;:&#8221;Bugonia in corsa per il Leone d&#8217;Oro&#8221;,&#8221;content&#8221;:&#8221;<\/p>\n<p>Gli attori <strong>Aidan Delbis<\/strong>, <strong>Jesse Plemons <\/strong>ed <strong>Emma Stone <\/strong>e il regista <strong>Yorgos Lanthimos<\/strong> posano per la Photocall del film Bugonia, oggi in <strong>Concorso<\/strong> al Lido<\/p>\n<p>&#8220;,&#8221;postId&#8221;:&#8221;fc2a85e4-a797-4e5a-8847-4054361bc6a0&#8243;,&#8221;postLink&#8221;:{&#8220;title&#8221;:&#8221;&#8221;,&#8221;url&#8221;:&#8221;&#8221;,&#8221;imageSrc&#8221;:&#8221;&#8221;}},{&#8220;timestamp&#8221;:&#8221;2025-08-28T13:32:09.792Z&#8221;,&#8221;timestampUtcIt&#8221;:&#8221;2025-08-28T15:32:09+0200&#8243;,&#8221;image&#8221;:{&#8220;imgSrc&#8221;:&#8221;https:\/\/www.europesays.com\/it\/wp-content\/uploads\/2025\/08\/kim-novak-getty-festival-venezia.jpg&#8221;,&#8221;imgAlt&#8221;:&#8221;Kim Novak&#8221;,&#8221;imgCredits&#8221;:&#8221;\u00a9Getty&#8221;,&#8221;imgCaption&#8221;:null},&#8221;altBackground&#8221;:true,&#8221;title&#8221;:&#8221;Al Lido \u00e8 arrivata Kim Novak&#8221;,&#8221;content&#8221;:&#8221;<\/p>\n<p>L&#8217;attrice statunitense di successi come La donna che visse due volte, che ricever\u00e0 il <strong>Leone d&#8217;Oro alla Carriera<\/strong>, saluta i fan e i fotografi presenti in laguna<\/p>\n<p>&#8220;,&#8221;postId&#8221;:&#8221;b8d32d3e-3466-4b6a-b7d4-48a18d8d9b43&#8243;,&#8221;postLink&#8221;:{&#8220;title&#8221;:&#8221;&#8221;,&#8221;url&#8221;:&#8221;&#8221;,&#8221;imageSrc&#8221;:&#8221;&#8221;}},{&#8220;timestamp&#8221;:&#8221;2025-08-28T13:26:01.103Z&#8221;,&#8221;timestampUtcIt&#8221;:&#8221;2025-08-28T15:26:01+0200&#8243;,&#8221;image&#8221;:{&#8220;imgSrc&#8221;:&#8221;https:\/\/www.europesays.com\/it\/wp-content\/uploads\/2025\/08\/cate-blanchett-festival-venezia.jpg&#8221;,&#8221;imgAlt&#8221;:&#8221;Cate Blanchett&#8221;,&#8221;imgCredits&#8221;:&#8221;\u00a9Getty&#8221;,&#8221;imgCaption&#8221;:null},&#8221;altBackground&#8221;:true,&#8221;title&#8221;:&#8221;Cate Blanchett, tutti i look dal 2000 al 2025&#8243;,&#8221;content&#8221;:&#8221;<\/p>\n<p>\u00c8 una delle attrici pi\u00f9 talentuose della sua generazione nonch\u00e9, una delle pi\u00f9 amate dal pubblico per bellezza, eleganza e grazia. Presenza magnetica, occhi di ghiaccio e silhouette impeccabile, fa fermare lo show ogni volta che sfila sul tappeto rosso. A Venezia \u00e8 arrivata in molte vesti: attrice in gara, special guest e presidente di giuria. <a href=\"\\&quot;https:\/\/tg24.sky.it\/spettacolo\/cinema\/2025\/08\/28\/look-cate-blanchett-venezia-red-carpet\\&quot;\" target=\"\\&quot;_self\\&quot;\" data-intcmp=\"\\&quot;skytg24_liveblog_interlink_text\\&quot;\"><strong>FOTOGALLERY<\/strong><\/a><\/p>\n<p>&#8220;,&#8221;postId&#8221;:&#8221;abeea227-6e1a-4ad4-900b-77300ad13c82&#8243;,&#8221;postLink&#8221;:{&#8220;title&#8221;:&#8221;&#8221;,&#8221;url&#8221;:&#8221;&#8221;,&#8221;imageSrc&#8221;:&#8221;&#8221;}},{&#8220;timestamp&#8221;:&#8221;2025-08-28T13:19:20.708Z&#8221;,&#8221;timestampUtcIt&#8221;:&#8221;2025-08-28T15:19:20+0200&#8243;,&#8221;image&#8221;:{&#8220;imgSrc&#8221;:&#8221;https:\/\/www.europesays.com\/it\/wp-content\/uploads\/2025\/08\/festival-venezia-clooney-george.jpg&#8221;,&#8221;imgAlt&#8221;:&#8221;George Clooney&#8221;,&#8221;imgCredits&#8221;:&#8221;\u00a9Getty&#8221;,&#8221;imgCaption&#8221;:null},&#8221;altBackground&#8221;:true,&#8221;title&#8221;:&#8221;George Clooney assente alla conferenza stampa al Lido, \\&#8221;ha la sinusite\\&#8221;&#8221;,&#8221;content&#8221;:&#8221;<\/p>\n<p>George Clooney, superstar oggi al Lido, ha dato <strong>forfait<\/strong>. A Venezia dal 26 agosto per presentare il film in <strong>Concorso<\/strong> Jay Kelly di <strong>Noah Baumbach<\/strong>, l&#8217;attore <strong>non si \u00e8 presentato alla conferenza stampa del film<\/strong>. \\&#8221;Come forse sapete George Clooney purtroppo non c&#8217;\u00e8, ha una forte sinusite\\&#8221;, ha detto la moderatrice dell&#8217;incontro. \\&#8221;\u00c8 molto dispiaciuto e spera comunque di poter partecipare al tappeto rosso dopo le 21\\&#8221;. Il regista ci ha scherzato su: \\&#8221;Anche i grandi divi si ammalano\\&#8221;<\/p>\n<p>&#8220;,&#8221;postId&#8221;:&#8221;6069b6cf-e883-4e63-8107-11ae03e2406c&#8221;,&#8221;postLink&#8221;:{&#8220;title&#8221;:&#8221;&#8221;,&#8221;url&#8221;:&#8221;&#8221;,&#8221;imageSrc&#8221;:&#8221;&#8221;}},{&#8220;timestamp&#8221;:&#8221;2025-08-28T13:15:17.079Z&#8221;,&#8221;timestampUtcIt&#8221;:&#8221;2025-08-28T15:15:17+0200&#8243;,&#8221;video&#8221;:{&#8220;videoId&#8221;:&#8221;1031937&#8243;,&#8221;videoPageUrl&#8221;:&#8221;https:\/\/video.sky.it\/news\/spettacolo\/video\/venezia-82-carolina-cavalli-racconta-il-suo-il-rapimento-di-arabella-1031937&#8243;},&#8221;altBackground&#8221;:true,&#8221;title&#8221;:&#8221;Carolina Cavalli presenta a Orizzonti il film Il rapimento di Arabella&#8221;,&#8221;content&#8221;:&#8221;<\/p>\n<p>\\&#8221;Nasce questa strana amicizia\\&#8221;, racconta ai microfoni di Sky TG24 la regista. \\&#8221;<strong>Arabella<\/strong> vuole scappare, e <strong>Holly<\/strong> vuole tornare indietro\\&#8221;<\/p>\n<p>&#8220;,&#8221;postId&#8221;:&#8221;bfad7e91-11ab-4bf6-a54f-a978047d8c29&#8243;,&#8221;postLink&#8221;:{&#8220;title&#8221;:&#8221;&#8221;,&#8221;url&#8221;:&#8221;&#8221;,&#8221;imageSrc&#8221;:&#8221;&#8221;}},{&#8220;timestamp&#8221;:&#8221;2025-08-28T12:49:53.126Z&#8221;,&#8221;timestampUtcIt&#8221;:&#8221;2025-08-28T14:49:53+0200&#8243;,&#8221;video&#8221;:{&#8220;videoId&#8221;:&#8221;1031901&#8243;,&#8221;videoPageUrl&#8221;:&#8221;https:\/\/video.sky.it\/news\/spettacolo\/video\/venezia-82-benedetta-porcaroli-in-il-rapimento-di-arabella-1031901&#8243;},&#8221;altBackground&#8221;:true,&#8221;title&#8221;:&#8221;Benedetta Porcaroli: \\&#8221;Thelma e Louise inedita\\&#8221;&#8221;,&#8221;content&#8221;:&#8221;<\/p>\n<p>\\&#8221;Mi piace questa coppia con la bambina, questa specie di Thelma e Louise in una versione inedita\\&#8221;, ha raccontato Benedetta Porcaroli, protagonista de Il rapimento di Arabella di Carolina Cavalli oggi a Orizzonti<\/p>\n<p>&#8220;,&#8221;postId&#8221;:&#8221;4354b6e7-0d78-4a75-93b8-2ee95d4ce803&#8243;,&#8221;postLink&#8221;:{&#8220;title&#8221;:&#8221;&#8221;,&#8221;url&#8221;:&#8221;&#8221;,&#8221;imageSrc&#8221;:&#8221;&#8221;}},{&#8220;timestamp&#8221;:&#8221;2025-08-28T12:44:52.867Z&#8221;,&#8221;timestampUtcIt&#8221;:&#8221;2025-08-28T14:44:52+0200&#8243;,&#8221;image&#8221;:{&#8220;imgSrc&#8221;:&#8221;https:\/\/www.europesays.com\/it\/wp-content\/uploads\/2025\/08\/GettyImages-2231741174.jpg&#8221;,&#8221;imgAlt&#8221;:&#8221;   &#8220;,&#8221;imgCredits&#8221;:&#8221;\u00a9Getty&#8221;,&#8221;imgCaption&#8221;:null},&#8221;altBackground&#8221;:true,&#8221;title&#8221;:&#8221;Emma Stone: \\&#8221;S\u00ec lo confesso: credo negli alieni\\&#8221;&#8221;,&#8221;content&#8221;:&#8221;<\/p>\n<p>\\&#8221;Pensare di essere soli nell&#8217;universo \u00e8 narcisistico, cos\u00ec, se lo volete sapere, ve lo dico: credo negli alieni. Anzi: forse \u00a0io stessa sono aliena\\&#8221;. Cos\u00ec Emma Stone, tubino nero smanicato, scherza sul personaggio di Michelle in &#8216;Bugonia&#8217; di Yorgos Lanthimos in concorso a Venezia 2025 e remake di &#8216;Save the Green Planet!&#8217;, film sudcoreano del 2003 di Jang Joon-hwan. Una commedia sci-fi brillante e folle piena di colpi di scena con protagonisti Teddy e Don (rispettivamente il grande Jesse Plemons e Aidan Delbis), due giovani nerd ossessionati dalle teorie del complotto, che rapiscono l&#8217;influente Ceo di una grande azienda farmaceutica rasandola a zero, convinti come sono sia un&#8217;aliena decisa a distruggere il pianeta Terra. E ancora l&#8217;attrice, al quarto film con il regista greco dopo &#8216;The Favourite&#8217;, &#8216;Poor Things&#8217; e &#8216;Kinds of Kindness&#8217;, dice su quanto possa essere difficile essere divi, tema, tra l&#8217;altro, anche del film, in concorso sempre oggi, &#8216;Jay Kelly&#8217; di Baumbach, con protagonista George Clooney: \\&#8221;\u00c8 difficile parlare di questa cosa, tutti noi in fondo ci confrontiamo con questo problema. Abbiamo un avatar per certe cose, e poi c&#8217;\u00e8 la persona che sono davvero quando sono con i miei amici\\&#8221;.\u00a0<\/p>\n<p>&#8220;,&#8221;postId&#8221;:&#8221;14afc855-f9b3-48d0-a732-883abeac1d6b&#8221;,&#8221;postLink&#8221;:{&#8220;title&#8221;:&#8221;&#8221;,&#8221;url&#8221;:&#8221;&#8221;,&#8221;imageSrc&#8221;:&#8221;&#8221;}},{&#8220;timestamp&#8221;:&#8221;2025-08-28T12:40:28.203Z&#8221;,&#8221;timestampUtcIt&#8221;:&#8221;2025-08-28T14:40:28+0200&#8243;,&#8221;image&#8221;:{&#8220;imgSrc&#8221;:&#8221;https:\/\/www.europesays.com\/it\/wp-content\/uploads\/2025\/08\/adam-sandler.jpg&#8221;,&#8221;imgAlt&#8221;:&#8221;   &#8220;,&#8221;imgCredits&#8221;:&#8221;\u00a9Getty&#8221;,&#8221;imgCaption&#8221;:null},&#8221;altBackground&#8221;:true,&#8221;title&#8221;:&#8221;Adam Sandler torna sul red carpet di Venezia per \u201cJay Kelly\u201d&#8221;,&#8221;content&#8221;:&#8221;<\/p>\n<p>Dopo il suo arrivo lo scorso 26 agosto con un pallone da basket, Adam Sandler \u00e8 tornato oggi sotto i riflettori della Mostra del Cinema di Venezia per la presentazione ufficiale di Jay Kelly, il nuovo film di Noah Baumbach in concorso. Sul red carpet, Sandler ha mantenuto il suo stile sportivo e informale, in linea con il personaggio che interpreta: il manager devoto di una star in crisi, interpretata da George Clooney1. Il film, un road movie esistenziale, ha attirato grande attenzione anche per il cast stellare che include Laura Dern, Greta Gerwig e Alba Rohrwacher<\/p>\n<p>&#8220;,&#8221;postId&#8221;:&#8221;f37097b6-3114-4e06-98a5-fb23b3b24305&#8243;,&#8221;postLink&#8221;:{&#8220;title&#8221;:&#8221;&#8221;,&#8221;url&#8221;:&#8221;&#8221;,&#8221;imageSrc&#8221;:&#8221;&#8221;}},{&#8220;timestamp&#8221;:&#8221;2025-08-28T12:00:24.905Z&#8221;,&#8221;timestampUtcIt&#8221;:&#8221;2025-08-28T14:00:24+0200&#8243;,&#8221;altBackground&#8221;:false,&#8221;title&#8221;:&#8221;Barbera: \\&#8221;Mostra del Cinema in campo per liberazione di Trentini\\&#8221;&#8221;,&#8221;content&#8221;:&#8221;<\/p>\n<p>\\&#8221;Non \u00e8 accettabile che una famiglia sia obbligata a una sofferenza cos\u00ec ingiustificabile, e che dura da cos\u00ec tanto tempo, ingiusta soprattutto in assenza di un capo di imputazione per detenere in carcere un ragazzo che stava facendo del bene\\&#8221;. Lo ha detto stamane Alberto Barbera, direttore di Biennale Cinema, intervenendo all&#8217;incontro aperto ai cittadini e promosso dall&#8217;Associazione Articolo 21, in collaborazione con il Sindacato Nazionale Giornalisti Cinematografici e l&#8217;associazione Isola Edipo, per chiedere la scarcerazione del cooperante veneziano Alberto Trentini, detenuto a Caracas da oltre 300 giorni senza una accusa precisa. \\&#8221;Sono qui per portare la mia personale solidariet\u00e0 alla famiglia di Alberto, &#8211; ha sottolineato Barbera &#8211; sono a disposizione, e lo \u00e8 anche la Mostra del Cinema, a far cassa di risonanza di questo caso umano che va risolto al pi\u00f9 presto\\&#8221;. L&#8217;iniziativa per la liberazione di Alberto Trentini si \u00e8 svolta nella Casa degli Autori, uno stand della Mostra del Cinema ospitato nel cortile del patronato della Chiesa di Sant&#8217;Antonio al Lido, proprio sotto il terrazzino della casa di Alberto. Armanda Colusso, la mamma di Alberto, ha letto una lettera diretta al mondo del cinema per spiegare il dramma della detenzione e dell&#8217;attesa per la scarcerazione del figlio. \\&#8221;Esigiamo &#8211; ha detto la donna &#8211; che il nostro governo concretizzi gli sforzi per portare a casa Alberto, ogni giorno in pi\u00f9 di detenzione e attesa produce una intollerabile sofferenza\\&#8221;. \\&#8221;Alberto deve tornare a casa subito, scrivete, parlatene, passate voce, l&#8217;attenzione che si crea grazie alla solidariet\u00e0 di artisti e giornalisti spero sia da sprone per chi ancora tentenna\\&#8221;, ha poi concluso.\u00a0<\/p>\n<p>&#8220;,&#8221;postId&#8221;:&#8221;73757bbf-a113-47dc-8c72-a189f4aaba5b&#8221;,&#8221;postLink&#8221;:{&#8220;title&#8221;:&#8221;&#8221;,&#8221;url&#8221;:&#8221;&#8221;,&#8221;imageSrc&#8221;:&#8221;&#8221;}},{&#8220;timestamp&#8221;:&#8221;2025-08-28T11:50:00.103Z&#8221;,&#8221;timestampUtcIt&#8221;:&#8221;2025-08-28T13:50:00+0200&#8243;,&#8221;image&#8221;:{&#8220;imgSrc&#8221;:&#8221;https:\/\/www.europesays.com\/it\/wp-content\/uploads\/2025\/08\/giorgio-pasotti-venezia-82-GettyImages-2232495485.jpg&#8221;,&#8221;imgAlt&#8221;:&#8221;Giorgio Pasotti a Venezia 82&#8243;,&#8221;imgCredits&#8221;:&#8221;\u00a9Getty&#8221;,&#8221;imgCaption&#8221;:null},&#8221;altBackground&#8221;:true,&#8221;title&#8221;:&#8221;Giorgio Pasotti arriva al Lido&#8221;,&#8221;content&#8221;:&#8221;<\/p>\n<p>L&#8217;arrivo di Giorgio Pasotti all&#8217;Hotel Excelsior di Venezia nella seconda giornata della Mostra del Cinema<\/p>\n<p>&#8220;,&#8221;postId&#8221;:&#8221;8f5d586a-904a-45ee-ac01-b68e305f4938&#8243;,&#8221;postLink&#8221;:{&#8220;title&#8221;:&#8221;&#8221;,&#8221;url&#8221;:&#8221;&#8221;,&#8221;imageSrc&#8221;:&#8221;&#8221;}},{&#8220;timestamp&#8221;:&#8221;2025-08-28T11:40:00.319Z&#8221;,&#8221;timestampUtcIt&#8221;:&#8221;2025-08-28T13:40:00+0200&#8243;,&#8221;image&#8221;:{&#8220;imgSrc&#8221;:&#8221;https:\/\/www.europesays.com\/it\/wp-content\/uploads\/2025\/08\/massimiliano-gallo-venezia-82-GettyImages-2232485390.jpg&#8221;,&#8221;imgAlt&#8221;:&#8221;Massimiliano Gallo a Venezia per F II &#8211; Lo stupore del mondo&#8221;,&#8221;imgCredits&#8221;:&#8221;\u00a9Getty&#8221;,&#8221;imgCaption&#8221;:null},&#8221;altBackground&#8221;:true,&#8221;title&#8221;:&#8221;Massimiliano Gallo a Venezia per presentare \\&#8221;F II &#8211; Lo stupore del mondo\\&#8221;&#8221;,&#8221;content&#8221;:&#8221;<\/p>\n<p>Massimiliano Gallo \u00e8 alla Mostra del Cinema di Venezia per presentare l&#8217;ultimo corto animato di Alessandro Rak, F II &#8211; Lo stupore del mondo, inserito nella sezione Orizzonti<\/p>\n<p>&#8220;,&#8221;postId&#8221;:&#8221;7745bc05-aa2e-432c-93e3-881fb097c619&#8243;,&#8221;postLink&#8221;:{&#8220;title&#8221;:&#8221;&#8221;,&#8221;url&#8221;:&#8221;&#8221;,&#8221;imageSrc&#8221;:&#8221;&#8221;}},{&#8220;timestamp&#8221;:&#8221;2025-08-28T11:30:00.694Z&#8221;,&#8221;timestampUtcIt&#8221;:&#8221;2025-08-28T13:30:00+0200&#8243;,&#8221;image&#8221;:{&#8220;imgSrc&#8221;:&#8221;https:\/\/www.europesays.com\/it\/wp-content\/uploads\/2025\/08\/valeria-golino-jasmine-trinca-venezia-82-GettyImages-2232493081.jpg&#8221;,&#8221;imgAlt&#8221;:&#8221;Valeria Golino e Jasmine Trinca a Venezia 82 per La Gioia&#8221;,&#8221;imgCredits&#8221;:&#8221;\u00a9Getty&#8221;,&#8221;imgCaption&#8221;:null},&#8221;altBackground&#8221;:true,&#8221;title&#8221;:&#8221;Valeria Golino e Jasmine Trinca nel cast di La Gioia&#8221;,&#8221;content&#8221;:&#8221;<\/p>\n<p>Oggi \u00e8 il giorno di La Gioia, film di Nicola Gelormini inserito nelle Giornate degli Autori all&#8217;82esima Mostra del Cinema di Venezia. Nel cast sono presenti Valeria Golino e Jasmine Trinca, di nuovo unite dopo l&#8217;esperienza in L&#8217;arte della gioia, la serie Sky tratta dal romanzo di Goliarda Sapienza nella quale Trinca ha recitato diretta proprio da Golino.<\/p>\n<p>&#8220;,&#8221;postId&#8221;:&#8221;208aa980-1a3f-4528-868c-6f6e1bd7cf3b&#8221;,&#8221;postLink&#8221;:{&#8220;title&#8221;:&#8221;&#8221;,&#8221;url&#8221;:&#8221;&#8221;,&#8221;imageSrc&#8221;:&#8221;&#8221;}},{&#8220;timestamp&#8221;:&#8221;2025-08-28T11:21:05.166Z&#8221;,&#8221;timestampUtcIt&#8221;:&#8221;2025-08-28T13:21:05+0200&#8243;,&#8221;image&#8221;:{&#8220;imgSrc&#8221;:&#8221;https:\/\/www.europesays.com\/it\/wp-content\/uploads\/2025\/08\/bugonia-cast-venezia-82-GettyImages-2232499994.jpg&#8221;,&#8221;imgAlt&#8221;:&#8221;Il cast di Bugonia col regista Yorgos Lanthimos a Venezia 82&#8243;,&#8221;imgCredits&#8221;:&#8221;\u00a9Getty&#8221;,&#8221;imgCaption&#8221;:null},&#8221;altBackground&#8221;:true,&#8221;title&#8221;:&#8221;Il cast di Bugonia al Lido&#8221;,&#8221;content&#8221;:&#8221;<\/p>\n<p>I tre protagonisti di Bugonia e il regista Yorgos Lanthimos sono sbarcati al Lido per la presentazione del film in Concorso<\/p>\n<p>&#8220;,&#8221;postId&#8221;:&#8221;38d5b3cb-3a3c-4839-8146-5d4b767c4c9c&#8221;,&#8221;postLink&#8221;:{&#8220;title&#8221;:&#8221;&#8221;,&#8221;url&#8221;:&#8221;&#8221;,&#8221;imageSrc&#8221;:&#8221;&#8221;}},{&#8220;timestamp&#8221;:&#8221;2025-08-28T11:18:37.166Z&#8221;,&#8221;timestampUtcIt&#8221;:&#8221;2025-08-28T13:18:37+0200&#8243;,&#8221;image&#8221;:{&#8220;imgSrc&#8221;:&#8221;https:\/\/www.europesays.com\/it\/wp-content\/uploads\/2025\/08\/emma-stone-venezia-82-GettyImages-2232499102.jpg&#8221;,&#8221;imgAlt&#8221;:&#8221;Emma Stone a Venezia 82&#8243;,&#8221;imgCredits&#8221;:&#8221;\u00a9Getty&#8221;,&#8221;imgCaption&#8221;:null},&#8221;altBackground&#8221;:true,&#8221;title&#8221;:&#8221;Emma Stone arriva al Lido per \\&#8221;Bugonia\\&#8221;&#8221;,&#8221;content&#8221;:&#8221;<\/p>\n<p>Una elegantissima Emma Stone \u00e8 arrivata al Lido per la presentazione di Bugonia di Yorgs Lanthimos. Alle sue spalle, sulla barca, si intravede la co-star del film Jesse Plemons.<\/p>\n<p>&#8220;,&#8221;postId&#8221;:&#8221;0a72eda6-6f05-41c5-868e-45b6bd19f8c1&#8243;,&#8221;postLink&#8221;:{&#8220;title&#8221;:&#8221;&#8221;,&#8221;url&#8221;:&#8221;&#8221;,&#8221;imageSrc&#8221;:&#8221;&#8221;}},{&#8220;timestamp&#8221;:&#8221;2025-08-28T11:10:00.110Z&#8221;,&#8221;timestampUtcIt&#8221;:&#8221;2025-08-28T13:10:00+0200&#8243;,&#8221;image&#8221;:{&#8220;imgSrc&#8221;:&#8221;https:\/\/www.europesays.com\/it\/wp-content\/uploads\/2025\/08\/benedetta-porcaroli-venezia-82-GettyImages-2232476979.jpg&#8221;,&#8221;imgAlt&#8221;:&#8221;Benedetta Porcaroli posa a Venezia 82 per il photocall di \\&#8221;Il rapimento di Arabella\\&#8221;&#8221;,&#8221;imgCredits&#8221;:&#8221;\u00a9Getty&#8221;,&#8221;imgCaption&#8221;:null},&#8221;altBackground&#8221;:true,&#8221;title&#8221;:&#8221;Benedetta Porcaroli presenta \\&#8221;Il rapimento di Arabella\\&#8221;&#8221;,&#8221;content&#8221;:&#8221;<\/p>\n<p>Benedetta Porcaroli posa durante il photocall di Il rapimento di Arabella, film diretto da Carolina Cavalli inserito nella Sezione Orizzonti.<\/p>\n<p>&#8220;,&#8221;postId&#8221;:&#8221;61c3831c-3d00-428b-9060-4f8d62f9d590&#8243;,&#8221;postLink&#8221;:{&#8220;title&#8221;:&#8221;&#8221;,&#8221;url&#8221;:&#8221;&#8221;,&#8221;imageSrc&#8221;:&#8221;&#8221;}},{&#8220;timestamp&#8221;:&#8221;2025-08-28T11:02:23.063Z&#8221;,&#8221;timestampUtcIt&#8221;:&#8221;2025-08-28T13:02:23+0200&#8243;,&#8221;image&#8221;:{&#8220;imgSrc&#8221;:&#8221;https:\/\/www.europesays.com\/it\/wp-content\/uploads\/2025\/08\/stefano-accorsi-venezia-82-GettyImages-2232492324.jpg&#8221;,&#8221;imgAlt&#8221;:&#8221;Stefano Accorsi all&#8217;82esima Mostra del Cinema di Venezia&#8221;,&#8221;imgCredits&#8221;:&#8221;\u00a9Getty&#8221;,&#8221;imgCaption&#8221;:null},&#8221;altBackground&#8221;:true,&#8221;title&#8221;:&#8221;Stefano Accorsi a Venezia per \\&#8221;Amata\\&#8221;&#8221;,&#8221;content&#8221;:&#8221;<\/p>\n<p>Anche Stefano Accorsi \u00e8 arrivato a Venezia per presentare \u201cAmata\u201d, il nuovo film di Elisa Amoruso<\/p>\n<p>&#8220;,&#8221;postId&#8221;:&#8221;f8b8dcd8-cb9d-4ff6-89b3-97705e01f447&#8243;,&#8221;postLink&#8221;:{&#8220;title&#8221;:&#8221;&#8221;,&#8221;url&#8221;:&#8221;&#8221;,&#8221;imageSrc&#8221;:&#8221;&#8221;}},{&#8220;timestamp&#8221;:&#8221;2025-08-28T10:55:22.333Z&#8221;,&#8221;timestampUtcIt&#8221;:&#8221;2025-08-28T12:55:22+0200&#8243;,&#8221;image&#8221;:{&#8220;imgSrc&#8221;:&#8221;https:\/\/www.europesays.com\/it\/wp-content\/uploads\/2025\/08\/GettyImages-2232485527.jpg&#8221;,&#8221;imgAlt&#8221;:&#8221;Giancarlo Giannini alla Mostra del Cinema di Venezia&#8221;,&#8221;imgCredits&#8221;:&#8221;\u00a9Getty&#8221;,&#8221;imgCaption&#8221;:null},&#8221;altBackground&#8221;:true,&#8221;title&#8221;:&#8221;Giancarlo Giannini arriva al Lido&#8221;,&#8221;content&#8221;:&#8221;<\/p>\n<p>Giancarlo Giannini \u00e8 arrivato al Lido, dove parteciper\u00e0 alla presentazione del cortometraggio Con un filo di voce, scritto e diretto da Alessandro Zonin, di cui \u00e8 protagonista<\/p>\n<p>&#8220;,&#8221;postId&#8221;:&#8221;44420ef7-a69e-4a5b-b7b3-f64b34de7e9a&#8221;,&#8221;postLink&#8221;:{&#8220;title&#8221;:&#8221;&#8221;,&#8221;url&#8221;:&#8221;&#8221;,&#8221;imageSrc&#8221;:&#8221;&#8221;}},{&#8220;timestamp&#8221;:&#8221;2025-08-28T10:47:58.789Z&#8221;,&#8221;timestampUtcIt&#8221;:&#8221;2025-08-28T12:47:58+0200&#8243;,&#8221;altBackground&#8221;:false,&#8221;title&#8221;:&#8221;Ghost Elephants, Werner Herzog: \\&#8221;Un film che parla di sogni di elefanti\\&#8221;&#8221;,&#8221;content&#8221;:&#8221;<\/p>\n<p>\u201c\u00c8 un film che parla di una missione, non dovete aspettarvi un documentario naturalistico\\&#8221;. Cos\u00ec Werner Herzog, premiato ieri con <a href=\"\\&quot;https:\/\/tg24.sky.it\/spettacolo\/cinema\/2025\/08\/27\/francis-ford-coppola-werner-herzog-leone-d-oro-carriera-mostra-cinema-venezia\\&quot;\" target=\"\\&quot;_blank\\&quot;\" title=\"\\&quot;Werner\" herzog=\"\" premiato=\"\" col=\"\" leone=\"\" d=\"\" alla=\"\" carriera:=\"\" la=\"\" notizia=\"\" data-intcmp=\"\\&quot;skytg24_liveblog_interlink_text\\&quot;\">il Leone d&#8217;Oro alla carriera<\/a>, ha parlato del suo Ghost Elephants, fuori concorso a Venezia 82, nella conferenza stampa di gioved\u00ec 28 agosto. \\&#8221;Vedete gli elefanti solo per una manciata di secondi verso la fine! Si tratta di un film che parla di sogni di elefanti, dello spirito degli animali, e questo mi fa pensare a Moby Dick di Herman Melville. Anche se il capitano Achab non avesse trovato la balena bianca, sarebbe stata comunque una grande storia\\&#8221;.<\/p>\n<p>&#8220;,&#8221;social&#8221;:{&#8220;socialType&#8221;:&#8221;twitter&#8221;,&#8221;src&#8221;:&#8221;https:\/\/twitter.com\/la_Biennale\/status\/1961016158175347069&#8243;,&#8221;cookieAllowed&#8221;:true},&#8221;postId&#8221;:&#8221;96b05735-a236-422c-b9f2-cbddd414c4f1&#8243;,&#8221;postLink&#8221;:{&#8220;title&#8221;:&#8221;&#8221;,&#8221;url&#8221;:&#8221;&#8221;,&#8221;imageSrc&#8221;:&#8221;&#8221;}},{&#8220;timestamp&#8221;:&#8221;2025-08-28T10:32:05.894Z&#8221;,&#8221;timestampUtcIt&#8221;:&#8221;2025-08-28T12:32:05+0200&#8243;,&#8221;image&#8221;:{&#8220;imgSrc&#8221;:&#8221;https:\/\/www.europesays.com\/it\/wp-content\/uploads\/2025\/08\/Kim Kardashian getty.jpg&#8221;,&#8221;imgAlt&#8221;:&#8221;   &#8220;,&#8221;imgCredits&#8221;:&#8221;\u00a9Getty&#8221;,&#8221;imgCaption&#8221;:null},&#8221;altBackground&#8221;:true,&#8221;title&#8221;:&#8221;Kim Kardashian al Festival, look total black e premio per l\u2019impegno civile&#8221;,&#8221;content&#8221;:&#8221;<\/p>\n<p>Kim Kardashian \u00e8 arrivata questa mattina a Venezia per partecipare alla 16\u00aa edizione dei DVF Awards, in programma oggi, 28 agosto, al Teatro Goldoni, nell\u2019ambito della 82\u00aa Mostra Internazionale d\u2019Arte Cinematografica. La celebre imprenditrice e icona mediatica ricever\u00e0 il prestigioso riconoscimento per il suo impegno nella riforma del sistema carcerario statunitense. A consegnarle il premio sar\u00e0 Chris Young, un uomo del Tennessee condannato ingiustamente all\u2019ergastolo e liberato grazie alle pressioni esercitate da Kardashian presso la Casa Bianca. Per il suo arrivo in Laguna, Kardashian ha scelto un look total black: abito aderente con cappuccio, dettagli cut-out e schiena scoperta, abbinato a pumps di vernice e occhiali scuri.<\/p>\n<p>&#8220;,&#8221;postId&#8221;:&#8221;e3c6506b-27fc-46b4-8809-04bfcbbe18dc&#8221;,&#8221;postLink&#8221;:{&#8220;title&#8221;:&#8221;&#8221;,&#8221;url&#8221;:&#8221;&#8221;,&#8221;imageSrc&#8221;:&#8221;&#8221;}},{&#8220;timestamp&#8221;:&#8221;2025-08-28T10:22:01.361Z&#8221;,&#8221;timestampUtcIt&#8221;:&#8221;2025-08-28T12:22:01+0200&#8243;,&#8221;image&#8221;:{&#8220;imgSrc&#8221;:&#8221;https:\/\/www.europesays.com\/it\/wp-content\/uploads\/2025\/08\/paolo-sorrentino-toni-servillo-ipa.jpg&#8221;,&#8221;imgAlt&#8221;:&#8221;  &#8220;,&#8221;imgCredits&#8221;:&#8221;\u00a9Ansa&#8221;,&#8221;imgCaption&#8221;:null},&#8221;altBackground&#8221;:true,&#8221;title&#8221;:&#8221;Venezia, buone accoglienze per \u201cLa Grazia\u201d di Sorrentino: applausi e recensioni positive anche dalla Stampa Estera&#8221;,&#8221;content&#8221;:&#8221;<\/p>\n<p>\u201cLa Grazia \u00e8 un film elegante, raffinato e meditativo, che lascia spazio all\u2019enigma\u201d, scrive Peter Bradshaw su The Guardian, assegnando quattro stelle al nuovo lavoro di Paolo Sorrentino, che ha aperto ieri sera la Mostra del Cinema di Venezia. Il film, accolto da otto minuti di applausi nella Sala Grande, ha ricevuto commenti favorevoli anche dalla stampa internazionale.<\/p>\n<p>\\n<\/p>\n<p>\u201cToni Servillo \u00e8 straordinario in questo squisito studio di personaggio firmato da Sorrentino, che esplora la complessa introspezione di un uomo di potere\u201d, osserva David Rooney su The Hollywood Reporter. Per The Wrap, William Bibbiani lo definisce \u201cun vero e proprio ossigeno per il cinema\u201d.<\/p>\n<p>\\n<\/p>\n<p>Peter Hammond di Deadline sottolinea: \u201cServillo merita la candidatura all\u2019Oscar per questa interpretazione. Sorrentino ha realizzato opere molto belle nella sua carriera, e questa \u00e8 una delle migliori\u201d. Secondo Jonathan Romney di Screendaily, \u201cil film mostra un Sorrentino che abbandona la sua tendenza alla stravaganza, raggiungendo una nuova maturit\u00e0 artistica\u201d.<\/p>\n<p>\\n<\/p>\n<p>Kevin Maher di The Times lo descrive come \u201cun film meraviglioso, che ti cattura e non ti lascia pi\u00f9 andare\u201d, mentre Marshall Shaffer di The Playlist aggiunge: \u201cLa Grazia \u00e8 un film che rallenta il tempo e lo sospende, incarnando gran parte del fascino di Sorrentino\u201d.<\/p>\n<p>\\n<\/p>\n<p>Infine, Owen Gleiberman su Variety lo definisce \u201cuna parabola della nostra epoca autocratica, che rispetta profondamente la riservatezza interiore del personaggio interpretato da Servillo\u201d.<\/p>\n<p>&#8220;,&#8221;postId&#8221;:&#8221;3e2b3c23-27b8-464b-96ed-bc35ee49f8eb&#8221;,&#8221;postLink&#8221;:{&#8220;title&#8221;:&#8221;&#8221;,&#8221;url&#8221;:&#8221;&#8221;,&#8221;imageSrc&#8221;:&#8221;&#8221;}},{&#8220;timestamp&#8221;:&#8221;2025-08-28T10:15:22.131Z&#8221;,&#8221;timestampUtcIt&#8221;:&#8221;2025-08-28T12:15:22+0200&#8243;,&#8221;video&#8221;:{&#8220;videoId&#8221;:&#8221;1027857&#8243;,&#8221;videoPageUrl&#8221;:&#8221;https:\/\/video.sky.it\/cinema\/trailer\/video\/jay-kelly-teaser-trailer-film-con-clooney-1027857&#8243;},&#8221;altBackground&#8221;:true,&#8221;title&#8221;:&#8221;George Clooney e Adam Sandler protagonisti di \\&#8221;Jay Kelly\\&#8221;. Il trailer del film&#8221;,&#8221;content&#8221;:&#8221;<\/p>\n<p>Sar\u00e0 presentato oggi alla Mostra del Cinema di Venezia, Jay Kelly \u00e8 il nuovo film di Noah Baumbach che promette un racconto intenso e stratificato sull\u2019identit\u00e0 e il peso della celebrit\u00e0. George Clooney interpreta una star del cinema in crisi, accompagnato da Adam Sandler nel ruolo del suo manager: insieme intraprendono un viaggio attraverso l\u2019Europa che si trasforma in un percorso di riflessione e confronto con il passato.<\/p>\n<p>\\n<\/p>\n<p>Baumbach costruisce un road movie esistenziale, dove i ricordi non sono semplici flashback, ma esperienze che il protagonista rivive fisicamente, in un continuo dialogo tra memoria e presente. Il film si avvale di un cast d\u2019eccezione, da Laura Dern a Greta Gerwig, e si annuncia come uno dei titoli pi\u00f9 attesi della stagione.<\/p>\n<p>\\n<\/p>\n<p>Jay Kelly arriver\u00e0 nelle sale il 19 novembre e sar\u00e0 disponibile su Netflix dal 5 dicembre.<\/p>\n<p>\\n&#8221;,&#8221;postId&#8221;:&#8221;e92cd002-a9c4-4140-ba33-cc6136c45b81&#8243;,&#8221;postLink&#8221;:{&#8220;title&#8221;:&#8221;&#8221;,&#8221;url&#8221;:&#8221;&#8221;,&#8221;imageSrc&#8221;:&#8221;&#8221;}},{&#8220;timestamp&#8221;:&#8221;2025-08-28T10:01:33.107Z&#8221;,&#8221;timestampUtcIt&#8221;:&#8221;2025-08-28T12:01:33+0200&#8243;,&#8221;image&#8221;:{&#8220;imgSrc&#8221;:&#8221;https:\/\/www.europesays.com\/it\/wp-content\/uploads\/2025\/08\/Tiziana Rocca getty.jpg&#8221;,&#8221;imgAlt&#8221;:&#8221;              &#8220;,&#8221;imgCredits&#8221;:&#8221;\u00a9Getty&#8221;,&#8221;imgCaption&#8221;:null},&#8221;altBackground&#8221;:true,&#8221;title&#8221;:&#8221;Torna il Filming Italy Venice Award con protagoniste le donne&#8221;,&#8221;content&#8221;:&#8221;<\/p>\n<p>Domenica 31 agosto, nella suggestiva Sala degli Stucchi, torna il Filming Italy Venice Award. La direttrice generale e artistica Tiziana Rocca annuncer\u00e0 i vincitori di questa edizione, dedicata in particolare alle donne del cinema: attrici, registe, sceneggiatrici e produttrici. Madrina dell\u2019evento \u00e8 Matilde Gioli, mentre il presidente onorario Franco Nero \u2013 che sar\u00e0 presto celebrato con una stella sulla Walk of Fame \u2013 consegner\u00e0 uno dei riconoscimenti pi\u00f9 attesi. Tra i premiati, Emanuela Fanelli riceve il riconoscimento come miglior attrice non protagonista in una commedia per Follemente, mentre Da&#8217;Vine Joy Randolph viene premiata con il Filming Italy International Award. Ferzan \u00d6zpetek si aggiudica il premio per la miglior regia con Diamanti, e Margherita Buy e Christian Clavier ottengono il Venice Achievement Award.<\/p>\n<p>\\n<\/p>\n<p>Riconoscimenti internazionali anche per Can Yaman, Sergio Castellitto e Sebastiano Pigazzi, mentre Valentina Cervi, Paola Minaccioni e Ambra Angiolini vengono celebrate con il premio \u201cDonne del cinema italiano\u201d.<\/p>\n<p>\\n<\/p>\n<p>Marco Bellocchio riceve il Premio Speciale Maestro del Cinema Italiano, mentre Piero Pel\u00f9 viene omaggiato con il Music Career Award. Premi anche per il teatro, con Roc\u00edo Mu\u00f1oz Morales e Alessio Boni, e per la produzione, con Iginio Straffi, Roberto Proia, Guglielmo Marchetti e Federica Luna Vincenti.<\/p>\n<p>\\n<\/p>\n<p>L\u2019evento \u00e8 patrocinato da MiC, ANICA, SNCCI, Cinecitt\u00e0 e altre istituzioni, con una giuria composta da eccellenze del cinema italiano, tra cui Alberto Barbera, direttore della Mostra del Cinema di Venezia.<\/p>\n<p>&#8220;,&#8221;postId&#8221;:&#8221;866f76d3-0377-4ae6-89aa-18e6ea35afda&#8221;,&#8221;postLink&#8221;:{&#8220;title&#8221;:&#8221;&#8221;,&#8221;url&#8221;:&#8221;&#8221;,&#8221;imageSrc&#8221;:&#8221;&#8221;}},{&#8220;timestamp&#8221;:&#8221;2025-08-28T09:33:51.618Z&#8221;,&#8221;timestampUtcIt&#8221;:&#8221;2025-08-28T11:33:51+0200&#8243;,&#8221;image&#8221;:{&#8220;imgSrc&#8221;:&#8221;https:\/\/www.europesays.com\/it\/wp-content\/uploads\/2025\/08\/jude-law-putin.webp.jpeg&#8221;,&#8221;imgAlt&#8221;:&#8221;   &#8220;,&#8221;imgCredits&#8221;:&#8221;\u00a9Getty&#8221;,&#8221;imgCaption&#8221;:null},&#8221;altBackground&#8221;:true,&#8221;title&#8221;:&#8221;Venezia 82, il Cremlino prende le distanze dal film su Putin: \u201cNon lo abbiamo visto\u201d&#8221;,&#8221;content&#8221;:&#8221;<\/p>\n<p>In attesa dell\u2019anteprima mondiale de Il mago del Cremlino alla 82\u00aa Mostra del Cinema di Venezia, arriva la reazione ufficiale da Mosca. Il portavoce del presidente russo, Dmitri Peskov, ha dichiarato che al Cremlino non hanno ancora visto il film in cui Jude Law interpreta Vladimir Putin.<\/p>\n<p>\\n<\/p>\n<p>Il film, diretto da Olivier Assayas e tratto dal romanzo di Giuliano Da Empoli, racconta il potere russo attraverso il personaggio immaginario di Vadim Baranov, consigliere del leader del Cremlino. Nel cast anche Paul Dano e Alicia Vikander. Peskov ha ribadito che nessuno della produzione ha contattato il Cremlino e che non conoscono la trama del film: \u201cNon ne sappiamo nulla\u201d, aveva gi\u00e0 detto lo scorso gennaio.<\/p>\n<p>\\n<\/p>\n<p>Il romanzo da cui \u00e8 tratto il film \u00e8 stato un best-seller in Francia e ha suscitato grande interesse per la sua visione interna del potere russo.<\/p>\n<p>&#8220;,&#8221;postId&#8221;:&#8221;f30d43ba-c340-40f0-b378-8d0ec0808c66&#8243;,&#8221;postLink&#8221;:{&#8220;title&#8221;:&#8221;&#8221;,&#8221;url&#8221;:&#8221;&#8221;,&#8221;imageSrc&#8221;:&#8221;&#8221;}},{&#8220;timestamp&#8221;:&#8221;2025-08-28T09:30:00.009Z&#8221;,&#8221;timestampUtcIt&#8221;:&#8221;2025-08-28T11:30:00+0200&#8243;,&#8221;image&#8221;:{&#8220;imgSrc&#8221;:&#8221;https:\/\/www.europesays.com\/it\/wp-content\/uploads\/2025\/08\/1756390041_739_frankenstein.jpg&#8221;,&#8221;imgAlt&#8221;:&#8221;Frankenstein&#8221;,&#8221;imgCredits&#8221;:null,&#8221;imgCaption&#8221;:&#8221;Foto di Biennale di Venezia&#8221;},&#8221;altBackground&#8221;:true,&#8221;title&#8221;:&#8221;I 21 film in Concorso&#8221;,&#8221;content&#8221;:&#8221;<\/p>\n<p>Ogni pellicola porta sul grande schermo autori e attori di grande notoriet\u00e0, sia italiani che internazionali. Ecco tutte le opere che si sfideranno per vincere l\u2019ambitissimo <strong>Leone d\u2019Oro<\/strong>. <a href=\"\\&quot;https:\/\/tg24.sky.it\/spettacolo\/cinema\/2025\/08\/26\/mostra-cinema-venezia-2025-film\\&quot;\" target=\"\\&quot;_self\\&quot;\" data-intcmp=\"\\&quot;skytg24_liveblog_interlink_text\\&quot;\"><strong>FOTOGALLERY<\/strong><\/a><\/p>\n<p>&#8220;,&#8221;postId&#8221;:&#8221;05fb267f-7b61-4fd3-b620-b0504b0c7612&#8243;,&#8221;postLink&#8221;:{&#8220;title&#8221;:&#8221;&#8221;,&#8221;url&#8221;:&#8221;&#8221;,&#8221;imageSrc&#8221;:&#8221;&#8221;}},{&#8220;timestamp&#8221;:&#8221;2025-08-28T09:22:11.735Z&#8221;,&#8221;timestampUtcIt&#8221;:&#8221;2025-08-28T11:22:11+0200&#8243;,&#8221;image&#8221;:{&#8220;imgSrc&#8221;:&#8221;https:\/\/www.europesays.com\/it\/wp-content\/uploads\/2025\/08\/Benedetta Porcaroli Getty.jpg&#8221;,&#8221;imgAlt&#8221;:&#8221;     &#8220;,&#8221;imgCredits&#8221;:&#8221;\u00a9Getty&#8221;,&#8221;imgCaption&#8221;:null},&#8221;altBackground&#8221;:true,&#8221;title&#8221;:&#8221;Benedetta Porcaroli presenta Il rapimento di Arabella nella sezione Orizzonti&#8221;,&#8221;content&#8221;:&#8221;<\/p>\n<p>Anche Benedetta Porcaroli \u00e8 al Lido per la Mostra del Cinema di Venezia 2025 in occasione della presentazione del film Il rapimento di Arabella, diretto da Carolina Cavalli, nella sezione Orizzonti del festival. La pellicola, in uscita nelle sale il 4 dicembre 2025, \u00e8 un road movie dramedy che racconta la storia di Holly, una giovane donna di 28 anni che si sente la versione sbagliata di s\u00e9 stessa. Quando incontra una bambina di nome Arabella, si convince di aver trovato la sua \u201cs\u00e9\u201d da piccola e decide di scappare con lei, in un viaggio che diventa una riflessione sul passato, sull\u2019identit\u00e0 e sul desiderio di riscatto. Nel film, l&#8217;attrice interpreta Holly, una protagonista disadattata e intensa, affiancata nel cast da Chris Pine ed Eva Robin\u2019s.<\/p>\n<p>&#8220;,&#8221;postId&#8221;:&#8221;046ba805-86f0-4bdf-a9b0-1c9c9cdcaab1&#8243;,&#8221;postLink&#8221;:{&#8220;title&#8221;:&#8221;&#8221;,&#8221;url&#8221;:&#8221;&#8221;,&#8221;imageSrc&#8221;:&#8221;&#8221;}},{&#8220;timestamp&#8221;:&#8221;2025-08-28T09:09:33.038Z&#8221;,&#8221;timestampUtcIt&#8221;:&#8221;2025-08-28T11:09:33+0200&#8243;,&#8221;image&#8221;:{&#8220;imgSrc&#8221;:&#8221;https:\/\/www.europesays.com\/it\/wp-content\/uploads\/2025\/08\/Stefano Accorsi.jpg&#8221;,&#8221;imgAlt&#8221;:&#8221;  &#8220;,&#8221;imgCredits&#8221;:&#8221;\u00a9Getty&#8221;,&#8221;imgCaption&#8221;:null},&#8221;altBackground&#8221;:true,&#8221;title&#8221;:&#8221;Venezia 82: Stefano Accorsi apre la rassegna De\u2019Longhi&#8221;,&#8221;content&#8221;:&#8221;<\/p>\n<p>Stefano Accorsi \u00e8 arrivato al Lido per la Mostra del Cinema di Venezia per inaugurare una rassegna di talk organizzati da De\u2019Longhi all\u2019Hotel Excelsior. A partire dal 28 agosto, l\u2019attore e regista, tra i pi\u00f9 amati del panorama italiano, aprir\u00e0 gli incontri con il suo punto di vista sull\u2019arte della narrazione, offrendo uno sguardo personale e profondo sul racconto cinematografico e teatrale.<\/p>\n<p>&#8220;,&#8221;postId&#8221;:&#8221;b29a3871-d2e7-41d7-8b07-a2074e18c373&#8243;,&#8221;postLink&#8221;:{&#8220;title&#8221;:&#8221;&#8221;,&#8221;url&#8221;:&#8221;&#8221;,&#8221;imageSrc&#8221;:&#8221;&#8221;}},{&#8220;timestamp&#8221;:&#8221;2025-08-28T08:58:46.210Z&#8221;,&#8221;timestampUtcIt&#8221;:&#8221;2025-08-28T10:58:46+0200&#8243;,&#8221;image&#8221;:{&#8220;imgSrc&#8221;:&#8221;https:\/\/www.europesays.com\/it\/wp-content\/uploads\/2025\/08\/julia roberts getty.jpg&#8221;,&#8221;imgAlt&#8221;:&#8221;   &#8220;,&#8221;imgCredits&#8221;:&#8221;\u00a9Getty&#8221;,&#8221;imgCaption&#8221;:null},&#8221;altBackground&#8221;:true,&#8221;title&#8221;:&#8221;Julia Roberts e il cardigan-manifesto: omaggio pop a Luca Guadagnino&#8221;,&#8221;content&#8221;:&#8221;<\/p>\n<p>Julia Roberts ha fatto il suo ingresso ieri in Laguna con un outfit che ha immediatamente catturato l\u2019attenzione di fotografi e fashion editor. Il pezzo centrale \u00e8 stato un maxi cardigan bianco e nero lavorato a jacquard, decorato con il volto di Luca Guadagnino, regista del film After the Hunt che l\u2019attrice presenta fuori concorso. Un gesto affettuoso e ironico, che ha trasformato il capo in un vero e proprio tributo pop e in una dichiarazione di stile.<\/p>\n<p>&#8220;,&#8221;postId&#8221;:&#8221;31bc2d8e-aa5c-4a9d-b63a-dd48208bca2e&#8221;,&#8221;postLink&#8221;:{&#8220;title&#8221;:&#8221;&#8221;,&#8221;url&#8221;:&#8221;&#8221;,&#8221;imageSrc&#8221;:&#8221;&#8221;}},{&#8220;timestamp&#8221;:&#8221;2025-08-28T08:43:58.202Z&#8221;,&#8221;timestampUtcIt&#8221;:&#8221;2025-08-28T10:43:58+0200&#8243;,&#8221;image&#8221;:{&#8220;imgSrc&#8221;:&#8221;https:\/\/www.europesays.com\/it\/wp-content\/uploads\/2025\/08\/Rose Villain getty.jpg&#8221;,&#8221;imgAlt&#8221;:&#8221; &#8220;,&#8221;imgCredits&#8221;:&#8221;\u00a9Getty&#8221;,&#8221;imgCaption&#8221;:null},&#8221;altBackground&#8221;:true,&#8221;title&#8221;:&#8221;Rose Villain regina punk del Lido&#8221;,&#8221;content&#8221;:&#8221;<\/p>\n<p>Alla serata inaugurale della Mostra del Cinema di Venezia 2025, la cantante e artista Rose Villain ha catalizzato l\u2019attenzione con un look che ha saputo fondere couture e ribellione punk, diventando uno dei momenti pi\u00f9 discussi e fotografati del red carpet della giornata inaugurale. Rose ha indossato un abito da sposa metallizzato firmato Vivienne Westwood, realizzato in georgette ricoperta di paillettes dorate, con un corsetto strutturato, gonna a sirena e guanti lunghi coordinati. Il vero colpo di scena \u00e8 stato l\u2019hair look: una cresta punk blu, volutamente in contrasto con l\u2019eleganza dell\u2019abito. Non si trattava di un taglio permanente, ma di un\u2019acconciatura costruita ad hoc, con i capelli tirati verso l\u2019alto per creare un effetto \u201cmessy\u201d e ribelle. A completare il look, gioielli Tiffany &amp; Co. delle linee pi\u00f9 audaci, come HardWear e Titan (firmata da Pharrell Williams), che hanno aggiunto un tocco urban e musicale all\u2019insieme.<\/p>\n<p>&#8220;,&#8221;postId&#8221;:&#8221;5135738c-e28f-4293-8cb8-d71f4ed6bbe5&#8243;,&#8221;postLink&#8221;:{&#8220;title&#8221;:&#8221;&#8221;,&#8221;url&#8221;:&#8221;&#8221;,&#8221;imageSrc&#8221;:&#8221;&#8221;}},{&#8220;timestamp&#8221;:&#8221;2025-08-28T08:30:00.268Z&#8221;,&#8221;timestampUtcIt&#8221;:&#8221;2025-08-28T10:30:00+0200&#8243;,&#8221;image&#8221;:{&#8220;imgSrc&#8221;:&#8221;https:\/\/www.europesays.com\/it\/wp-content\/uploads\/2025\/08\/1756390043_357_julia-roberts-ipa (1).jpg&#8221;,&#8221;imgAlt&#8221;:&#8221;Julia Roberts&#8221;,&#8221;imgCredits&#8221;:&#8221;\u00a9IPA\/Fotogramma&#8221;,&#8221;imgCaption&#8221;:null},&#8221;altBackground&#8221;:true,&#8221;title&#8221;:&#8221;I primi ospiti al Lido da Julia Roberts a George Clooney&#8221;,&#8221;content&#8221;:&#8221;<\/p>\n<p>Gli arrivi veneziani del primo giorno hanno visto sbarcere membri della giuria e star internazionali come <strong>Julia Roberts<\/strong> (che si \u00e8 presentata in aeroporto con un cardigan che ha omaggiato il regista e sceneggiatore italiano <strong>Luca Guadagnino<\/strong>), <strong>George Clooney<\/strong> e<strong> Laura Dern<\/strong>. Non sono mancati all&#8217;appello nemmeno i grandi nomi del cinema italiano, da <strong>Toni Servillo <\/strong>ad <strong>Anna Ferzetti<\/strong> (protagonisti di La Grazia, il film di <strong>Paolo Sorrentino<\/strong>). <a href=\"\\&quot;https:\/\/tg24.sky.it\/spettacolo\/cinema\/2025\/08\/27\/ospiti-mostra-del-cinema-di-venezia-foto\\&quot;\" target=\"\\&quot;_self\\&quot;\" data-intcmp=\"\\&quot;skytg24_liveblog_interlink_text\\&quot;\"><strong>FOTOGALLERY<\/strong><\/a><\/p>\n<p>&#8220;,&#8221;postId&#8221;:&#8221;d7db95e7-7174-444b-b512-badcce1dd3c3&#8243;,&#8221;postLink&#8221;:{&#8220;title&#8221;:&#8221;&#8221;,&#8221;url&#8221;:&#8221;&#8221;,&#8221;imageSrc&#8221;:&#8221;&#8221;}},{&#8220;timestamp&#8221;:&#8221;2025-08-28T08:20:00.064Z&#8221;,&#8221;timestampUtcIt&#8221;:&#8221;2025-08-28T10:20:00+0200&#8243;,&#8221;video&#8221;:{&#8220;videoId&#8221;:&#8221;1031686&#8243;,&#8221;videoPageUrl&#8221;:&#8221;https:\/\/video.sky.it\/news\/spettacolo\/cinema\/video\/festival-di-venezia-la-grazia-toni-servillo-1031686&#8243;},&#8221;altBackground&#8221;:true,&#8221;title&#8221;:&#8221;Toni Servillo racconta La Grazia di Paolo Sorrentino&#8221;,&#8221;content&#8221;:&#8221;<\/p>\n<p>\\&#8221;Credo che Sorrentino, con un&#8217;abile mossa di sceneggiatura che gli \u00e8 propria, perch\u00e9 Paolo ancora prima di essere un grande creatore di immagini scrive benissimo, scrive dialoghi molto belli, crea personaggi molto belli, in questo film dichiara subito il clima conflittuale in cui ci si viene a trovare\\&#8221;, ha raccontato ai microfoni di Sky TG24 l&#8217;attore protagonista del film di apertura di Venezia 82. \\&#8221;Siamo nel semestre bianco, quindi \u00e8 una terra di nessuno che stabilisce <strong>un confine tra quello che c&#8217;era prima e quello che ci sar\u00e0 dopo per quest&#8217;uomo<\/strong>\\&#8221;<\/p>\n<p>&#8220;,&#8221;postId&#8221;:&#8221;3bacbeaf-223d-4be5-afc0-5648a85aa31f&#8221;,&#8221;postLink&#8221;:{&#8220;title&#8221;:&#8221;&#8221;,&#8221;url&#8221;:&#8221;&#8221;,&#8221;imageSrc&#8221;:&#8221;&#8221;}},{&#8220;timestamp&#8221;:&#8221;2025-08-28T08:10:00.135Z&#8221;,&#8221;timestampUtcIt&#8221;:&#8221;2025-08-28T10:10:00+0200&#8243;,&#8221;image&#8221;:{&#8220;imgSrc&#8221;:&#8221;https:\/\/www.europesays.com\/it\/wp-content\/uploads\/2025\/08\/la-grazia-festival-venezia.jpg&#8221;,&#8221;imgAlt&#8221;:&#8221;La Grazia&#8221;,&#8221;imgCredits&#8221;:&#8221;\u00a9Getty&#8221;,&#8221;imgCaption&#8221;:null},&#8221;altBackground&#8221;:true,&#8221;title&#8221;:&#8221;La Grazia di Paolo Sorrentino ha aperto Venezia 82 tra amore e dubbio&#8221;,&#8221;content&#8221;:&#8221;<\/p>\n<p>Alla Mostra del Cinema di Venezia 2025, il regista napoletano ha portato un&#8217;opera\u00a0 sospesa tra i ricordi del passato e le trappole del presente, tra il peso del potere e la leggerezza dell\u2019amore. <strong>Toni Servillo <\/strong>\u00e8 un Presidente ferito, divorato dal dubbio e dalla gelosia, alle prese con scelte che cambiano il destino altrui. Accanto a lui <strong>Anna Ferzetti<\/strong>, luminosa nel ruolo della figlia, e <strong>Milvia Marigliano<\/strong>, unica e tagliente: un\u2019opera che fa del dubbio una forma di grazia. <a href=\"\\&quot;https:\/\/tg24.sky.it\/spettacolo\/cinema\/2025\/08\/27\/la-grazia-paolo-sorrentino-film-recensione\\&quot;\" target=\"\\&quot;_self\\&quot;\" data-intcmp=\"\\&quot;skytg24_liveblog_interlink_text\\&quot;\"><strong>RECENSIONE<\/strong><\/a><\/p>\n<p>&#8220;,&#8221;postId&#8221;:&#8221;dbc12ad2-8eca-4759-9037-64367f50494d&#8221;,&#8221;postLink&#8221;:{&#8220;title&#8221;:&#8221;&#8221;,&#8221;url&#8221;:&#8221;&#8221;,&#8221;imageSrc&#8221;:&#8221;&#8221;}},{&#8220;timestamp&#8221;:&#8221;2025-08-28T08:00:00.341Z&#8221;,&#8221;timestampUtcIt&#8221;:&#8221;2025-08-28T10:00:00+0200&#8243;,&#8221;image&#8221;:{&#8220;imgSrc&#8221;:&#8221;https:\/\/www.europesays.com\/it\/wp-content\/uploads\/2025\/08\/emanuela-fanelli-festival-venezia.jpg&#8221;,&#8221;imgAlt&#8221;:&#8221;Emanuela Fanelli&#8221;,&#8221;imgCredits&#8221;:&#8221;\u00a9Getty&#8221;,&#8221;imgCaption&#8221;:null},&#8221;altBackground&#8221;:true,&#8221;title&#8221;:&#8221;I voti ai look sul red carpet, da Emanuela Fanelli a Heidi Klum&#8221;,&#8221;content&#8221;:&#8221;<\/p>\n<p>Giurati, presidenti di giuria, le prime star delle pellicole in Concorso e non e, naturalmente, la conduttrice della cerimonia in Sala Grande. Al Lido, per la prima sfilata ufficiale sotto i riflettori, erano presenti i protagonisti della Mostra del Cinema di Venezia 2025 e tanti ospiti speciali. Tra corsetti, trasparenze e (molti) total back, la gara dello stile \u00e8 appena iniziata. <a href=\"\\&quot;https:\/\/tg24.sky.it\/spettacolo\/cinema\/2025\/08\/27\/look-venezia-red-carpet-apertura\\&quot;\" target=\"\\&quot;_self\\&quot;\" data-intcmp=\"\\&quot;skytg24_liveblog_interlink_text\\&quot;\"><strong>FOTOGALLERY<\/strong><\/a><\/p>\n<p>&#8220;,&#8221;postId&#8221;:&#8221;8bfdeadd-1969-4f80-b08d-9a5b6e4039d3&#8243;,&#8221;postLink&#8221;:{&#8220;title&#8221;:&#8221;&#8221;,&#8221;url&#8221;:&#8221;&#8221;,&#8221;imageSrc&#8221;:&#8221;&#8221;}},{&#8220;timestamp&#8221;:&#8221;2025-08-28T07:50:00.546Z&#8221;,&#8221;timestampUtcIt&#8221;:&#8221;2025-08-28T09:50:00+0200&#8243;,&#8221;image&#8221;:{&#8220;imgSrc&#8221;:&#8221;https:\/\/www.europesays.com\/it\/wp-content\/uploads\/2025\/08\/mother (1).jpg&#8221;,&#8221;imgAlt&#8221;:&#8221;Mother con Noomi Rapace&#8221;,&#8221;imgCredits&#8221;:null,&#8221;imgCaption&#8221;:&#8221;Foto di Biennale di Venezia&#8221;},&#8221;altBackground&#8221;:true,&#8221;title&#8221;:&#8221;Mother, il film con Noomi Rapace su Madre Teresa di Calcutta&#8221;,&#8221;content&#8221;:&#8221;<\/p>\n<p>Alla Mostra del Cinema di Venezia 2025, il film di <strong>Teona Strugar Mitevska <\/strong>ha aperto la sezione <strong>Orizzonti <\/strong>e ha porta in scena una <strong>Madre Teresa<\/strong> inedita, interpretata da <strong>Noomi Rapace<\/strong>. Non l\u2019icona santificata, ma la donna contraddittoria, fragile e ribelle, che nel 1948 sfida il potere della Chiesa per fondare il suo ordine. Una pellicola che affronta anche il tema dell\u2019aborto e riflette sul presente, tra fede, libert\u00e0 e necessit\u00e0 di aiutare gli ultimi. <a href=\"\\&quot;https:\/\/tg24.sky.it\/spettacolo\/cinema\/2025\/08\/28\/mother-film-madre-teresa\\&quot;\" target=\"\\&quot;_self\\&quot;\" data-intcmp=\"\\&quot;skytg24_liveblog_interlink_text\\&quot;\"><strong>RECENSIONE<\/strong><\/a><\/p>\n<p>&#8220;,&#8221;postId&#8221;:&#8221;6c88d718-4daa-477f-a67b-6713acd790a2&#8243;,&#8221;postLink&#8221;:{&#8220;title&#8221;:&#8221;&#8221;,&#8221;url&#8221;:&#8221;&#8221;,&#8221;imageSrc&#8221;:&#8221;&#8221;}},{&#8220;timestamp&#8221;:&#8221;2025-08-28T07:50:00.355Z&#8221;,&#8221;timestampUtcIt&#8221;:&#8221;2025-08-28T09:50:00+0200&#8243;,&#8221;image&#8221;:{&#8220;imgSrc&#8221;:&#8221;https:\/\/www.europesays.com\/it\/wp-content\/uploads\/2025\/08\/festival-venezia-francis-ford-coppola-werner-herzog-getty.jpg&#8221;,&#8221;imgAlt&#8221;:&#8221;Francis Ford Coppola e Werner Herzog&#8221;,&#8221;imgCredits&#8221;:&#8221;\u00a9Getty&#8221;,&#8221;imgCaption&#8221;:null},&#8221;altBackground&#8221;:true,&#8221;title&#8221;:&#8221;Francis Ford Coppola consegna a Werner Herzog il Leone d&#8217;Oro alla carriera&#8221;,&#8221;content&#8221;:&#8221;<\/p>\n<p>Nel corso della cerimonia di apertura di Venezia 82, il regista e sceneggiatore tedesco \u00e8 stato premiato con la prestigiosa statuetta dal collega statunitense, che ha tenuto un discorso in suo onore. Oggi, gioved\u00ec 28 agosto, l&#8217;anteprima dell&#8217;ultimo lavoro dell&#8217;autore, 82 anni: il <strong>documentario<\/strong> Ghost Elephants. <a href=\"\\&quot;https:\/\/tg24.sky.it\/spettacolo\/cinema\/2025\/08\/27\/francis-ford-coppola-werner-herzog-leone-d-oro-carriera-mostra-cinema-venezia\\&quot;\" target=\"\\&quot;_self\\&quot;\" data-intcmp=\"\\&quot;skytg24_liveblog_interlink_text\\&quot;\"><strong>SCOPRI QUI<\/strong><\/a><\/p>\n<p>&#8220;,&#8221;postId&#8221;:&#8221;719c293d-bc96-4934-a985-5354da217d5e&#8221;,&#8221;postLink&#8221;:{&#8220;title&#8221;:&#8221;&#8221;,&#8221;url&#8221;:&#8221;&#8221;,&#8221;imageSrc&#8221;:&#8221;&#8221;}},{&#8220;timestamp&#8221;:&#8221;2025-08-28T07:40:00.800Z&#8221;,&#8221;timestampUtcIt&#8221;:&#8221;2025-08-28T09:40:00+0200&#8243;,&#8221;video&#8221;:{&#8220;videoId&#8221;:&#8221;1031683&#8243;,&#8221;videoPageUrl&#8221;:&#8221;https:\/\/video.sky.it\/news\/spettacolo\/cinema\/video\/venezia-82-sorrentino-la-grazia-eutanasia-1031683&#8243;},&#8221;altBackground&#8221;:true,&#8221;title&#8221;:&#8221;La lettera di Mattarella: \\&#8221;Cinema parte essenziale cultura italiana\\&#8221;&#8221;,&#8221;content&#8221;:&#8221;<\/p>\n<p>Nella prima giornata della kermesse, la lettera del Presidente della Repubblica in risposta all&#8217;invito di <strong>Emanuela Fanelli<\/strong>. <strong>Werner Herzog <\/strong>ha ricevuto il <strong>Leone d&#8217;Oro alla Carriera <\/strong>nella cerimonia inaugurale, con la <strong>laudatio di Francis Ford Coppola<\/strong>. Ha aperto il Concorso\u00a0il primo dei cinque film italiani\u00a0in gara, La Grazia di <strong>Paolo Sorrentino<\/strong> con <strong>Toni Servillo\u00a0<\/strong>e\u00a0<strong>Anna Ferzetti<\/strong>. Per <strong>Orizzonti<\/strong> c&#8217;\u00e8 stato\u00a0Mother\u00a0di\u00a0<strong>Teona Strugar Mitevska<\/strong> con <strong>Noomi Rapace<\/strong>. E il <strong>flash mob pro Gaza sul red carpet<\/strong>. <a href=\"\\&quot;https:\/\/tg24.sky.it\/spettacolo\/cinema\/2025\/08\/27\/festival-venezia-cerimonia-apertura-diretta\\&quot;\" target=\"\\&quot;_self\\&quot;\" data-intcmp=\"\\&quot;skytg24_liveblog_interlink_text\\&quot;\"><strong>RIVIVI LA PRIMA GIORNATA<\/strong><\/a><\/p>\n<p>&#8220;,&#8221;postId&#8221;:&#8221;2718b486-b64d-4e98-9a34-3d539eb9d63a&#8221;,&#8221;postLink&#8221;:{&#8220;title&#8221;:&#8221;&#8221;,&#8221;url&#8221;:&#8221;&#8221;,&#8221;imageSrc&#8221;:&#8221;&#8221;}},{&#8220;timestamp&#8221;:&#8221;2025-08-28T07:40:00.410Z&#8221;,&#8221;timestampUtcIt&#8221;:&#8221;2025-08-28T09:40:00+0200&#8243;,&#8221;video&#8221;:{&#8220;videoId&#8221;:&#8221;1031646&#8243;,&#8221;videoPageUrl&#8221;:&#8221;https:\/\/video.sky.it\/news\/spettacolo\/cinema\/video\/george-clooney-amal-venezia-1031646&#8243;},&#8221;altBackground&#8221;:true,&#8221;title&#8221;:&#8221;L&#8217;arrivo di George Clooney e Amal Alamuddin&#8221;,&#8221;content&#8221;:&#8221;<\/p>\n<p>L\u2019attore e la moglie sono sono arrivati a Venezia marted\u00ec 26 agosto in vista della premi\u00e8re del film in <strong>Concorso<\/strong> Jay Kelly di <strong>Noah Baumbach<\/strong><\/p>\n<p>&#8220;,&#8221;postId&#8221;:&#8221;431dbf2e-e6a0-4805-be44-d95edbc4fc63&#8243;,&#8221;postLink&#8221;:{&#8220;title&#8221;:&#8221;&#8221;,&#8221;url&#8221;:&#8221;&#8221;,&#8221;imageSrc&#8221;:&#8221;&#8221;}},{&#8220;timestamp&#8221;:&#8221;2025-08-28T07:30:00.128Z&#8221;,&#8221;timestampUtcIt&#8221;:&#8221;2025-08-28T09:30:00+0200&#8243;,&#8221;image&#8221;:{&#8220;imgSrc&#8221;:&#8221;https:\/\/www.europesays.com\/it\/wp-content\/uploads\/2025\/08\/1-LA-GIOIA.jpeg&#8221;,&#8221;imgAlt&#8221;:&#8221;La gioia&#8221;,&#8221;imgCredits&#8221;:null,&#8221;imgCaption&#8221;:&#8221;Foto di Giornate degli Autori&#8221;},&#8221;altBackground&#8221;:true,&#8221;title&#8221;:&#8221;Giornate degli Autori, La gioia di Nicolangelo Gelormini con Valeria Golino, Saul Nanni e Jasmine Trinca&#8221;,&#8221;content&#8221;:&#8221;<\/p>\n<p>Alle <strong>Giornate degli Autori<\/strong> c\u2019\u00e8 <strong>l\u2019unico titolo italiano in gara<\/strong> (<a href=\"\\&quot;https:\/\/tg24.sky.it\/spettacolo\/cinema\/2025\/08\/24\/film-italiani-festival-venezia-2025\\&quot;\" target=\"\\&quot;_self\\&quot;\" data-intcmp=\"\\&quot;skytg24_liveblog_interlink_text\\&quot;\"><strong>TUTTI I FILM ITALIANI IN CONCORSO E NON<\/strong><\/a>), La gioia di <strong>Nicolangelo Gelormini <\/strong>con <strong>Valeria Golino<\/strong>, <strong>Saul Nanni <\/strong>e <strong>Jasmine Trinca<\/strong>.\u00a0<\/p>\n<p>\\n\\n<\/p>\n<p>Gioia \u00e8 un\u2019insegnante di liceo che non ha mai conosciuto l\u2019amore, se non quello opprimente dei genitori, con cui vive ancora. Tra gli studenti della sua scuola c\u2019\u00e8 Alessio, un ragazzo, che usa il suo corpo come uno strumento per rimediare qualche centinaio di euro e aiutare sua madre, cassiera in un supermercato. Tra Alessio e Gioia nasce un legame proibito, fragile e inspiegabilmente necessario per entrambi. Ma il desiderio di un riscatto sociale e umano per Alessio \u00e8 un veleno silenzioso che gli impedisce di farsi conquistare definitivamente dalla dolcezza disarmante di Gioia. Cos\u00ec, distrugge tutto e cancella l\u2019unica persona che lo abbia mai amato.<\/p>\n<p>&#8220;,&#8221;postId&#8221;:&#8221;0638423e-591d-45c9-9a83-e97d4e9a105f&#8221;,&#8221;postLink&#8221;:{&#8220;title&#8221;:&#8221;&#8221;,&#8221;url&#8221;:&#8221;&#8221;,&#8221;imageSrc&#8221;:&#8221;&#8221;}},{&#8220;timestamp&#8221;:&#8221;2025-08-28T07:20:00.179Z&#8221;,&#8221;timestampUtcIt&#8221;:&#8221;2025-08-28T09:20:00+0200&#8243;,&#8221;image&#8221;:{&#8220;imgSrc&#8221;:&#8221;https:\/\/www.europesays.com\/it\/wp-content\/uploads\/2025\/08\/il_rapimento_di_arabella.jpg&#8221;,&#8221;imgAlt&#8221;:&#8221;Il rapimento di Arabella&#8221;,&#8221;imgCredits&#8221;:null,&#8221;imgCaption&#8221;:&#8221;Foto di Biennale di Venezia&#8221;},&#8221;altBackground&#8221;:true,&#8221;title&#8221;:&#8221;Orizzonti, Il rapimento di Arabella di Carolina Cavalli con Benedetta Porcaroli&#8221;,&#8221;content&#8221;:&#8221;<\/p>\n<p>Nella sezione <strong>Orizzonti<\/strong> debutta la regista <strong>Carolina Cavalli<\/strong> con Il rapimento di Arabella, con <strong>Benedetta Porcaroli<\/strong>.<\/p>\n<p>\\n\\n<\/p>\n<p>Holly, ventotto anni, ha sempre creduto di essere la versione sbagliata di s\u00e9 stessa e che la sua vita non sia andata come avrebbe voluto. Quando incontra una bambina di nome Arabella, si convince di aver trovato la s\u00e9 stessa di un tempo. Decisa a scappare di casa, la bambina nasconde la sua identit\u00e0 e asseconda il desiderio di Holly: tornare indietro e diventare qualcuno di speciale.<\/p>\n<p>&#8220;,&#8221;postId&#8221;:&#8221;6d3ffd65-1c0b-447d-b72a-bc623b37980c&#8221;,&#8221;postLink&#8221;:{&#8220;title&#8221;:&#8221;&#8221;,&#8221;url&#8221;:&#8221;&#8221;,&#8221;imageSrc&#8221;:&#8221;&#8221;}},{&#8220;timestamp&#8221;:&#8221;2025-08-28T07:10:00.493Z&#8221;,&#8221;timestampUtcIt&#8221;:&#8221;2025-08-28T09:10:00+0200&#8243;,&#8221;image&#8221;:{&#8220;imgSrc&#8221;:&#8221;https:\/\/www.europesays.com\/it\/wp-content\/uploads\/2025\/08\/festival-venezia-werner-herzog-getty.jpg&#8221;,&#8221;imgAlt&#8221;:&#8221;Werner Herzog&#8221;,&#8221;imgCredits&#8221;:&#8221;\u00a9Getty&#8221;,&#8221;imgCaption&#8221;:null},&#8221;altBackground&#8221;:true,&#8221;title&#8221;:&#8221;Ghost Elephants, il documentario Fuori Concorso del Leone d&#8217;Oro alla Carriera Werner Herzog&#8221;,&#8221;content&#8221;:&#8221;<\/p>\n<p><strong>Fuori Concorso<\/strong>, invece, c\u2019\u00e8 la prima ufficiale del documentario Ghost Elephants di <a href=\"\\&quot;https:\/\/tg24.sky.it\/spettacolo\/cinema\/2025\/08\/27\/francis-ford-coppola-werner-herzog-leone-d-oro-carriera-mostra-cinema-venezia\\&quot;\" target=\"\\&quot;_self\\&quot;\" data-intcmp=\"\\&quot;skytg24_liveblog_interlink_text\\&quot;\"><strong>Werner Herzog<\/strong>, titolare del Leone d\u2019Oro alla Carriera 2025<\/a>. Da dieci anni, il Dottor Steve Boyes \u00e8 alla ricerca di un misterioso e sfuggente branco di elefanti fantasma sulle montagne dell&#8217;Angola.<\/p>\n<p>&#8220;,&#8221;postId&#8221;:&#8221;b8f1ac5b-3057-4ed1-b1ca-91117957e333&#8243;,&#8221;postLink&#8221;:{&#8220;title&#8221;:&#8221;&#8221;,&#8221;url&#8221;:&#8221;&#8221;,&#8221;imageSrc&#8221;:&#8221;&#8221;}},{&#8220;timestamp&#8221;:&#8221;2025-08-28T07:10:00.328Z&#8221;,&#8221;timestampUtcIt&#8221;:&#8221;2025-08-28T09:10:00+0200&#8243;,&#8221;image&#8221;:{&#8220;imgSrc&#8221;:&#8221;https:\/\/www.europesays.com\/it\/wp-content\/uploads\/2025\/08\/george-clooney-adam-sandler-getty.jpg&#8221;,&#8221;imgAlt&#8221;:&#8221;George Clooney e Adam Sandler&#8221;,&#8221;imgCredits&#8221;:&#8221;\u00a9Getty&#8221;,&#8221;imgCaption&#8221;:null},&#8221;altBackground&#8221;:true,&#8221;title&#8221;:&#8221;Le coppie artistiche pi\u00f9 attese&#8221;,&#8221;content&#8221;:&#8221;<\/p>\n<p>Reunion, primi incontri, nuove versioni di vecchi e collaudati sodalizi. tra attori, registi, muse, maestri e compagni di set. Alla 82esima Mostra Internazionale del Cinema di Venezia, sul grande schermo e sul tappeto rosso, l&#8217;incontro tra gli artisti che gi\u00e0 si conoscono e quelli che invece sono alla prima collaborazione sar\u00e0 un altro spettacolo da tenere d&#8217;occhio. <a href=\"\\&quot;https:\/\/tg24.sky.it\/spettacolo\/cinema\/2025\/08\/26\/mostra-del-cinema-di-venezia-2025-coppie-star\\&quot;\" target=\"\\&quot;_self\\&quot;\" data-intcmp=\"\\&quot;skytg24_liveblog_interlink_text\\&quot;\"><strong>FOTOGALLERY<\/strong><\/a><\/p>\n<p>&#8220;,&#8221;postId&#8221;:&#8221;f7766270-87a3-4af6-aa20-064b270d974f&#8221;,&#8221;postLink&#8221;:{&#8220;title&#8221;:&#8221;&#8221;,&#8221;url&#8221;:&#8221;&#8221;,&#8221;imageSrc&#8221;:&#8221;&#8221;}},{&#8220;timestamp&#8221;:&#8221;2025-08-28T07:00:00.257Z&#8221;,&#8221;timestampUtcIt&#8221;:&#8221;2025-08-28T09:00:00+0200&#8243;,&#8221;image&#8221;:{&#8220;imgSrc&#8221;:&#8221;https:\/\/www.europesays.com\/it\/wp-content\/uploads\/2025\/08\/orphan.jpg&#8221;,&#8221;imgAlt&#8221;:&#8221;Orphan&#8221;,&#8221;imgCredits&#8221;:null,&#8221;imgCaption&#8221;:&#8221;Foto di Biennale di Venezia&#8221;},&#8221;altBackground&#8221;:true,&#8221;title&#8221;:&#8221;Orphan, il film in Concorso di Laszlo Nemes&#8221;,&#8221;content&#8221;:&#8221;<\/p>\n<p>Ancora in <strong>Concorso <\/strong>(<a href=\"\\&quot;https:\/\/tg24.sky.it\/spettacolo\/cinema\/2025\/08\/26\/mostra-cinema-venezia-2025-film\\&quot;\" target=\"\\&quot;_self\\&quot;\" data-intcmp=\"\\&quot;skytg24_liveblog_interlink_text\\&quot;\"><strong>TUTTI I FILM IN CONCORSO<\/strong><\/a>) il film Orphan di<strong> Laszlo Nemes<\/strong>.<\/p>\n<p>\\n\\n<\/p>\n<p>Budapest, 1957. Dopo la rivolta contro il regime comunista, il mondo di Andor, un ragazzino ebreo cresciuto dalla madre con narrazioni idealizzate sul padre defunto, viene sconvolto quando si presenta un uomo brutale che afferma di essere il suo vero padre.<\/p>\n<p>&#8220;,&#8221;postId&#8221;:&#8221;82495678-76c7-49d3-a6cb-6a90c113b963&#8243;,&#8221;postLink&#8221;:{&#8220;title&#8221;:&#8221;&#8221;,&#8221;url&#8221;:&#8221;&#8221;,&#8221;imageSrc&#8221;:&#8221;&#8221;}},{&#8220;timestamp&#8221;:&#8221;2025-08-28T06:50:00.214Z&#8221;,&#8221;timestampUtcIt&#8221;:&#8221;2025-08-28T08:50:00+0200&#8243;,&#8221;image&#8221;:{&#8220;imgSrc&#8221;:&#8221;https:\/\/www.europesays.com\/it\/wp-content\/uploads\/2025\/08\/bugonia.jpg&#8221;,&#8221;imgAlt&#8221;:&#8221;Bugonia&#8221;,&#8221;imgCredits&#8221;:null,&#8221;imgCaption&#8221;:&#8221;Foto di Biennale di Venezia&#8221;},&#8221;altBackground&#8221;:true,&#8221;title&#8221;:&#8221;Bugonia, il film in Concorso di Yorgos Lanthimos con Emma Stone&#8221;,&#8221;content&#8221;:&#8221;<\/p>\n<p>Sempre in <strong>Concorso<\/strong> anche il film Bugonia \u00a0(<a href=\"\\&quot;https:\/\/tg24.sky.it\/spettacolo\/cinema\/video\/2025\/06\/27\/bugonia-film-yorgos-lanthimos-trailer-video-1019839\\&quot;\" data-intcmp=\"\\&quot;skytg24_liveblog_interlink_text\\&quot;\"><strong>TRAILER<\/strong><\/a>) di <strong>Yorgos Lanthimos<\/strong> e con <strong>Emma Stone<\/strong>, che ripropone il sodalizio vincitore del Leone d&#8217;Oro nel 2023 con Povere creature!.<\/p>\n<p>\\n\\n<\/p>\n<p>Due giovani con l&#8217;ossessione dei complotti rapiscono la potente amministratrice delegata di una grande azienda, convinti che sia un&#8217;aliena intenzionata a distruggere il pianeta Terra.<\/p>\n<p>&#8220;,&#8221;postId&#8221;:&#8221;6f07d3f8-ca3d-4878-b8ee-bb616f6c49cb&#8221;,&#8221;postLink&#8221;:{&#8220;title&#8221;:&#8221;&#8221;,&#8221;url&#8221;:&#8221;&#8221;,&#8221;imageSrc&#8221;:&#8221;&#8221;}},{&#8220;timestamp&#8221;:&#8221;2025-08-28T06:40:00.282Z&#8221;,&#8221;timestampUtcIt&#8221;:&#8221;2025-08-28T08:40:00+0200&#8243;,&#8221;image&#8221;:{&#8220;imgSrc&#8221;:&#8221;https:\/\/www.europesays.com\/it\/wp-content\/uploads\/2025\/08\/1756390045_633_jay-kelly.jpg&#8221;,&#8221;imgAlt&#8221;:&#8221;Jay Kelly&#8221;,&#8221;imgCredits&#8221;:null,&#8221;imgCaption&#8221;:&#8221;Foto di Biennale di Venezia&#8221;},&#8221;altBackground&#8221;:true,&#8221;title&#8221;:&#8221;Jay Kelly, George Clooney in Concorso con Noah Baumbach&#8221;,&#8221;content&#8221;:&#8221;<\/p>\n<p>In <strong>Concorso<\/strong> (<a href=\"\\&quot;https:\/\/tg24.sky.it\/spettacolo\/cinema\/2025\/08\/26\/mostra-cinema-venezia-2025-film\\&quot;\" data-intcmp=\"\\&quot;skytg24_liveblog_interlink_text\\&quot;\"><strong>TUTTI I FILM IN CONCORSO<\/strong><\/a>) torna <strong>George Clooney <\/strong>nel film corale Jay Kelly di <strong>Noah Baumbach<\/strong>, con un super cast che comprende<strong> Adam Sandler<\/strong>, <strong>Laura Dern<\/strong>, <strong>Billy Crudup<\/strong>, <strong>Alba Rohrwacher<\/strong> e <strong>Greta Gerwig<\/strong> (anche co-sceneggiatrice insieme al marito regista).<\/p>\n<p>\\n\\n<\/p>\n<p>La pellicola segue il famoso attore cinematografico Jay Kelly e il suo devoto manager Ron in un vorticoso viaggio di inattesa profondit\u00e0 attraverso l&#8217;Europa. Lungo la strada sono entrambi costretti a fare i conti con le scelte che hanno fatto, con i rapporti con i loro cari e con l\u2019eredit\u00e0 che lasceranno alle generazioni future.<\/p>\n<p>&#8220;,&#8221;postId&#8221;:&#8221;6ace7a33-b8b7-468e-ac7e-efca4573d47d&#8221;,&#8221;postLink&#8221;:{&#8220;title&#8221;:&#8221;&#8221;,&#8221;url&#8221;:&#8221;&#8221;,&#8221;imageSrc&#8221;:&#8221;&#8221;}},{&#8220;timestamp&#8221;:&#8221;2025-08-28T06:30:00.201Z&#8221;,&#8221;timestampUtcIt&#8221;:&#8221;2025-08-28T08:30:00+0200&#8243;,&#8221;image&#8221;:{&#8220;imgSrc&#8221;:&#8221;https:\/\/www.europesays.com\/it\/wp-content\/uploads\/2025\/08\/george-clooney-getty.jpg&#8221;,&#8221;imgAlt&#8221;:&#8221;George Clooney&#8221;,&#8221;imgCredits&#8221;:&#8221;\u00a9Getty&#8221;,&#8221;imgCaption&#8221;:null},&#8221;altBackground&#8221;:true,&#8221;title&#8221;:&#8221;Al via la giornata dei primi divi internazionali&#8221;,&#8221;content&#8221;:&#8221;<\/p>\n<p>Gioved\u00ec <strong>28 agosto<\/strong> all\u2019<strong>82esima edizione della Mostra Internazionale del Cinema di Venezia<\/strong> (<a href=\"\\&quot;https:\/\/tg24.sky.it\/spettacolo\/eventi\/festival-venezia\\&quot;\" target=\"\\&quot;_self\\&quot;\" data-intcmp=\"\\&quot;skytg24_liveblog_interlink_text\\&quot;\"><strong>LO SPECIALE<\/strong><\/a>) vanno in scena i primi <strong>divi internazionali<\/strong>.<\/p>\n<p>&#8220;,&#8221;postId&#8221;:&#8221;a189b12a-a629-434a-b434-bb25b6ea044b&#8221;,&#8221;postLink&#8221;:{&#8220;title&#8221;:&#8221;&#8221;,&#8221;url&#8221;:&#8221;&#8221;,&#8221;imageSrc&#8221;:&#8221;&#8221;}}]}&#8221;<br \/>\n          query='{&#8220;configurationName&#8221;:&#8221;LIVEBLOG_CONTAINER_WIDGET&#8221;,&#8221;liveblogId&#8221;:&#8221;c8fdfa6d-09e6-4012-9a88-3405e44f85b6&#8243;,&#8221;tenant&#8221;:&#8221;tg24&#8243;,&#8221;limit&#8221;:800}&#8217;<br \/>\n          config='{&#8220;live&#8221;:true,&#8221;isWebView&#8221;:false,&#8221;postsPerPageMobile&#8221;:10,&#8221;postsPerPageDesktop&#8221;:10}&#8217;<br \/>\n        &gt;<\/p>\n<p>Gioved\u00ec <strong>28 agosto<\/strong> all\u2019<strong>82esima edizione della Mostra Internazionale del Cinema di Venezia<\/strong> (<a href=\"https:\/\/tg24.sky.it\/spettacolo\/eventi\/festival-venezia\" data-intcmp=\"skytg24_liveblog_interlink_text\" rel=\"nofollow noopener\" target=\"_blank\"><strong>LO SPECIALE<\/strong><\/a> \u2013 <a href=\"https:\/\/tg24.sky.it\/spettacolo\/cinema\/2025\/08\/27\/look-venezia-red-carpet-apertura\" data-intcmp=\"skytg24_liveblog_interlink_text\" rel=\"nofollow noopener\" target=\"_blank\"><strong>LE PAGELLE AGLI ABITI SUL RED CARPET<\/strong><\/a>) vanno in scena i primi <strong>divi internazionali<\/strong>.<\/p>\n<p>In <strong>Concorso<\/strong> (<a href=\"https:\/\/tg24.sky.it\/spettacolo\/cinema\/2025\/08\/26\/mostra-cinema-venezia-2025-film\" data-intcmp=\"skytg24_liveblog_interlink_text\" rel=\"nofollow noopener\" target=\"_blank\"><strong>TUTTI I FILM IN CONCORSO<\/strong><\/a>) torna <a href=\"https:\/\/tg24.sky.it\/spettacolo\/cinema\/video\/2025\/08\/27\/george-clooney-amal-venezia\" data-intcmp=\"skytg24_liveblog_interlink_text\" rel=\"nofollow noopener\" target=\"_blank\"><strong>George Clooney <\/strong><\/a>(che per\u00f2 ha saltato la conferenza stampa di presentazione a causa di una <strong>sinusite<\/strong>) nel film corale <a href=\"https:\/\/tg24.sky.it\/spettacolo\/cinema\/2025\/08\/05\/trailer-jay-kelly-film-george-clooney\" data-intcmp=\"skytg24_liveblog_interlink_text\" rel=\"nofollow noopener\" target=\"_blank\">Jay Kelly<\/a>di <strong>Noah Baumbach<\/strong>, con un super cast che comprende<strong> Adam Sandler<\/strong>, <strong>Laura Dern<\/strong>, <strong>Billy Crudup<\/strong>, <strong>Alba Rohrwacher<\/strong> e <strong>Greta Gerwig<\/strong> (anche co-sceneggiatrice insieme al marito regista). La pellicola segue il famoso attore cinematografico Jay Kelly e il suo devoto manager Ron in un vorticoso viaggio di inattesa profondit\u00e0 attraverso l&#8217;Europa. Lungo la strada sono entrambi costretti a fare i conti con le scelte che hanno fatto, con i rapporti con i loro cari e con l\u2019eredit\u00e0 che lasceranno alle generazioni future.<\/p>\n<p>Sempre in <strong>Concorso<\/strong> anche il film <a href=\"https:\/\/tg24.sky.it\/spettacolo\/cinema\/video\/2025\/06\/27\/bugonia-film-yorgos-lanthimos-trailer-video-1019839\" data-intcmp=\"skytg24_liveblog_interlink_text\" rel=\"nofollow noopener\" target=\"_blank\">Bugonia<\/a> di <strong>Yorgos Lanthimos<\/strong> e con <strong>Emma Stone<\/strong>, che ripropone il sodalizio vincitore del Leone d&#8217;Oro nel 2023 con Povere creature!. Due giovani con l&#8217;ossessione dei complotti rapiscono la potente amministratrice delegata di una grande azienda, convinti che sia un&#8217;aliena intenzionata a distruggere il pianeta Terra.<\/p>\n<p>Ancora in <strong>Concorso<\/strong> il film Orphan di<strong> Laszlo Nemes<\/strong>. Ambientato a Budapest nel 1957 dopo la rivolta contro il regime comunista, racconta la storia di Andor, un ragazzino ebreo che, cresciuto dalla madre con narrazioni idealizzate sul padre defunto, deve invece confrontarsi con la figura di un uomo brutale che all\u2019improvviso afferma di essere il suo vero padre.<\/p>\n<p><strong>Fuori Concorso<\/strong>, invece, c\u2019\u00e8 la prima ufficiale del documentario Ghost Elephants di <a href=\"https:\/\/tg24.sky.it\/spettacolo\/cinema\/2025\/08\/27\/francis-ford-coppola-werner-herzog-leone-d-oro-carriera-mostra-cinema-venezia\" data-intcmp=\"skytg24_liveblog_interlink_text\" rel=\"nofollow noopener\" target=\"_blank\"><strong>Werner Herzog<\/strong>, titolare del Leone d\u2019Oro alla Carriera 2025<\/a>. Da dieci anni, il Dottor Steve Boyes \u00e8 alla ricerca di un misterioso e sfuggente branco di elefanti fantasma sulle montagne dell&#8217;Angola.<\/p>\n<p>Nella sezione <strong>Orizzonti<\/strong> debutta la regista <strong>Carolina Cavalli<\/strong> con Il rapimento di Arabella, con <strong>Benedetta Porcaroli<\/strong>. Nel road movie, Holly, 28 anni, ha sempre creduto di essere la versione sbagliata di s\u00e9 stessa. Quando incontra una bambina di nome Arabella, si convince di aver trovato la s\u00e9 stessa di un tempo.<\/p>\n<p>Alle <a href=\"https:\/\/tg24.sky.it\/spettacolo\/cinema\/2025\/07\/24\/giornate-degli-autori-2025-programma-festival-venezia\" data-intcmp=\"skytg24_liveblog_interlink_text\" rel=\"nofollow noopener\" target=\"_blank\"><strong>Giornate degli Autori<\/strong><\/a> c\u2019\u00e8 <strong>l\u2019unico titolo italiano in gara<\/strong> (<a href=\"https:\/\/tg24.sky.it\/spettacolo\/cinema\/2025\/08\/24\/film-italiani-festival-venezia-2025\" data-intcmp=\"skytg24_liveblog_interlink_text\" rel=\"nofollow noopener\" target=\"_blank\"><strong>TUTTI I FILM ITALIANI IN CONCORSO E NON<\/strong><\/a>), La gioia di <strong>Nicolangelo Gelormini <\/strong>con <strong>Valeria Golino<\/strong>, <strong>Saul Nanni <\/strong>e <strong>Jasmine Trinca<\/strong>. Ispirato a un fatto di cronaca nera, l&#8217;assassinio di Gloria Rosboch, racconta la storia di Gioia, un&#8217;insegnante di liceo che non ha mai conosciuto l&#8217;amore. Tra gli studenti della sua scuola c&#8217;\u00e8 Alessio, un ragazzo, che usa il suo corpo come uno strumento. Tra loro nasce un legame proibito.<\/p>\n<p>Leggi di pi\u00f9 <\/p>\n<p>1 minuto fa<\/p>\n<p>Noah Baumbach e Greta Gerwig al Lido<\/p>\n<p>Al Venezia 82 ci sono anche il regista del film Jay Kally oggi in <strong>Concorso <\/strong>el&#8217;attrice e regista, che recita nella pellicola e che \u00e8 anche sua moglie<\/p>\n<p><img decoding=\"async\" src=\"https:\/\/www.europesays.com\/it\/wp-content\/uploads\/2025\/08\/greta-gerwig-noah-baumbach-getty.jpg\" alt=\"Greta Gerwig e Noah Baumbach\" loading=\"lazy\"\/><\/p>\n<p class=\"lvbg-post-image__credits-v2\">\u00a9Getty<\/p>\n<p>4 minuti fa<\/p>\n<p>Emma Stone: &#8220;Credo negli alieni&#8221;<\/p>\n<p>L&#8217;attrice, al Lido per Bugonia di <strong>Yorgos Lanthimos<\/strong>, risponde alle domande della stampa: &#8220;Pensare di essere soli nell&#8217;universo \u00e8 narcisistico&#8221;. E sul film dice: &#8220;L&#8217;opportunit\u00e0 di lavorarci con Yorgos \u00e8 stata come un sogno&#8221;. <a href=\"https:\/\/tg24.sky.it\/spettacolo\/cinema\/2025\/08\/28\/emma-stone-mostra-cinema-venezia-bugonia-film\" target=\"_self\" data-intcmp=\"skytg24_liveblog_interlink_text\" rel=\"nofollow noopener\"><strong>SCOPRI QUI<\/strong><\/a><\/p>\n<p><img decoding=\"async\" src=\"https:\/\/www.europesays.com\/it\/wp-content\/uploads\/2025\/08\/emma-stone-venezia-festival-getty.jpg\" alt=\"Emma Stone\" loading=\"lazy\"\/><\/p>\n<p class=\"lvbg-post-image__credits-v2\">\u00a9Getty<\/p>\n<p>7 minuti fa<\/p>\n<p>Adam Sandler protagonista del Concorso<\/p>\n<p>L&#8217;attore \u00e8 il co-protagonista di<strong> George Clooney<\/strong> nel film Jay Kelly di <strong>Noah Baumbach<\/strong><\/p>\n<p><img decoding=\"async\" src=\"https:\/\/www.europesays.com\/it\/wp-content\/uploads\/2025\/08\/adam-sandler-festival-venezia-getty.jpg\" alt=\"Adam Sandler\" loading=\"lazy\"\/><\/p>\n<p class=\"lvbg-post-image__credits-v2\">\u00a9Getty<\/p>\n<p>10 minuti fa<\/p>\n<p>Jay Kelly, il cast (quasi) al completo<\/p>\n<p>Alla conferenza stampa al Lido manca solo <strong>George Clooney<\/strong>, che ha una <strong>forte sinusite <\/strong>ma che dovrebbe comunque essere presente in serata sul <strong>red carpet<\/strong><\/p>\n<p><img decoding=\"async\" src=\"https:\/\/www.europesays.com\/it\/wp-content\/uploads\/2025\/08\/jay-kelly-getty-festival-venezia-5.jpg\" alt=\"Jay Kelly\" loading=\"lazy\"\/><\/p>\n<p class=\"lvbg-post-image__credits-v2\">\u00a9Getty<\/p>\n<p>16 minuti fa<\/p>\n<p>Alba Rohrwacher nel super cast di Jay Kelly<\/p>\n<p>Anche l&#8217;attrice italiana \u00e8 arrivata al Lido per Jay Kelly, il film di Noah Baumbache con <strong>George Clooney<\/strong>, <strong>Adam Sandler<\/strong>, <strong>Laura Dern<\/strong>, <strong>Billy Crudup <\/strong>e <strong>Greta Gerwig<\/strong><\/p>\n<p><img decoding=\"async\" src=\"https:\/\/www.europesays.com\/it\/wp-content\/uploads\/2025\/08\/alba-rohrwacher-getty.jpg\" alt=\"Alba Rohrwacher\" loading=\"lazy\"\/><\/p>\n<p class=\"lvbg-post-image__credits-v2\">\u00a9Getty<\/p>\n<p>18 minuti fa<\/p>\n<p>\u201cIl rapimento di Arabella \u00e8 stato un regalo inestimabile\u201d<\/p>\n<p>In concorso a Orizzonti, <strong>Carolina Cavalli <\/strong>torna con Il rapimento di Arabella, un film sospeso tra sogno e realt\u00e0 interpretato da <strong>Benedetta Porcaroli,<\/strong> <strong>Lucrezia Guglielmino <\/strong>e <strong>Chris Pine<\/strong>. <a href=\"https:\/\/tg24.sky.it\/spettacolo\/cinema\/video\/2025\/08\/28\/benedetta-porcaroli-festival-venezia\" target=\"_self\" data-intcmp=\"skytg24_liveblog_interlink_text\" rel=\"nofollow noopener\"><strong>VIDEO<\/strong><\/a><\/p>\n<p><img decoding=\"async\" src=\"https:\/\/www.europesays.com\/it\/wp-content\/uploads\/2025\/08\/benedetta-porcaroli-carolina-cavalli-il-rapimento-di-arabella-getty.jpg\" alt=\"Il rapimento di Arabella\" loading=\"lazy\"\/><\/p>\n<p class=\"lvbg-post-image__credits-v2\">\u00a9Getty<\/p>\n<p>20 minuti fa<\/p>\n<p>Jay Kelly, al Lido anche Laura Dern<\/p>\n<p>La <strong>vincitrice del Premio Oscar come Miglior attrice non protagonista <\/strong>per Storia di un matrimonio, nonch\u00e9 <strong>candidata<\/strong> al prestigioso riconoscimento per le sue interpretazioni in Rosa Scompiglio e i suoi \u00a0amanti e in Wild, \u00e8 oggi a Venezia 82 per la presentazione in Concorso del film di Noah Baumbach, dove recita al fianco di <strong>George Clooney<\/strong>,<strong> Adam Sandler<\/strong>, <strong>Billy Crudup<\/strong>, <strong>Alba Rohrwacher <\/strong>e <strong>Greta Gerwig<\/strong><\/p>\n<p><img decoding=\"async\" src=\"https:\/\/www.europesays.com\/it\/wp-content\/uploads\/2025\/08\/laura-dern-festival-venezia.jpg\" alt=\"Laura Dern\" loading=\"lazy\"\/><\/p>\n<p class=\"lvbg-post-image__credits-v2\">\u00a9Getty<\/p>\n<p>25 minuti fa<\/p>\n<p>Emma Stone, l&#8217;attrice al Lido per Bugonia<\/p>\n<p>Scende con grande eleganza dall&#8217;imbarcazione che l&#8217;ha condotta tra i suoi compagni di set <strong>Aidan Delbis<\/strong> e<strong> Jesse Plemons<\/strong> e accanto al regista che l&#8217;ha voluta, ancora una volta, in un suo film: <strong>Yorgos Lanthimos<\/strong><\/p>\n<p>27 minuti fa<\/p>\n<p>Bugonia in corsa per il Leone d&#8217;Oro<\/p>\n<p>Gli attori <strong>Aidan Delbis<\/strong>, <strong>Jesse Plemons <\/strong>ed <strong>Emma Stone <\/strong>e il regista <strong>Yorgos Lanthimos<\/strong> posano per la Photocall del film Bugonia, oggi in <strong>Concorso<\/strong> al Lido<\/p>\n<p><img decoding=\"async\" src=\"https:\/\/www.europesays.com\/it\/wp-content\/uploads\/2025\/08\/bugonia-getty.jpg\" alt=\"Bugonia\" loading=\"lazy\"\/><\/p>\n<p class=\"lvbg-post-image__credits-v2\">\u00a9Getty<\/p>\n<p>29 minuti fa<\/p>\n<p>Al Lido \u00e8 arrivata Kim Novak<\/p>\n<p>L&#8217;attrice statunitense di successi come La donna che visse due volte, che ricever\u00e0 il <strong>Leone d&#8217;Oro alla Carriera<\/strong>, saluta i fan e i fotografi presenti in laguna<\/p>\n<p><img decoding=\"async\" src=\"https:\/\/www.europesays.com\/it\/wp-content\/uploads\/2025\/08\/kim-novak-getty-festival-venezia.jpg\" alt=\"Kim Novak\" loading=\"lazy\"\/><\/p>\n<p class=\"lvbg-post-image__credits-v2\">\u00a9Getty<\/p>\n<p>35 minuti fa<\/p>\n<p>Cate Blanchett, tutti i look dal 2000 al 2025<\/p>\n<p>\u00c8 una delle attrici pi\u00f9 talentuose della sua generazione nonch\u00e9, una delle pi\u00f9 amate dal pubblico per bellezza, eleganza e grazia. Presenza magnetica, occhi di ghiaccio e silhouette impeccabile, fa fermare lo show ogni volta che sfila sul tappeto rosso. A Venezia \u00e8 arrivata in molte vesti: attrice in gara, special guest e presidente di giuria. <a href=\"https:\/\/tg24.sky.it\/spettacolo\/cinema\/2025\/08\/28\/look-cate-blanchett-venezia-red-carpet\" target=\"_self\" data-intcmp=\"skytg24_liveblog_interlink_text\" rel=\"nofollow noopener\"><strong>FOTOGALLERY<\/strong><\/a><\/p>\n<p><img decoding=\"async\" src=\"https:\/\/www.europesays.com\/it\/wp-content\/uploads\/2025\/08\/cate-blanchett-festival-venezia.jpg\" alt=\"Cate Blanchett\" loading=\"lazy\"\/><\/p>\n<p class=\"lvbg-post-image__credits-v2\">\u00a9Getty<\/p>\n<p>42 minuti fa<\/p>\n<p>George Clooney assente alla conferenza stampa al Lido, &#8220;ha la sinusite&#8221;<\/p>\n<p>George Clooney, superstar oggi al Lido, ha dato <strong>forfait<\/strong>. A Venezia dal 26 agosto per presentare il film in <strong>Concorso<\/strong> Jay Kelly di <strong>Noah Baumbach<\/strong>, l&#8217;attore <strong>non si \u00e8 presentato alla conferenza stampa del film<\/strong>. &#8220;Come forse sapete George Clooney purtroppo non c&#8217;\u00e8, ha una forte sinusite&#8221;, ha detto la moderatrice dell&#8217;incontro. &#8220;\u00c8 molto dispiaciuto e spera comunque di poter partecipare al tappeto rosso dopo le 21&#8221;. Il regista ci ha scherzato su: &#8220;Anche i grandi divi si ammalano&#8221;<\/p>\n<p><img decoding=\"async\" src=\"https:\/\/www.europesays.com\/it\/wp-content\/uploads\/2025\/08\/festival-venezia-clooney-george.jpg\" alt=\"George Clooney\" loading=\"lazy\"\/><\/p>\n<p class=\"lvbg-post-image__credits-v2\">\u00a9Getty<\/p>\n<p>46 minuti fa<\/p>\n<p>Carolina Cavalli presenta a Orizzonti il film Il rapimento di Arabella<\/p>\n<p>&#8220;Nasce questa strana amicizia&#8221;, racconta ai microfoni di Sky TG24 la regista. &#8220;<strong>Arabella<\/strong> vuole scappare, e <strong>Holly<\/strong> vuole tornare indietro&#8221;<\/p>\n<p>14:49<\/p>\n<p>Benedetta Porcaroli: &#8220;Thelma e Louise inedita&#8221;<\/p>\n<p>&#8220;Mi piace questa coppia con la bambina, questa specie di Thelma e Louise in una versione inedita&#8221;, ha raccontato Benedetta Porcaroli, protagonista de Il rapimento di Arabella di Carolina Cavalli oggi a Orizzonti<\/p>\n<p>14:44<\/p>\n<p>Emma Stone: &#8220;S\u00ec lo confesso: credo negli alieni&#8221;<\/p>\n<p>&#8220;Pensare di essere soli nell&#8217;universo \u00e8 narcisistico, cos\u00ec, se lo volete sapere, ve lo dico: credo negli alieni. Anzi: forse \u00a0io stessa sono aliena&#8221;. Cos\u00ec Emma Stone, tubino nero smanicato, scherza sul personaggio di Michelle in &#8216;Bugonia&#8217; di Yorgos Lanthimos in concorso a Venezia 2025 e remake di &#8216;Save the Green Planet!&#8217;, film sudcoreano del 2003 di Jang Joon-hwan. Una commedia sci-fi brillante e folle piena di colpi di scena con protagonisti Teddy e Don (rispettivamente il grande Jesse Plemons e Aidan Delbis), due giovani nerd ossessionati dalle teorie del complotto, che rapiscono l&#8217;influente Ceo di una grande azienda farmaceutica rasandola a zero, convinti come sono sia un&#8217;aliena decisa a distruggere il pianeta Terra. E ancora l&#8217;attrice, al quarto film con il regista greco dopo &#8216;The Favourite&#8217;, &#8216;Poor Things&#8217; e &#8216;Kinds of Kindness&#8217;, dice su quanto possa essere difficile essere divi, tema, tra l&#8217;altro, anche del film, in concorso sempre oggi, &#8216;Jay Kelly&#8217; di Baumbach, con protagonista George Clooney: &#8220;\u00c8 difficile parlare di questa cosa, tutti noi in fondo ci confrontiamo con questo problema. Abbiamo un avatar per certe cose, e poi c&#8217;\u00e8 la persona che sono davvero quando sono con i miei amici&#8221;.\u00a0<\/p>\n<p><img decoding=\"async\" src=\"https:\/\/www.europesays.com\/it\/wp-content\/uploads\/2025\/08\/GettyImages-2231741174.jpg\" alt=\"   \" loading=\"lazy\"\/><\/p>\n<p class=\"lvbg-post-image__credits-v2\">\u00a9Getty<\/p>\n<p>14:40<\/p>\n<p>Adam Sandler torna sul red carpet di Venezia per \u201cJay Kelly\u201d<\/p>\n<p>Dopo il suo arrivo lo scorso 26 agosto con un pallone da basket, Adam Sandler \u00e8 tornato oggi sotto i riflettori della Mostra del Cinema di Venezia per la presentazione ufficiale di Jay Kelly, il nuovo film di Noah Baumbach in concorso. Sul red carpet, Sandler ha mantenuto il suo stile sportivo e informale, in linea con il personaggio che interpreta: il manager devoto di una star in crisi, interpretata da George Clooney1. Il film, un road movie esistenziale, ha attirato grande attenzione anche per il cast stellare che include Laura Dern, Greta Gerwig e Alba Rohrwacher<\/p>\n<p><img decoding=\"async\" src=\"https:\/\/www.europesays.com\/it\/wp-content\/uploads\/2025\/08\/adam-sandler.jpg\" alt=\"   \" loading=\"lazy\"\/><\/p>\n<p class=\"lvbg-post-image__credits-v2\">\u00a9Getty<\/p>\n<p>14:00<\/p>\n<p>Barbera: &#8220;Mostra del Cinema in campo per liberazione di Trentini&#8221;<\/p>\n<p>&#8220;Non \u00e8 accettabile che una famiglia sia obbligata a una sofferenza cos\u00ec ingiustificabile, e che dura da cos\u00ec tanto tempo, ingiusta soprattutto in assenza di un capo di imputazione per detenere in carcere un ragazzo che stava facendo del bene&#8221;. Lo ha detto stamane Alberto Barbera, direttore di Biennale Cinema, intervenendo all&#8217;incontro aperto ai cittadini e promosso dall&#8217;Associazione Articolo 21, in collaborazione con il Sindacato Nazionale Giornalisti Cinematografici e l&#8217;associazione Isola Edipo, per chiedere la scarcerazione del cooperante veneziano Alberto Trentini, detenuto a Caracas da oltre 300 giorni senza una accusa precisa. &#8220;Sono qui per portare la mia personale solidariet\u00e0 alla famiglia di Alberto, &#8211; ha sottolineato Barbera &#8211; sono a disposizione, e lo \u00e8 anche la Mostra del Cinema, a far cassa di risonanza di questo caso umano che va risolto al pi\u00f9 presto&#8221;. L&#8217;iniziativa per la liberazione di Alberto Trentini si \u00e8 svolta nella Casa degli Autori, uno stand della Mostra del Cinema ospitato nel cortile del patronato della Chiesa di Sant&#8217;Antonio al Lido, proprio sotto il terrazzino della casa di Alberto. Armanda Colusso, la mamma di Alberto, ha letto una lettera diretta al mondo del cinema per spiegare il dramma della detenzione e dell&#8217;attesa per la scarcerazione del figlio. &#8220;Esigiamo &#8211; ha detto la donna &#8211; che il nostro governo concretizzi gli sforzi per portare a casa Alberto, ogni giorno in pi\u00f9 di detenzione e attesa produce una intollerabile sofferenza&#8221;. &#8220;Alberto deve tornare a casa subito, scrivete, parlatene, passate voce, l&#8217;attenzione che si crea grazie alla solidariet\u00e0 di artisti e giornalisti spero sia da sprone per chi ancora tentenna&#8221;, ha poi concluso.\u00a0<\/p>\n<p>Leggi di pi\u00f9 <\/p>\n<p>13:50<\/p>\n<p>Giorgio Pasotti arriva al Lido<\/p>\n<p>L&#8217;arrivo di Giorgio Pasotti all&#8217;Hotel Excelsior di Venezia nella seconda giornata della Mostra del Cinema<\/p>\n<p><img decoding=\"async\" src=\"https:\/\/www.europesays.com\/it\/wp-content\/uploads\/2025\/08\/giorgio-pasotti-venezia-82-GettyImages-2232495485.jpg\" alt=\"Giorgio Pasotti a Venezia 82\" loading=\"lazy\"\/><\/p>\n<p class=\"lvbg-post-image__credits-v2\">\u00a9Getty<\/p>\n<p>13:40<\/p>\n<p>Massimiliano Gallo a Venezia per presentare &#8220;F II &#8211; Lo stupore del mondo&#8221;<\/p>\n<p>Massimiliano Gallo \u00e8 alla Mostra del Cinema di Venezia per presentare l&#8217;ultimo corto animato di Alessandro Rak, F II &#8211; Lo stupore del mondo, inserito nella sezione Orizzonti<\/p>\n<p><img decoding=\"async\" src=\"https:\/\/www.europesays.com\/it\/wp-content\/uploads\/2025\/08\/massimiliano-gallo-venezia-82-GettyImages-2232485390.jpg\" alt=\"Massimiliano Gallo a Venezia per F II - Lo stupore del mondo\" loading=\"lazy\"\/><\/p>\n<p class=\"lvbg-post-image__credits-v2\">\u00a9Getty<\/p>\n<p>13:30<\/p>\n<p>Valeria Golino e Jasmine Trinca nel cast di La Gioia<\/p>\n<p>Oggi \u00e8 il giorno di La Gioia, film di Nicola Gelormini inserito nelle Giornate degli Autori all&#8217;82esima Mostra del Cinema di Venezia. Nel cast sono presenti Valeria Golino e Jasmine Trinca, di nuovo unite dopo l&#8217;esperienza in L&#8217;arte della gioia, la serie Sky tratta dal romanzo di Goliarda Sapienza nella quale Trinca ha recitato diretta proprio da Golino.<\/p>\n<p><img decoding=\"async\" src=\"https:\/\/www.europesays.com\/it\/wp-content\/uploads\/2025\/08\/valeria-golino-jasmine-trinca-venezia-82-GettyImages-2232493081.jpg\" alt=\"Valeria Golino e Jasmine Trinca a Venezia 82 per La Gioia\" loading=\"lazy\"\/><\/p>\n<p class=\"lvbg-post-image__credits-v2\">\u00a9Getty<\/p>\n<p>13:21<\/p>\n<p>Il cast di Bugonia al Lido<\/p>\n<p>I tre protagonisti di Bugonia e il regista Yorgos Lanthimos sono sbarcati al Lido per la presentazione del film in Concorso<\/p>\n<p><img decoding=\"async\" src=\"https:\/\/www.europesays.com\/it\/wp-content\/uploads\/2025\/08\/bugonia-cast-venezia-82-GettyImages-2232499994.jpg\" alt=\"Il cast di Bugonia col regista Yorgos Lanthimos a Venezia 82\" loading=\"lazy\"\/><\/p>\n<p class=\"lvbg-post-image__credits-v2\">\u00a9Getty<\/p>\n<p>13:18<\/p>\n<p>Emma Stone arriva al Lido per &#8220;Bugonia&#8221;<\/p>\n<p>Una elegantissima Emma Stone \u00e8 arrivata al Lido per la presentazione di Bugonia di Yorgs Lanthimos. Alle sue spalle, sulla barca, si intravede la co-star del film Jesse Plemons.<\/p>\n<p><img decoding=\"async\" src=\"https:\/\/www.europesays.com\/it\/wp-content\/uploads\/2025\/08\/emma-stone-venezia-82-GettyImages-2232499102.jpg\" alt=\"Emma Stone a Venezia 82\" loading=\"lazy\"\/><\/p>\n<p class=\"lvbg-post-image__credits-v2\">\u00a9Getty<\/p>\n<p>13:10<\/p>\n<p>Benedetta Porcaroli presenta &#8220;Il rapimento di Arabella&#8221;<\/p>\n<p>Benedetta Porcaroli posa durante il photocall di Il rapimento di Arabella, film diretto da Carolina Cavalli inserito nella Sezione Orizzonti.<\/p>\n<p><img decoding=\"async\" src=\"https:\/\/www.europesays.com\/it\/wp-content\/uploads\/2025\/08\/benedetta-porcaroli-venezia-82-GettyImages-2232476979.jpg\" alt=\"Benedetta Porcaroli posa a Venezia 82 per il photocall di &quot;Il rapimento di Arabella&quot;\" loading=\"lazy\"\/><\/p>\n<p class=\"lvbg-post-image__credits-v2\">\u00a9Getty<\/p>\n<p>13:02<\/p>\n<p>Stefano Accorsi a Venezia per &#8220;Amata&#8221;<\/p>\n<p>Anche Stefano Accorsi \u00e8 arrivato a Venezia per presentare \u201cAmata\u201d, il nuovo film di Elisa Amoruso<\/p>\n<p><img decoding=\"async\" src=\"https:\/\/www.europesays.com\/it\/wp-content\/uploads\/2025\/08\/stefano-accorsi-venezia-82-GettyImages-2232492324.jpg\" alt=\"Stefano Accorsi all'82esima Mostra del Cinema di Venezia\" loading=\"lazy\"\/><\/p>\n<p class=\"lvbg-post-image__credits-v2\">\u00a9Getty<\/p>\n<p>12:55<\/p>\n<p>Giancarlo Giannini arriva al Lido<\/p>\n<p>Giancarlo Giannini \u00e8 arrivato al Lido, dove parteciper\u00e0 alla presentazione del cortometraggio Con un filo di voce, scritto e diretto da Alessandro Zonin, di cui \u00e8 protagonista<\/p>\n<p><img decoding=\"async\" src=\"https:\/\/www.europesays.com\/it\/wp-content\/uploads\/2025\/08\/GettyImages-2232485527.jpg\" alt=\"Giancarlo Giannini alla Mostra del Cinema di Venezia\" loading=\"lazy\"\/><\/p>\n<p class=\"lvbg-post-image__credits-v2\">\u00a9Getty<\/p>\n<p>12:47<\/p>\n<p>Ghost Elephants, Werner Herzog: &#8220;Un film che parla di sogni di elefanti&#8221;<\/p>\n<p>\u201c\u00c8 un film che parla di una missione, non dovete aspettarvi un documentario naturalistico&#8221;. Cos\u00ec Werner Herzog, premiato ieri con <a href=\"https:\/\/tg24.sky.it\/spettacolo\/cinema\/2025\/08\/27\/francis-ford-coppola-werner-herzog-leone-d-oro-carriera-mostra-cinema-venezia\" target=\"_blank\" title=\"Werner Herzog premiato col Leone d&#039;Oro alla carriera: la notizia\" data-intcmp=\"skytg24_liveblog_interlink_text\" rel=\"nofollow noopener\">il Leone d&#8217;Oro alla carriera<\/a>, ha parlato del suo Ghost Elephants, fuori concorso a Venezia 82, nella conferenza stampa di gioved\u00ec 28 agosto. &#8220;Vedete gli elefanti solo per una manciata di secondi verso la fine! Si tratta di un film che parla di sogni di elefanti, dello spirito degli animali, e questo mi fa pensare a Moby Dick di Herman Melville. Anche se il capitano Achab non avesse trovato la balena bianca, sarebbe stata comunque una grande storia&#8221;.<\/p>\n<p>12:32<\/p>\n<p>Kim Kardashian al Festival, look total black e premio per l\u2019impegno civile<\/p>\n<p>Kim Kardashian \u00e8 arrivata questa mattina a Venezia per partecipare alla 16\u00aa edizione dei DVF Awards, in programma oggi, 28 agosto, al Teatro Goldoni, nell\u2019ambito della 82\u00aa Mostra Internazionale d\u2019Arte Cinematografica. La celebre imprenditrice e icona mediatica ricever\u00e0 il prestigioso riconoscimento per il suo impegno nella riforma del sistema carcerario statunitense. A consegnarle il premio sar\u00e0 Chris Young, un uomo del Tennessee condannato ingiustamente all\u2019ergastolo e liberato grazie alle pressioni esercitate da Kardashian presso la Casa Bianca. Per il suo arrivo in Laguna, Kardashian ha scelto un look total black: abito aderente con cappuccio, dettagli cut-out e schiena scoperta, abbinato a pumps di vernice e occhiali scuri.<\/p>\n<p><img decoding=\"async\" src=\"https:\/\/www.europesays.com\/it\/wp-content\/uploads\/2025\/08\/Kim Kardashian getty.jpg\" alt=\"   \" loading=\"lazy\"\/><\/p>\n<p class=\"lvbg-post-image__credits-v2\">\u00a9Getty<\/p>\n<p>12:22<\/p>\n<p>Venezia, buone accoglienze per \u201cLa Grazia\u201d di Sorrentino: applausi e recensioni positive anche dalla Stampa Estera<\/p>\n<p>\u201cLa Grazia \u00e8 un film elegante, raffinato e meditativo, che lascia spazio all\u2019enigma\u201d, scrive Peter Bradshaw su The Guardian, assegnando quattro stelle al nuovo lavoro di Paolo Sorrentino, che ha aperto ieri sera la Mostra del Cinema di Venezia. Il film, accolto da otto minuti di applausi nella Sala Grande, ha ricevuto commenti favorevoli anche dalla stampa internazionale.<\/p>\n<p>\u201cToni Servillo \u00e8 straordinario in questo squisito studio di personaggio firmato da Sorrentino, che esplora la complessa introspezione di un uomo di potere\u201d, osserva David Rooney su The Hollywood Reporter. Per The Wrap, William Bibbiani lo definisce \u201cun vero e proprio ossigeno per il cinema\u201d.<\/p>\n<p>Peter Hammond di Deadline sottolinea: \u201cServillo merita la candidatura all\u2019Oscar per questa interpretazione. Sorrentino ha realizzato opere molto belle nella sua carriera, e questa \u00e8 una delle migliori\u201d. Secondo Jonathan Romney di Screendaily, \u201cil film mostra un Sorrentino che abbandona la sua tendenza alla stravaganza, raggiungendo una nuova maturit\u00e0 artistica\u201d.<\/p>\n<p>Kevin Maher di The Times lo descrive come \u201cun film meraviglioso, che ti cattura e non ti lascia pi\u00f9 andare\u201d, mentre Marshall Shaffer di The Playlist aggiunge: \u201cLa Grazia \u00e8 un film che rallenta il tempo e lo sospende, incarnando gran parte del fascino di Sorrentino\u201d.<\/p>\n<p>Infine, Owen Gleiberman su Variety lo definisce \u201cuna parabola della nostra epoca autocratica, che rispetta profondamente la riservatezza interiore del personaggio interpretato da Servillo\u201d.<\/p>\n<p><img decoding=\"async\" src=\"https:\/\/www.europesays.com\/it\/wp-content\/uploads\/2025\/08\/paolo-sorrentino-toni-servillo-ipa.jpg\" alt=\"  \" loading=\"lazy\"\/><\/p>\n<p class=\"lvbg-post-image__credits-v2\">\u00a9Ansa<\/p>\n<p>12:15<\/p>\n<p>George Clooney e Adam Sandler protagonisti di &#8220;Jay Kelly&#8221;. Il trailer del film<\/p>\n<p>Sar\u00e0 presentato oggi alla Mostra del Cinema di Venezia, Jay Kelly \u00e8 il nuovo film di Noah Baumbach che promette un racconto intenso e stratificato sull\u2019identit\u00e0 e il peso della celebrit\u00e0. George Clooney interpreta una star del cinema in crisi, accompagnato da Adam Sandler nel ruolo del suo manager: insieme intraprendono un viaggio attraverso l\u2019Europa che si trasforma in un percorso di riflessione e confronto con il passato.<\/p>\n<p>Baumbach costruisce un road movie esistenziale, dove i ricordi non sono semplici flashback, ma esperienze che il protagonista rivive fisicamente, in un continuo dialogo tra memoria e presente. Il film si avvale di un cast d\u2019eccezione, da Laura Dern a Greta Gerwig, e si annuncia come uno dei titoli pi\u00f9 attesi della stagione.<\/p>\n<p>Jay Kelly arriver\u00e0 nelle sale il 19 novembre e sar\u00e0 disponibile su Netflix dal 5 dicembre.<\/p>\n<p>12:01<\/p>\n<p>Torna il Filming Italy Venice Award con protagoniste le donne<\/p>\n<p>Domenica 31 agosto, nella suggestiva Sala degli Stucchi, torna il Filming Italy Venice Award. La direttrice generale e artistica Tiziana Rocca annuncer\u00e0 i vincitori di questa edizione, dedicata in particolare alle donne del cinema: attrici, registe, sceneggiatrici e produttrici. Madrina dell\u2019evento \u00e8 Matilde Gioli, mentre il presidente onorario Franco Nero \u2013 che sar\u00e0 presto celebrato con una stella sulla Walk of Fame \u2013 consegner\u00e0 uno dei riconoscimenti pi\u00f9 attesi. Tra i premiati, Emanuela Fanelli riceve il riconoscimento come miglior attrice non protagonista in una commedia per Follemente, mentre Da&#8217;Vine Joy Randolph viene premiata con il Filming Italy International Award. Ferzan \u00d6zpetek si aggiudica il premio per la miglior regia con Diamanti, e Margherita Buy e Christian Clavier ottengono il Venice Achievement Award.<\/p>\n<p>Riconoscimenti internazionali anche per Can Yaman, Sergio Castellitto e Sebastiano Pigazzi, mentre Valentina Cervi, Paola Minaccioni e Ambra Angiolini vengono celebrate con il premio \u201cDonne del cinema italiano\u201d.<\/p>\n<p>Marco Bellocchio riceve il Premio Speciale Maestro del Cinema Italiano, mentre Piero Pel\u00f9 viene omaggiato con il Music Career Award. Premi anche per il teatro, con Roc\u00edo Mu\u00f1oz Morales e Alessio Boni, e per la produzione, con Iginio Straffi, Roberto Proia, Guglielmo Marchetti e Federica Luna Vincenti.<\/p>\n<p>L\u2019evento \u00e8 patrocinato da MiC, ANICA, SNCCI, Cinecitt\u00e0 e altre istituzioni, con una giuria composta da eccellenze del cinema italiano, tra cui Alberto Barbera, direttore della Mostra del Cinema di Venezia.<\/p>\n<p><img decoding=\"async\" src=\"https:\/\/www.europesays.com\/it\/wp-content\/uploads\/2025\/08\/Tiziana Rocca getty.jpg\" alt=\"              \" loading=\"lazy\"\/><\/p>\n<p class=\"lvbg-post-image__credits-v2\">\u00a9Getty<\/p>\n<p>11:33<\/p>\n<p>Venezia 82, il Cremlino prende le distanze dal film su Putin: \u201cNon lo abbiamo visto\u201d<\/p>\n<p>In attesa dell\u2019anteprima mondiale de Il mago del Cremlino alla 82\u00aa Mostra del Cinema di Venezia, arriva la reazione ufficiale da Mosca. Il portavoce del presidente russo, Dmitri Peskov, ha dichiarato che al Cremlino non hanno ancora visto il film in cui Jude Law interpreta Vladimir Putin.<\/p>\n<p>Il film, diretto da Olivier Assayas e tratto dal romanzo di Giuliano Da Empoli, racconta il potere russo attraverso il personaggio immaginario di Vadim Baranov, consigliere del leader del Cremlino. Nel cast anche Paul Dano e Alicia Vikander. Peskov ha ribadito che nessuno della produzione ha contattato il Cremlino e che non conoscono la trama del film: \u201cNon ne sappiamo nulla\u201d, aveva gi\u00e0 detto lo scorso gennaio.<\/p>\n<p>Il romanzo da cui \u00e8 tratto il film \u00e8 stato un best-seller in Francia e ha suscitato grande interesse per la sua visione interna del potere russo.<\/p>\n<p><img decoding=\"async\" src=\"https:\/\/www.europesays.com\/it\/wp-content\/uploads\/2025\/08\/jude-law-putin.webp.jpeg\" alt=\"   \" loading=\"lazy\"\/><\/p>\n<p class=\"lvbg-post-image__credits-v2\">\u00a9Getty<\/p>\n<p>11:30<\/p>\n<p>I 21 film in Concorso<\/p>\n<p>Ogni pellicola porta sul grande schermo autori e attori di grande notoriet\u00e0, sia italiani che internazionali. Ecco tutte le opere che si sfideranno per vincere l\u2019ambitissimo <strong>Leone d\u2019Oro<\/strong>. <a href=\"https:\/\/tg24.sky.it\/spettacolo\/cinema\/2025\/08\/26\/mostra-cinema-venezia-2025-film\" target=\"_self\" data-intcmp=\"skytg24_liveblog_interlink_text\" rel=\"nofollow noopener\"><strong>FOTOGALLERY<\/strong><\/a><\/p>\n<p><img decoding=\"async\" src=\"https:\/\/www.europesays.com\/it\/wp-content\/uploads\/2025\/08\/1756390041_739_frankenstein.jpg\" alt=\"Frankenstein\" title=\"Foto di Biennale di Venezia\" loading=\"lazy\"\/><\/p>\n<p class=\"lvbg-post-image__caption-v2\">Foto di Biennale di Venezia<\/p>\n<p>11:22<\/p>\n<p>Benedetta Porcaroli presenta Il rapimento di Arabella nella sezione Orizzonti<\/p>\n<p>Anche Benedetta Porcaroli \u00e8 al Lido per la Mostra del Cinema di Venezia 2025 in occasione della presentazione del film Il rapimento di Arabella, diretto da Carolina Cavalli, nella sezione Orizzonti del festival. La pellicola, in uscita nelle sale il 4 dicembre 2025, \u00e8 un road movie dramedy che racconta la storia di Holly, una giovane donna di 28 anni che si sente la versione sbagliata di s\u00e9 stessa. Quando incontra una bambina di nome Arabella, si convince di aver trovato la sua \u201cs\u00e9\u201d da piccola e decide di scappare con lei, in un viaggio che diventa una riflessione sul passato, sull\u2019identit\u00e0 e sul desiderio di riscatto. Nel film, l&#8217;attrice interpreta Holly, una protagonista disadattata e intensa, affiancata nel cast da Chris Pine ed Eva Robin\u2019s.<\/p>\n<p><img decoding=\"async\" src=\"https:\/\/www.europesays.com\/it\/wp-content\/uploads\/2025\/08\/Benedetta Porcaroli Getty.jpg\" alt=\"     \" loading=\"lazy\"\/><\/p>\n<p class=\"lvbg-post-image__credits-v2\">\u00a9Getty<\/p>\n<p>11:09<\/p>\n<p>Venezia 82: Stefano Accorsi apre la rassegna De\u2019Longhi<\/p>\n<p>Stefano Accorsi \u00e8 arrivato al Lido per la Mostra del Cinema di Venezia per inaugurare una rassegna di talk organizzati da De\u2019Longhi all\u2019Hotel Excelsior. A partire dal 28 agosto, l\u2019attore e regista, tra i pi\u00f9 amati del panorama italiano, aprir\u00e0 gli incontri con il suo punto di vista sull\u2019arte della narrazione, offrendo uno sguardo personale e profondo sul racconto cinematografico e teatrale.<\/p>\n<p><img decoding=\"async\" src=\"https:\/\/www.europesays.com\/it\/wp-content\/uploads\/2025\/08\/Stefano Accorsi.jpg\" alt=\"  \" loading=\"lazy\"\/><\/p>\n<p class=\"lvbg-post-image__credits-v2\">\u00a9Getty<\/p>\n<p>10:58<\/p>\n<p>Julia Roberts e il cardigan-manifesto: omaggio pop a Luca Guadagnino<\/p>\n<p>Julia Roberts ha fatto il suo ingresso ieri in Laguna con un outfit che ha immediatamente catturato l\u2019attenzione di fotografi e fashion editor. Il pezzo centrale \u00e8 stato un maxi cardigan bianco e nero lavorato a jacquard, decorato con il volto di Luca Guadagnino, regista del film After the Hunt che l\u2019attrice presenta fuori concorso. Un gesto affettuoso e ironico, che ha trasformato il capo in un vero e proprio tributo pop e in una dichiarazione di stile.<\/p>\n<p><img decoding=\"async\" src=\"https:\/\/www.europesays.com\/it\/wp-content\/uploads\/2025\/08\/julia roberts getty.jpg\" alt=\"   \" loading=\"lazy\"\/><\/p>\n<p class=\"lvbg-post-image__credits-v2\">\u00a9Getty<\/p>\n<p>10:43<\/p>\n<p>Rose Villain regina punk del Lido<\/p>\n<p>Alla serata inaugurale della Mostra del Cinema di Venezia 2025, la cantante e artista Rose Villain ha catalizzato l\u2019attenzione con un look che ha saputo fondere couture e ribellione punk, diventando uno dei momenti pi\u00f9 discussi e fotografati del red carpet della giornata inaugurale. Rose ha indossato un abito da sposa metallizzato firmato Vivienne Westwood, realizzato in georgette ricoperta di paillettes dorate, con un corsetto strutturato, gonna a sirena e guanti lunghi coordinati. Il vero colpo di scena \u00e8 stato l\u2019hair look: una cresta punk blu, volutamente in contrasto con l\u2019eleganza dell\u2019abito. Non si trattava di un taglio permanente, ma di un\u2019acconciatura costruita ad hoc, con i capelli tirati verso l\u2019alto per creare un effetto \u201cmessy\u201d e ribelle. A completare il look, gioielli Tiffany &amp; Co. delle linee pi\u00f9 audaci, come HardWear e Titan (firmata da Pharrell Williams), che hanno aggiunto un tocco urban e musicale all\u2019insieme.<\/p>\n<p><img decoding=\"async\" src=\"https:\/\/www.europesays.com\/it\/wp-content\/uploads\/2025\/08\/Rose Villain getty.jpg\" alt=\" \" loading=\"lazy\"\/><\/p>\n<p class=\"lvbg-post-image__credits-v2\">\u00a9Getty<\/p>\n<p>10:30<\/p>\n<p>I primi ospiti al Lido da Julia Roberts a George Clooney<\/p>\n<p>Gli arrivi veneziani del primo giorno hanno visto sbarcere membri della giuria e star internazionali come <strong>Julia Roberts<\/strong> (che si \u00e8 presentata in aeroporto con un cardigan che ha omaggiato il regista e sceneggiatore italiano <strong>Luca Guadagnino<\/strong>), <strong>George Clooney<\/strong> e<strong> Laura Dern<\/strong>. Non sono mancati all&#8217;appello nemmeno i grandi nomi del cinema italiano, da <strong>Toni Servillo <\/strong>ad <strong>Anna Ferzetti<\/strong> (protagonisti di La Grazia, il film di <strong>Paolo Sorrentino<\/strong>). <a href=\"https:\/\/tg24.sky.it\/spettacolo\/cinema\/2025\/08\/27\/ospiti-mostra-del-cinema-di-venezia-foto\" target=\"_self\" data-intcmp=\"skytg24_liveblog_interlink_text\" rel=\"nofollow noopener\"><strong>FOTOGALLERY<\/strong><\/a><\/p>\n<p><img decoding=\"async\" src=\"https:\/\/www.europesays.com\/it\/wp-content\/uploads\/2025\/08\/1756390043_357_julia-roberts-ipa (1).jpg\" alt=\"Julia Roberts\" loading=\"lazy\"\/><\/p>\n<p class=\"lvbg-post-image__credits-v2\">\u00a9IPA\/Fotogramma<\/p>\n<p>10:20<\/p>\n<p>Toni Servillo racconta La Grazia di Paolo Sorrentino<\/p>\n<p>&#8220;Credo che Sorrentino, con un&#8217;abile mossa di sceneggiatura che gli \u00e8 propria, perch\u00e9 Paolo ancora prima di essere un grande creatore di immagini scrive benissimo, scrive dialoghi molto belli, crea personaggi molto belli, in questo film dichiara subito il clima conflittuale in cui ci si viene a trovare&#8221;, ha raccontato ai microfoni di Sky TG24 l&#8217;attore protagonista del film di apertura di Venezia 82. &#8220;Siamo nel semestre bianco, quindi \u00e8 una terra di nessuno che stabilisce <strong>un confine tra quello che c&#8217;era prima e quello che ci sar\u00e0 dopo per quest&#8217;uomo<\/strong>&#8220;<\/p>\n<p>10:10<\/p>\n<p>La Grazia di Paolo Sorrentino ha aperto Venezia 82 tra amore e dubbio<\/p>\n<p>Alla Mostra del Cinema di Venezia 2025, il regista napoletano ha portato un&#8217;opera\u00a0 sospesa tra i ricordi del passato e le trappole del presente, tra il peso del potere e la leggerezza dell\u2019amore. <strong>Toni Servillo <\/strong>\u00e8 un Presidente ferito, divorato dal dubbio e dalla gelosia, alle prese con scelte che cambiano il destino altrui. Accanto a lui <strong>Anna Ferzetti<\/strong>, luminosa nel ruolo della figlia, e <strong>Milvia Marigliano<\/strong>, unica e tagliente: un\u2019opera che fa del dubbio una forma di grazia. <a href=\"https:\/\/tg24.sky.it\/spettacolo\/cinema\/2025\/08\/27\/la-grazia-paolo-sorrentino-film-recensione\" target=\"_self\" data-intcmp=\"skytg24_liveblog_interlink_text\" rel=\"nofollow noopener\"><strong>RECENSIONE<\/strong><\/a><\/p>\n<p><img decoding=\"async\" src=\"https:\/\/www.europesays.com\/it\/wp-content\/uploads\/2025\/08\/la-grazia-festival-venezia.jpg\" alt=\"La Grazia\" loading=\"lazy\"\/><\/p>\n<p class=\"lvbg-post-image__credits-v2\">\u00a9Getty<\/p>\n<p>10:00<\/p>\n<p>I voti ai look sul red carpet, da Emanuela Fanelli a Heidi Klum<\/p>\n<p>Giurati, presidenti di giuria, le prime star delle pellicole in Concorso e non e, naturalmente, la conduttrice della cerimonia in Sala Grande. Al Lido, per la prima sfilata ufficiale sotto i riflettori, erano presenti i protagonisti della Mostra del Cinema di Venezia 2025 e tanti ospiti speciali. Tra corsetti, trasparenze e (molti) total back, la gara dello stile \u00e8 appena iniziata. <a href=\"https:\/\/tg24.sky.it\/spettacolo\/cinema\/2025\/08\/27\/look-venezia-red-carpet-apertura\" target=\"_self\" data-intcmp=\"skytg24_liveblog_interlink_text\" rel=\"nofollow noopener\"><strong>FOTOGALLERY<\/strong><\/a><\/p>\n<p><img decoding=\"async\" src=\"https:\/\/www.europesays.com\/it\/wp-content\/uploads\/2025\/08\/emanuela-fanelli-festival-venezia.jpg\" alt=\"Emanuela Fanelli\" loading=\"lazy\"\/><\/p>\n<p class=\"lvbg-post-image__credits-v2\">\u00a9Getty<\/p>\n<p>09:50<\/p>\n<p>Mother, il film con Noomi Rapace su Madre Teresa di Calcutta<\/p>\n<p>Alla Mostra del Cinema di Venezia 2025, il film di <strong>Teona Strugar Mitevska <\/strong>ha aperto la sezione <strong>Orizzonti <\/strong>e ha porta in scena una <strong>Madre Teresa<\/strong> inedita, interpretata da <strong>Noomi Rapace<\/strong>. Non l\u2019icona santificata, ma la donna contraddittoria, fragile e ribelle, che nel 1948 sfida il potere della Chiesa per fondare il suo ordine. Una pellicola che affronta anche il tema dell\u2019aborto e riflette sul presente, tra fede, libert\u00e0 e necessit\u00e0 di aiutare gli ultimi. <a href=\"https:\/\/tg24.sky.it\/spettacolo\/cinema\/2025\/08\/28\/mother-film-madre-teresa\" target=\"_self\" data-intcmp=\"skytg24_liveblog_interlink_text\" rel=\"nofollow noopener\"><strong>RECENSIONE<\/strong><\/a><\/p>\n<p><img decoding=\"async\" src=\"https:\/\/www.europesays.com\/it\/wp-content\/uploads\/2025\/08\/mother (1).jpg\" alt=\"Mother con Noomi Rapace\" title=\"Foto di Biennale di Venezia\" loading=\"lazy\"\/><\/p>\n<p class=\"lvbg-post-image__caption-v2\">Foto di Biennale di Venezia<\/p>\n<p>09:50<\/p>\n<p>Francis Ford Coppola consegna a Werner Herzog il Leone d&#8217;Oro alla carriera<\/p>\n<p>Nel corso della cerimonia di apertura di Venezia 82, il regista e sceneggiatore tedesco \u00e8 stato premiato con la prestigiosa statuetta dal collega statunitense, che ha tenuto un discorso in suo onore. Oggi, gioved\u00ec 28 agosto, l&#8217;anteprima dell&#8217;ultimo lavoro dell&#8217;autore, 82 anni: il <strong>documentario<\/strong> Ghost Elephants. <a href=\"https:\/\/tg24.sky.it\/spettacolo\/cinema\/2025\/08\/27\/francis-ford-coppola-werner-herzog-leone-d-oro-carriera-mostra-cinema-venezia\" target=\"_self\" data-intcmp=\"skytg24_liveblog_interlink_text\" rel=\"nofollow noopener\"><strong>SCOPRI QUI<\/strong><\/a><\/p>\n<p><img decoding=\"async\" src=\"https:\/\/www.europesays.com\/it\/wp-content\/uploads\/2025\/08\/festival-venezia-francis-ford-coppola-werner-herzog-getty.jpg\" alt=\"Francis Ford Coppola e Werner Herzog\" loading=\"lazy\"\/><\/p>\n<p class=\"lvbg-post-image__credits-v2\">\u00a9Getty<\/p>\n<p>09:40<\/p>\n<p>La lettera di Mattarella: &#8220;Cinema parte essenziale cultura italiana&#8221;<\/p>\n<p>Nella prima giornata della kermesse, la lettera del Presidente della Repubblica in risposta all&#8217;invito di <strong>Emanuela Fanelli<\/strong>. <strong>Werner Herzog <\/strong>ha ricevuto il <strong>Leone d&#8217;Oro alla Carriera <\/strong>nella cerimonia inaugurale, con la <strong>laudatio di Francis Ford Coppola<\/strong>. Ha aperto il Concorso\u00a0il primo dei cinque film italiani\u00a0in gara, La Grazia di <strong>Paolo Sorrentino<\/strong> con <strong>Toni Servillo\u00a0<\/strong>e\u00a0<strong>Anna Ferzetti<\/strong>. Per <strong>Orizzonti<\/strong> c&#8217;\u00e8 stato\u00a0Mother\u00a0di\u00a0<strong>Teona Strugar Mitevska<\/strong> con <strong>Noomi Rapace<\/strong>. E il <strong>flash mob pro Gaza sul red carpet<\/strong>. <a href=\"https:\/\/tg24.sky.it\/spettacolo\/cinema\/2025\/08\/27\/festival-venezia-cerimonia-apertura-diretta\" target=\"_self\" data-intcmp=\"skytg24_liveblog_interlink_text\" rel=\"nofollow noopener\"><strong>RIVIVI LA PRIMA GIORNATA<\/strong><\/a><\/p>\n<p>09:40<\/p>\n<p>L&#8217;arrivo di George Clooney e Amal Alamuddin<\/p>\n<p>L\u2019attore e la moglie sono sono arrivati a Venezia marted\u00ec 26 agosto in vista della premi\u00e8re del film in <strong>Concorso<\/strong> Jay Kelly di <strong>Noah Baumbach<\/strong><\/p>\n<p>09:30<\/p>\n<p>Giornate degli Autori, La gioia di Nicolangelo Gelormini con Valeria Golino, Saul Nanni e Jasmine Trinca<\/p>\n<p>Alle <strong>Giornate degli Autori<\/strong> c\u2019\u00e8 <strong>l\u2019unico titolo italiano in gara<\/strong> (<a href=\"https:\/\/tg24.sky.it\/spettacolo\/cinema\/2025\/08\/24\/film-italiani-festival-venezia-2025\" target=\"_self\" data-intcmp=\"skytg24_liveblog_interlink_text\" rel=\"nofollow noopener\"><strong>TUTTI I FILM ITALIANI IN CONCORSO E NON<\/strong><\/a>), La gioia di <strong>Nicolangelo Gelormini <\/strong>con <strong>Valeria Golino<\/strong>, <strong>Saul Nanni <\/strong>e <strong>Jasmine Trinca<\/strong>.\u00a0<\/p>\n<p>Gioia \u00e8 un\u2019insegnante di liceo che non ha mai conosciuto l\u2019amore, se non quello opprimente dei genitori, con cui vive ancora. Tra gli studenti della sua scuola c\u2019\u00e8 Alessio, un ragazzo, che usa il suo corpo come uno strumento per rimediare qualche centinaio di euro e aiutare sua madre, cassiera in un supermercato. Tra Alessio e Gioia nasce un legame proibito, fragile e inspiegabilmente necessario per entrambi. Ma il desiderio di un riscatto sociale e umano per Alessio \u00e8 un veleno silenzioso che gli impedisce di farsi conquistare definitivamente dalla dolcezza disarmante di Gioia. Cos\u00ec, distrugge tutto e cancella l\u2019unica persona che lo abbia mai amato.<\/p>\n<p><img decoding=\"async\" src=\"https:\/\/www.europesays.com\/it\/wp-content\/uploads\/2025\/08\/1-LA-GIOIA.jpeg\" alt=\"La gioia\" title=\"Foto di Giornate degli Autori\" loading=\"lazy\"\/><\/p>\n<p class=\"lvbg-post-image__caption-v2\">Foto di Giornate degli Autori<\/p>\n<p>09:20<\/p>\n<p>Orizzonti, Il rapimento di Arabella di Carolina Cavalli con Benedetta Porcaroli<\/p>\n<p>Nella sezione <strong>Orizzonti<\/strong> debutta la regista <strong>Carolina Cavalli<\/strong> con Il rapimento di Arabella, con <strong>Benedetta Porcaroli<\/strong>.<\/p>\n<p>Holly, ventotto anni, ha sempre creduto di essere la versione sbagliata di s\u00e9 stessa e che la sua vita non sia andata come avrebbe voluto. Quando incontra una bambina di nome Arabella, si convince di aver trovato la s\u00e9 stessa di un tempo. Decisa a scappare di casa, la bambina nasconde la sua identit\u00e0 e asseconda il desiderio di Holly: tornare indietro e diventare qualcuno di speciale.<\/p>\n<p><img decoding=\"async\" src=\"https:\/\/www.europesays.com\/it\/wp-content\/uploads\/2025\/08\/il_rapimento_di_arabella.jpg\" alt=\"Il rapimento di Arabella\" title=\"Foto di Biennale di Venezia\" loading=\"lazy\"\/><\/p>\n<p class=\"lvbg-post-image__caption-v2\">Foto di Biennale di Venezia<\/p>\n<p>09:10<\/p>\n<p>Ghost Elephants, il documentario Fuori Concorso del Leone d&#8217;Oro alla Carriera Werner Herzog<img decoding=\"async\" src=\"https:\/\/www.europesays.com\/it\/wp-content\/uploads\/2025\/08\/festival-venezia-werner-herzog-getty.jpg\" alt=\"Werner Herzog\" loading=\"lazy\"\/><\/p>\n<p class=\"lvbg-post-image__credits-v2\">\u00a9Getty<\/p>\n<p>09:10<\/p>\n<p>Le coppie artistiche pi\u00f9 attese<\/p>\n<p>Reunion, primi incontri, nuove versioni di vecchi e collaudati sodalizi. tra attori, registi, muse, maestri e compagni di set. Alla 82esima Mostra Internazionale del Cinema di Venezia, sul grande schermo e sul tappeto rosso, l&#8217;incontro tra gli artisti che gi\u00e0 si conoscono e quelli che invece sono alla prima collaborazione sar\u00e0 un altro spettacolo da tenere d&#8217;occhio. <a href=\"https:\/\/tg24.sky.it\/spettacolo\/cinema\/2025\/08\/26\/mostra-del-cinema-di-venezia-2025-coppie-star\" target=\"_self\" data-intcmp=\"skytg24_liveblog_interlink_text\" rel=\"nofollow noopener\"><strong>FOTOGALLERY<\/strong><\/a><\/p>\n<p><img decoding=\"async\" src=\"https:\/\/www.europesays.com\/it\/wp-content\/uploads\/2025\/08\/george-clooney-adam-sandler-getty.jpg\" alt=\"George Clooney e Adam Sandler\" loading=\"lazy\"\/><\/p>\n<p class=\"lvbg-post-image__credits-v2\">\u00a9Getty<\/p>\n<p>09:00<\/p>\n<p>Orphan, il film in Concorso di Laszlo Nemes<\/p>\n<p>Ancora in <strong>Concorso <\/strong>(<a href=\"https:\/\/tg24.sky.it\/spettacolo\/cinema\/2025\/08\/26\/mostra-cinema-venezia-2025-film\" target=\"_self\" data-intcmp=\"skytg24_liveblog_interlink_text\" rel=\"nofollow noopener\"><strong>TUTTI I FILM IN CONCORSO<\/strong><\/a>) il film Orphan di<strong> Laszlo Nemes<\/strong>.<\/p>\n<p>Budapest, 1957. Dopo la rivolta contro il regime comunista, il mondo di Andor, un ragazzino ebreo cresciuto dalla madre con narrazioni idealizzate sul padre defunto, viene sconvolto quando si presenta un uomo brutale che afferma di essere il suo vero padre.<\/p>\n<p><img decoding=\"async\" src=\"https:\/\/www.europesays.com\/it\/wp-content\/uploads\/2025\/08\/orphan.jpg\" alt=\"Orphan\" title=\"Foto di Biennale di Venezia\" loading=\"lazy\"\/><\/p>\n<p class=\"lvbg-post-image__caption-v2\">Foto di Biennale di Venezia<\/p>\n<p>08:50<\/p>\n<p>Bugonia, il film in Concorso di Yorgos Lanthimos con Emma Stone<\/p>\n<p>Sempre in <strong>Concorso<\/strong> anche il film Bugonia \u00a0(<a href=\"https:\/\/tg24.sky.it\/spettacolo\/cinema\/video\/2025\/06\/27\/bugonia-film-yorgos-lanthimos-trailer-video-1019839\" data-intcmp=\"skytg24_liveblog_interlink_text\" rel=\"nofollow noopener\" target=\"_blank\"><strong>TRAILER<\/strong><\/a>) di <strong>Yorgos Lanthimos<\/strong> e con <strong>Emma Stone<\/strong>, che ripropone il sodalizio vincitore del Leone d&#8217;Oro nel 2023 con Povere creature!.<\/p>\n<p>Due giovani con l&#8217;ossessione dei complotti rapiscono la potente amministratrice delegata di una grande azienda, convinti che sia un&#8217;aliena intenzionata a distruggere il pianeta Terra.<\/p>\n<p><img decoding=\"async\" src=\"https:\/\/www.europesays.com\/it\/wp-content\/uploads\/2025\/08\/bugonia.jpg\" alt=\"Bugonia\" title=\"Foto di Biennale di Venezia\" loading=\"lazy\"\/><\/p>\n<p class=\"lvbg-post-image__caption-v2\">Foto di Biennale di Venezia<\/p>\n<p>08:40<\/p>\n<p>Jay Kelly, George Clooney in Concorso con Noah Baumbach<\/p>\n<p>In <strong>Concorso<\/strong> (<a href=\"https:\/\/tg24.sky.it\/spettacolo\/cinema\/2025\/08\/26\/mostra-cinema-venezia-2025-film\" data-intcmp=\"skytg24_liveblog_interlink_text\" rel=\"nofollow noopener\" target=\"_blank\"><strong>TUTTI I FILM IN CONCORSO<\/strong><\/a>) torna <strong>George Clooney <\/strong>nel film corale Jay Kelly di <strong>Noah Baumbach<\/strong>, con un super cast che comprende<strong> Adam Sandler<\/strong>, <strong>Laura Dern<\/strong>, <strong>Billy Crudup<\/strong>, <strong>Alba Rohrwacher<\/strong> e <strong>Greta Gerwig<\/strong> (anche co-sceneggiatrice insieme al marito regista).<\/p>\n<p>La pellicola segue il famoso attore cinematografico Jay Kelly e il suo devoto manager Ron in un vorticoso viaggio di inattesa profondit\u00e0 attraverso l&#8217;Europa. Lungo la strada sono entrambi costretti a fare i conti con le scelte che hanno fatto, con i rapporti con i loro cari e con l\u2019eredit\u00e0 che lasceranno alle generazioni future.<\/p>\n<p><img decoding=\"async\" src=\"https:\/\/www.europesays.com\/it\/wp-content\/uploads\/2025\/08\/1756390045_633_jay-kelly.jpg\" alt=\"Jay Kelly\" title=\"Foto di Biennale di Venezia\" loading=\"lazy\"\/><\/p>\n<p class=\"lvbg-post-image__caption-v2\">Foto di Biennale di Venezia<\/p>\n<p>08:30<\/p>\n<p>Al via la giornata dei primi divi internazionali<\/p>\n<p>Gioved\u00ec <strong>28 agosto<\/strong> all\u2019<strong>82esima edizione della Mostra Internazionale del Cinema di Venezia<\/strong> (<a href=\"https:\/\/tg24.sky.it\/spettacolo\/eventi\/festival-venezia\" target=\"_self\" data-intcmp=\"skytg24_liveblog_interlink_text\" rel=\"nofollow noopener\"><strong>LO SPECIALE<\/strong><\/a>) vanno in scena i primi <strong>divi internazionali<\/strong>.<\/p>\n<p><img decoding=\"async\" src=\"https:\/\/www.europesays.com\/it\/wp-content\/uploads\/2025\/08\/george-clooney-getty.jpg\" alt=\"George Clooney\" loading=\"lazy\"\/><\/p>\n<p class=\"lvbg-post-image__credits-v2\">\u00a9Getty<\/p>\n<p>        <script async src=\"https:\/\/platform.twitter.com\/widgets.js\" charset=\"utf-8\"><\/script><\/p>\n","protected":false},"excerpt":{"rendered":"Gioved\u00ec 28 agosto all\u201982esima edizione della Mostra Internazionale del Cinema di Venezia (LO SPECIALE \u2013 LE PAGELLE AGLI&hellip;\n","protected":false},"author":3,"featured_media":74290,"comment_status":"","ping_status":"","sticky":false,"template":"","format":"standard","meta":{"footnotes":""},"categories":[174],"tags":[640,33749,203,53874,454,31723,204,1537,90,89],"class_list":{"0":"post-74289","1":"post","2":"type-post","3":"status-publish","4":"format-standard","5":"has-post-thumbnail","7":"category-intrattenimento","8":"tag-cinema","9":"tag-emma-stone","10":"tag-entertainment","11":"tag-festival-di-venezia","12":"tag-film","13":"tag-george-clooney","14":"tag-intrattenimento","15":"tag-it","16":"tag-italia","17":"tag-italy"},"share_on_mastodon":{"url":"","error":""},"_links":{"self":[{"href":"https:\/\/www.europesays.com\/it\/wp-json\/wp\/v2\/posts\/74289","targetHints":{"allow":["GET"]}}],"collection":[{"href":"https:\/\/www.europesays.com\/it\/wp-json\/wp\/v2\/posts"}],"about":[{"href":"https:\/\/www.europesays.com\/it\/wp-json\/wp\/v2\/types\/post"}],"author":[{"embeddable":true,"href":"https:\/\/www.europesays.com\/it\/wp-json\/wp\/v2\/users\/3"}],"replies":[{"embeddable":true,"href":"https:\/\/www.europesays.com\/it\/wp-json\/wp\/v2\/comments?post=74289"}],"version-history":[{"count":0,"href":"https:\/\/www.europesays.com\/it\/wp-json\/wp\/v2\/posts\/74289\/revisions"}],"wp:featuredmedia":[{"embeddable":true,"href":"https:\/\/www.europesays.com\/it\/wp-json\/wp\/v2\/media\/74290"}],"wp:attachment":[{"href":"https:\/\/www.europesays.com\/it\/wp-json\/wp\/v2\/media?parent=74289"}],"wp:term":[{"taxonomy":"category","embeddable":true,"href":"https:\/\/www.europesays.com\/it\/wp-json\/wp\/v2\/categories?post=74289"},{"taxonomy":"post_tag","embeddable":true,"href":"https:\/\/www.europesays.com\/it\/wp-json\/wp\/v2\/tags?post=74289"}],"curies":[{"name":"wp","href":"https:\/\/api.w.org\/{rel}","templated":true}]}}