{"id":74330,"date":"2025-08-28T14:40:09","date_gmt":"2025-08-28T14:40:09","guid":{"rendered":"https:\/\/www.europesays.com\/it\/74330\/"},"modified":"2025-08-28T14:40:09","modified_gmt":"2025-08-28T14:40:09","slug":"kim-kardashian-fasciata-da-un-abito-nero-a-venezia-per-un-premio-speciale","status":"publish","type":"post","link":"https:\/\/www.europesays.com\/it\/74330\/","title":{"rendered":"Kim Kardashian fasciata da un abito nero a Venezia per un premio speciale"},"content":{"rendered":"<p><strong>Kim Kardashian<\/strong> sbarca al Festival di Venezia 2025 e conquista tutti con un abito nero favoloso, pronta per ritirare un premio speciale, dedicato all\u2019impegno civile.<\/p>\n<p>Kim Kardashian conquista Venezia<\/p>\n<p>Look total black e occhiali da sole da vera diva, <a href=\"https:\/\/dilei.it\/star-e-vip\/kim-kardashian\/\" rel=\"nofollow noopener\" target=\"_blank\">Kim Kardashian<\/a> sbarca a Venezia, conquistando la Laguna. L\u2019imprenditrice, influencer e modella \u00e8 infatti fra le donne premiate in occasione della sedicesima edizione dei <strong>Diane von F\u00fcrstenberg Awards.<\/strong> Kim infatti verr\u00e0 premiata al Teatro Goldoni di Venezia per l\u2019impegno nella riforma del sistema giudiziario statunitense. La premiazione \u00e8 prevista per la serata del 28 agosto, nel frattempo la Kardashian sar\u00e0 al lunch privato che si terr\u00e0 a Palazzo Brandolini con tutte le star premiate agli Awards.<\/p>\n<p>Solo qualche mese fa, Kim Kardashian era stata a Venezia in occasione del <a href=\"https:\/\/dilei.it\/vip\/matrimonio-jeff-bezos-lauren-sanchez-venezia-quanto-costa\/1665589\/\" rel=\"nofollow noopener\" target=\"_blank\">matrimonio di\u00a0Jeff Bezos e Lauren S\u00e1nchez<\/a>. Un evento sfarzoso (e molto discusso) che aveva visto sbarcare nella citt\u00e0 lagunare moltissime celebrity. La premiazione all\u201982esima edizione della <strong>Mostra del Cinema<\/strong> rappresenta per l\u2019imprenditrice un riconoscimento prestigioso e straordinario.\u00a0Kim infatti verr\u00e0 premiata da Chris Young, trentenne del Tennessee che era stato condannato all\u2019ergastolo ingiustamente e che, proprio grazie alle pressioni dell\u2019influencer alla Casa Bianca, ha ottenuto finalmente la libert\u00e0.<\/p>\n<p>L\u2019arrivo della diva non \u00e8 passato inosservato al <a href=\"https:\/\/dilei.it\/spettacolo\/speciale\/mostra-cinema-venezia-2025\/\" target=\"_blank\" rel=\"noopener nofollow\" data-doctype=\"\">Festival di Venezia 2025.<\/a> Per il suo arrivo al Lido, Kim <strong>ha scelto un look total black<\/strong>, sfoggiando un abito nero aderente con un cappuccio e dettagli cut out. Un outfit completato con occhiali scuri maxi e pumps in vernice.<\/p>\n<p>Kim Kardashian non \u00e8 l\u2019unica vip arrivata in Laguna. A Venezia \u00e8 sbarcata anche <a href=\"https:\/\/dilei.it\/star-e-vip\/valeria-golino\/\" rel=\"nofollow noopener\" target=\"_blank\">Valeria Golino<\/a>, vera star e diva straordinaria, che ha indossato per l\u2019occasione una giacca in Principe di Galles con cintura di pelle, camicia in popeline e pantalone in denim. Al Lido anche <a href=\"https:\/\/dilei.it\/star-e-vip\/stefano-accorsi\/\" rel=\"nofollow noopener\" target=\"_blank\">Stefano Accorsi<\/a>, affascinante in polo blu e sorridente.<\/p>\n<p>Kim Kardashian con la figlia North West in Italia<\/p>\n<p>Prima di approdare a Venezia 2025, Kim Kardashian ha raggiunto Roma insieme alla figlia <strong>North West<\/strong>. La 12enne, nata dal legame con l\u2019ex marito Kanye West, e l\u2019influencer, si sono concesse <strong>un breve tour della Capitale.<\/strong> Per l\u2019occasione le due hanno visitato il Colosseo e alcune chiese, prima di regalarsi una cena tutta italiana in un noto locale del centro storico.<\/p>\n<p>Se Kim Kardashian sembra aver ormai scelto \u2013 dopo gli eccessi del passato \u2013 un basso profilo con look semplici e black, North West ha svelato in questa vacanza italiana un hairstyle particolare, con capelli lunghissimi blu elettrico, caratterizzate da sfumature verdissime alle radici. Kim Kardashian non \u00e8 l\u2019unica celebrity che ha raggiunto l\u2019Italia in queste settimane (in occasione di Venezia 2025 e non).<\/p>\n<p>Mel Gibson \u00e8 stato avvistato a Roma, dove sarebbe arrivato per questioni lavorative, proprio come <strong>Zoe Kravitz<\/strong> che \u00e8 stata immortalata mentre si aggirava nel centro storico con <strong>Harry Styles<\/strong>, che da tempo ha scelto l\u2019Italia come sua seconda casa. Sembra invece ormai confermato il <a href=\"https:\/\/dilei.it\/spettacolo\/venezia-2025-gal-gadot-gerard-butler-rinunciano-dopo-proteste-pro-palestina-cosa-succede\/1795067\/\" rel=\"nofollow noopener\" target=\"_blank\">forfait di Gal Gadot e Gerard Butler,<\/a> i due attori dopo le proteste riguardanti la guerra nella striscia di Gaza, non saranno presenti al Festival di Venezia 2025.<\/p>\n","protected":false},"excerpt":{"rendered":"Kim Kardashian sbarca al Festival di Venezia 2025 e conquista tutti con un abito nero favoloso, pronta per&hellip;\n","protected":false},"author":3,"featured_media":74331,"comment_status":"","ping_status":"","sticky":false,"template":"","format":"standard","meta":{"footnotes":""},"categories":[174],"tags":[203,204,1537,90,89,24149],"class_list":{"0":"post-74330","1":"post","2":"type-post","3":"status-publish","4":"format-standard","5":"has-post-thumbnail","7":"category-intrattenimento","8":"tag-entertainment","9":"tag-intrattenimento","10":"tag-it","11":"tag-italia","12":"tag-italy","13":"tag-kim-kardashian"},"share_on_mastodon":{"url":"","error":""},"_links":{"self":[{"href":"https:\/\/www.europesays.com\/it\/wp-json\/wp\/v2\/posts\/74330","targetHints":{"allow":["GET"]}}],"collection":[{"href":"https:\/\/www.europesays.com\/it\/wp-json\/wp\/v2\/posts"}],"about":[{"href":"https:\/\/www.europesays.com\/it\/wp-json\/wp\/v2\/types\/post"}],"author":[{"embeddable":true,"href":"https:\/\/www.europesays.com\/it\/wp-json\/wp\/v2\/users\/3"}],"replies":[{"embeddable":true,"href":"https:\/\/www.europesays.com\/it\/wp-json\/wp\/v2\/comments?post=74330"}],"version-history":[{"count":0,"href":"https:\/\/www.europesays.com\/it\/wp-json\/wp\/v2\/posts\/74330\/revisions"}],"wp:featuredmedia":[{"embeddable":true,"href":"https:\/\/www.europesays.com\/it\/wp-json\/wp\/v2\/media\/74331"}],"wp:attachment":[{"href":"https:\/\/www.europesays.com\/it\/wp-json\/wp\/v2\/media?parent=74330"}],"wp:term":[{"taxonomy":"category","embeddable":true,"href":"https:\/\/www.europesays.com\/it\/wp-json\/wp\/v2\/categories?post=74330"},{"taxonomy":"post_tag","embeddable":true,"href":"https:\/\/www.europesays.com\/it\/wp-json\/wp\/v2\/tags?post=74330"}],"curies":[{"name":"wp","href":"https:\/\/api.w.org\/{rel}","templated":true}]}}