{"id":74350,"date":"2025-08-28T14:58:26","date_gmt":"2025-08-28T14:58:26","guid":{"rendered":"https:\/\/www.europesays.com\/it\/74350\/"},"modified":"2025-08-28T14:58:26","modified_gmt":"2025-08-28T14:58:26","slug":"djokovic-e-un-ex-giocatore-sinner-una-macchina-ma-somatizza-i-problemi-fisici","status":"publish","type":"post","link":"https:\/\/www.europesays.com\/it\/74350\/","title":{"rendered":"Djokovic \u00e8 un ex giocatore. Sinner una macchina, ma somatizza i problemi fisici"},"content":{"rendered":"<p><strong>Guido Monaco<\/strong> (commentatore tecnico di Eurosport) si \u00e8 espresso con la consueta sincerit\u00e0 nel corso dell\u2019ultima puntata di <strong>TennisMania<\/strong>, in onda sul <strong>canale Youtube di OA Sport<\/strong>. Gli <strong>US Open<\/strong> stanno tenendo banco e si possono trarre degli spunti ai primi giorni di incontri. In casa Italia ci sono state delle vittorie, ma anche delle sconfitte dolorose come quelle di <strong>Matteo Arnaldi<\/strong> e di <strong>Lorenzo Sonego<\/strong>.<\/p>\n<p>\u201cI ko di Arnaldi e di Sonego fanno male, perch\u00e9 erano match che avrebbero potuto e dovuto vincere. Matteo ha giocato contro una versione di Cerundolo molto dimessa nei primi tre set. Probabilmente, anche per via del suo problema agli addominali, l\u2019argentino faceva fatica a giocare. Il ligure ha vinto bene i primi due set, \u00e8 andato avanti di un break nel terzo, ma poi si \u00e8 fatto recuperare. Ha dato l\u2019opportunit\u00e0 al sudamericano di riprendersi e nei restanti parziali non c\u2019\u00e8 stata storia\u201c, <strong>ha dichiarato Monaco<\/strong>.<\/p>\n<p>\u201cGiusto parlare di un\u2019occasione mancata come anche per Sonego. Per certi versi, la prestazione del piemontese \u00e8 ancora peggiore. Ha perso un secondo set in maniera incredibile, poi ha vinto il terzo e il quarto parziale 6-1 ed era avanti di un break nel quinto. Ha concesso il contro-break immediato e al tie-break ha giocato meglio l\u2019australiano. Magari non \u00e8 carino da dire, ma sia lui che Arnaldi hanno resuscitato due morti\u201c, <strong>la sottolineatura del commentatore tecnico di Eurosport<\/strong>.<\/p>\n<p><strong>Monaco ha poi criticato la situazione di Novak Djokovic:<\/strong> \u201cPer me, non \u00e8 in grado di competere. Siamo al cospetto di un ex giocatore, che fatica anche a muoversi. Io sono sempre pi\u00f9 perplesso dalla sua partecipazione in questo torneo. Sappiamo quanto in passato sia stato in grado di salire di livello, ma non mi sembra affatto competitivo. Questo suo ostinarsi a giocare per i record non vedo a cosa possa servirgli e una stagione organizzata cos\u00ec da parte sua non mi convince. Inoltre, io credo che ci sia anche un po\u2019 di confusione nella gestione del proprio team\u201c.<\/p>\n<p><strong>Si \u00e8 poi parlato della prestazione di Mattia Bellucci contro Carlos Alcaraz, con la vittoria netta nel secondo turno a New York dello spagnolo<\/strong>: \u201cAvevo gi\u00e0 detto che il dritto di Bellucci sta in aria un quarto d\u2019ora. Mi immaginavo che non potesse fare partita con Alcaraz e cos\u00ec \u00e8 stato. Ha un grosso handicap con questo colpo e sinceramente credo che possa fare molto fatica a garantirsi una classifica da top-50 se non riesce ad appesantirlo un po\u2019\u201c.<\/p>\n<p><strong>Approfondendo invece la prova di Jasmine Paolini<\/strong>: \u201cHa affrontato una partita tosta contro l\u2019americana Jovic, visto che ha dovuto annullare diverse palle break. Mi sembra una Jasmine molto pi\u00f9 serena e meno frettolosa. In sostanza, quanto accaduto a Cincinnati le ha fatto bene. Certo, affronter\u00e0 un percorso difficile: nel terzo turno giocher\u00e0 contro Vondrousova e poi eventualmente contro Rybakina e Sabalenka. Non \u00e8 stata fortunata nel sorteggio, ma la miglior Paolini pu\u00f2 arrivare ai quarti di finale\u201c.<\/p>\n<p><strong>\u00c8 stato poi chiesto quali previsioni fare in ottica Coppa Davis per l\u2019Italia, che disputer\u00e0 direttamente la fase finale in qualit\u00e0 di Paese organizzatore<\/strong>: \u201cSe Berrettini fosse in condizione lo convocherei sempre con Sinner, altrimenti bisogna guardare al rendimento stagionale e alla forma fisica. Anche Darderi pu\u00f2 essere una risorsa. Su di lui, per\u00f2, voglio dire una cosa e spero di non essere frainteso. Luciano, per quanto mi riguarda, \u00e8 argentino perch\u00e9 \u00e8 nato e cresciuto l\u00ec. Poi ha fatto una scelta che si \u00e8 rivelata corretta, potendo rappresentare l\u2019Italia. Tuttavia, io faccio fatica a reputarlo italiano al 100%. Debbo anche dire che sta facendo qualcosa di eccezionale, legato alle sue qualit\u00e0\u201c.<\/p>\n<p><strong>Si \u00e8 poi approfondito il tema \u201cJannik Sinner\u201d:<\/strong> \u201cChiaramente se il seguito in Italia \u00e8 cos\u00ec importante lo si deve a quanto di straordinario sta facendo questo ragazzo. Tuttavia, le valutazioni che si fanno prescindono da questo aspetto che \u00e8 una mera constatazione, perch\u00e9 qui parliamo di tennis. Cosa possiamo dire del suo esordio a New York? Sinceramente, mi sono chiesto come fosse possibile che il suo avversario, Vit Kopriva, fosse n.89 del mondo. Un dritto bruttissimo da vedere come il servizio. Il tennis per\u00f2 non \u00e8 fatto di estetica ed evidentemente questo giocatore \u00e8 riuscito a essere molto efficace, sfruttando al meglio le sue caratteristiche nel proprio percorso. Sinner, per\u00f2, quando incontra giocatori che hanno un tennis simile al suo non d\u00e0 chance. Lui \u00e8 una macchina che mette insieme potenza, continuit\u00e0 e voglia di finire il match nel pi\u00f9 breve tempo possibile. Non ti lascia chance. Jannik \u00e8 quello che \u00e8 stato Djokovic, ma con maggior potenza. Kopriva non poteva neanche pensare di fare partita. Popyrin penso avr\u00e0 maggiori possibilit\u00e0. Poi Sinner \u00e8 uno che vuole affrontare giocatori tosti per mettersi alla prova, ha meno preoccupazioni di quante possiamo averne noi. Questo non significa che non sia umano e non abbia qualche debolezza, come ad esempio il somatizzare un po\u2019 i suoi problemi fisici. Penso al cerotto del primo turno. Di sicuro, Jannik cercher\u00e0 di attaccare l\u2019australiano per mettere a nudo le difficolt\u00e0 difensive del suo rivale. Aggiungo che io penso che all\u2019azzurro piaccia giocare prima e quindi di giorno, mentre Alcaraz la sera. Non c\u2019\u00e8 alcun complotto, anzi credo proprio che siano i tennisti a chiederlo\u201c.<\/p>\n<p><a href=\"https:\/\/www.youtube.com\/watch?v=B8nLopw0TRs\" target=\"_blank\" rel=\"noopener nofollow\"><strong>VIDEO ULTIMA PUNTATA TENNISMANIA SUL CANALE YOUTUBE DI OA SPORT\u00a0<\/strong><\/a><\/p>\n","protected":false},"excerpt":{"rendered":"Guido Monaco (commentatore tecnico di Eurosport) si \u00e8 espresso con la consueta sincerit\u00e0 nel corso dell\u2019ultima puntata di&hellip;\n","protected":false},"author":3,"featured_media":74351,"comment_status":"","ping_status":"","sticky":false,"template":"","format":"standard","meta":{"footnotes":""},"categories":[1457],"tags":[31103,50166,1537,90,89,1717,245,244,1273,18902],"class_list":{"0":"post-74350","1":"post","2":"type-post","3":"status-publish","4":"format-standard","5":"has-post-thumbnail","7":"category-tennis","8":"tag-guido-monaco","9":"tag-interviste-oa-sport","10":"tag-it","11":"tag-italia","12":"tag-italy","13":"tag-jannik-sinner","14":"tag-sport","15":"tag-sports","16":"tag-tennis","17":"tag-us-open-2025"},"share_on_mastodon":{"url":"","error":""},"_links":{"self":[{"href":"https:\/\/www.europesays.com\/it\/wp-json\/wp\/v2\/posts\/74350","targetHints":{"allow":["GET"]}}],"collection":[{"href":"https:\/\/www.europesays.com\/it\/wp-json\/wp\/v2\/posts"}],"about":[{"href":"https:\/\/www.europesays.com\/it\/wp-json\/wp\/v2\/types\/post"}],"author":[{"embeddable":true,"href":"https:\/\/www.europesays.com\/it\/wp-json\/wp\/v2\/users\/3"}],"replies":[{"embeddable":true,"href":"https:\/\/www.europesays.com\/it\/wp-json\/wp\/v2\/comments?post=74350"}],"version-history":[{"count":0,"href":"https:\/\/www.europesays.com\/it\/wp-json\/wp\/v2\/posts\/74350\/revisions"}],"wp:featuredmedia":[{"embeddable":true,"href":"https:\/\/www.europesays.com\/it\/wp-json\/wp\/v2\/media\/74351"}],"wp:attachment":[{"href":"https:\/\/www.europesays.com\/it\/wp-json\/wp\/v2\/media?parent=74350"}],"wp:term":[{"taxonomy":"category","embeddable":true,"href":"https:\/\/www.europesays.com\/it\/wp-json\/wp\/v2\/categories?post=74350"},{"taxonomy":"post_tag","embeddable":true,"href":"https:\/\/www.europesays.com\/it\/wp-json\/wp\/v2\/tags?post=74350"}],"curies":[{"name":"wp","href":"https:\/\/api.w.org\/{rel}","templated":true}]}}