{"id":74713,"date":"2025-08-28T20:22:18","date_gmt":"2025-08-28T20:22:18","guid":{"rendered":"https:\/\/www.europesays.com\/it\/74713\/"},"modified":"2025-08-28T20:22:18","modified_gmt":"2025-08-28T20:22:18","slug":"cade-dalla-barca-a-vela-e-viene-ucciso-dallelica-sotto-gli-occhi-del-figlio-e-tre-amici-tragedia-ad-ancona","status":"publish","type":"post","link":"https:\/\/www.europesays.com\/it\/74713\/","title":{"rendered":"Cade dalla barca a vela e viene ucciso dall&#8217;elica sotto gli occhi del figlio e tre amici. Tragedia ad Ancona"},"content":{"rendered":"<p>\n                            Il punto serale sulle notizie del giorno<br \/>\n                            <b>Iscriviti<\/b> e ricevi le notizie via email\n                        <\/p>\n<p>Una gita in <strong><a href=\"https:\/\/www.ilmessaggero.it\/t\/barca\" rel=\"nofollow noopener\" target=\"_blank\">barca<\/a><\/strong> si \u00e8 trasformata in\u00a0tragedia\u00a0al largo di\u00a0<strong><a href=\"https:\/\/www.ilmessaggero.it\/t\/ancona\" rel=\"nofollow noopener\" target=\"_blank\">Ancona<\/a><\/strong>. Durante una manovra sembra che l&#8217;<strong>albero della vela<\/strong> dell&#8217;imbarcazione abbia colpito un uomo che \u00e8 caduto in mare ed \u00e8 stato ferito a morte dall&#8217;elica a motore che lo ha risucchiato: \u00e8 accaduto verso le 18,30 del pomeriggio di oggi, gioved\u00ec 28 agosto.<\/p>\n<p>&#13;<br \/>\n    APPROFONDIMENTI&#13;<\/p>\n<p>&#13;<\/p>\n<p>                <a href=\"https:\/\/www.ilmessaggero.it\/italia\/giovanni_marchionni_morto_olbia_yacht_monossido_carbonio_cosa_e_successo-9035879.html\" title=\"Morto in barca a Olbia\" rel=\"nofollow noopener\" target=\"_blank\"><img loading=\"lazy\" decoding=\"async\" src=\"https:\/\/statics.cedscdn.it\/photos\/THUMB\/2025\/08\/28\/9035879_28193110_progetto_senza_titolo_8_.jpg\" title=\"Morto in barca a Olbia\" width=\"64\" height=\"64\" data-pagespeed-no-transform=\"\"\/><\/a>            <\/p>\n<p>    &#13;<\/p>\n<p>    &#13;<\/p>\n<p>Incidente in barca, muore sotto gli occhi del figlio <\/p>\n<p>La vittima \u00e8 l&#8217;anconetano\u00a0 A.B., del 1963, che era in barca con il<strong> figlio<\/strong> e altre tre persone. <\/p>\n<p>In totale cinque persone. Appena \u00e8 caduto in mare\u00a0il figlio si \u00e8 tuffato\u00a0e ha provato a salvarlo, tirandolo sull&#8217;imbarcazione aiutato dagli amici che nel frattempo hanno allertato i soccorsi.<\/p>\n<p><strong>I tentativi di rianimazione.<\/strong> Hanno cercato anche di rianimarlo ma non c&#8217;\u00e8 stato niente da fare. Il figlio\u00a0\u00e8 stato portato a Torrette in stato di choc. L&#8217;imbarcazione \u00e8 arrivata in porto alla banchina numero 1 dove attenderli c&#8217;erano\u00a0la Croce Rossa, due ambulanze della Croce Gialla, la Capitaneria di Porto e l&#8217;automedica del 118.\u00a0<\/p>\n<p>&#13;<br \/>\n                            \u00a9 RIPRODUZIONE RISERVATA&#13;<\/p>\n<p>&#13;<\/p>\n","protected":false},"excerpt":{"rendered":"Il punto serale sulle notizie del giorno Iscriviti e ricevi le notizie via email Una gita in barca&hellip;\n","protected":false},"author":3,"featured_media":74714,"comment_status":"","ping_status":"","sticky":false,"template":"","format":"standard","meta":{"footnotes":""},"categories":[79],"tags":[4157,56109,14,93,94,56110,1537,90,89,7,15,11,84,91,12,85,92],"class_list":{"0":"post-74713","1":"post","2":"type-post","3":"status-publish","4":"format-standard","5":"has-post-thumbnail","7":"category-italia","8":"tag-ancona","9":"tag-barca-a-vela","10":"tag-cronaca","11":"tag-cronaca-italiana","12":"tag-cronacaitaliana","13":"tag-incidente-barca-a-vela","14":"tag-it","15":"tag-italia","16":"tag-italy","17":"tag-news","18":"tag-notizie","19":"tag-ultime-notizie","20":"tag-ultime-notizie-e-news-di-oggi","21":"tag-ultime-notizie-italia","22":"tag-ultimenotizie","23":"tag-ultimenotizieenewsdioggi","24":"tag-ultimenotizieitalia"},"share_on_mastodon":{"url":"","error":""},"_links":{"self":[{"href":"https:\/\/www.europesays.com\/it\/wp-json\/wp\/v2\/posts\/74713","targetHints":{"allow":["GET"]}}],"collection":[{"href":"https:\/\/www.europesays.com\/it\/wp-json\/wp\/v2\/posts"}],"about":[{"href":"https:\/\/www.europesays.com\/it\/wp-json\/wp\/v2\/types\/post"}],"author":[{"embeddable":true,"href":"https:\/\/www.europesays.com\/it\/wp-json\/wp\/v2\/users\/3"}],"replies":[{"embeddable":true,"href":"https:\/\/www.europesays.com\/it\/wp-json\/wp\/v2\/comments?post=74713"}],"version-history":[{"count":0,"href":"https:\/\/www.europesays.com\/it\/wp-json\/wp\/v2\/posts\/74713\/revisions"}],"wp:featuredmedia":[{"embeddable":true,"href":"https:\/\/www.europesays.com\/it\/wp-json\/wp\/v2\/media\/74714"}],"wp:attachment":[{"href":"https:\/\/www.europesays.com\/it\/wp-json\/wp\/v2\/media?parent=74713"}],"wp:term":[{"taxonomy":"category","embeddable":true,"href":"https:\/\/www.europesays.com\/it\/wp-json\/wp\/v2\/categories?post=74713"},{"taxonomy":"post_tag","embeddable":true,"href":"https:\/\/www.europesays.com\/it\/wp-json\/wp\/v2\/tags?post=74713"}],"curies":[{"name":"wp","href":"https:\/\/api.w.org\/{rel}","templated":true}]}}