{"id":75536,"date":"2025-08-29T08:08:19","date_gmt":"2025-08-29T08:08:19","guid":{"rendered":"https:\/\/www.europesays.com\/it\/75536\/"},"modified":"2025-08-29T08:08:19","modified_gmt":"2025-08-29T08:08:19","slug":"ucraina-russia-le-notizie-sul-conflitto-in-diretta-54-droni-ucraini-e-46-russi-abbattuti-nella-notte-due-morti-a-dnipropetrovsk-kallas-russia-deride-sforzi-per-la-pace-serve-pressione","status":"publish","type":"post","link":"https:\/\/www.europesays.com\/it\/75536\/","title":{"rendered":"Ucraina &#8211; Russia, le notizie sul conflitto in diretta | 54 droni ucraini e 46 russi abbattuti nella notte, due morti a Dnipropetrovsk. Kallas: \u00abRussia deride sforzi per la pace, serve pressione\u00bb. Allerta aerea nella regione di Kiev"},"content":{"rendered":"<p>\t\t\tLituania: \u00abPutin su tappeto rosso non \u00e8 stato piacevole, s\u00ec ad addestramento soldati sul terreno\u00bb<\/p>\n<p>\u00abVedere un assassino sanguinario su un tappeto rosso non \u00e8 una visione piacevole per nessuno di noi. Tuttavia, come ho detto, nessuno ha pensato a una soluzione ingegnosa, quindi gli sforzi degli Stati Uniti sono lodevoli. Stanno cercando di fare ci\u00f2 che ritengono opportuno e vedremo come andr\u00e0 a finire\u00bb. Lo ha dichiarato la ministra della Difesa lituana, Dovile Sakaliene, al suo arrivo alla riunione informale dei ministri della Difesa Ue a Copenaghen. \u00abSiamo quindi grati agli Stati Uniti per il loro sostegno, davvero fondamentale per l&#8217;Ucraina, e speriamo che continui\u00bb, ha aggiunto. E sulla possibilit\u00e0 di addestrare truppe sul suolo ucraino, \u00absiamo completamente d&#8217;accordo. Dobbiamo utilizzare ogni formato possibile. Dobbiamo essere dove l&#8217;Ucraina ha bisogno di noi ed essere il pi\u00f9 efficienti possibile. Quindi s\u00ec, abbiamo sostenuto questo formato\u00bb, ha aggiunto. \u00ab\u00c8 sicuro mentre la Russia continua a bombardare? No, non \u00e8 sicuro, ma \u00e8 proprio per questo che spero che, insieme ai miei colleghi, riusciremo a trovare delle soluzioni concrete. Sentiamo di poter fare di pi\u00f9 per l&#8217;Ucraina. L&#8217;Ucraina \u00e8 ci\u00f2 che si frappone tra gli Stati Uniti e la Russia\u00bb, ha concluso.<\/p>\n","protected":false},"excerpt":{"rendered":"Lituania: \u00abPutin su tappeto rosso non \u00e8 stato piacevole, s\u00ec ad addestramento soldati sul terreno\u00bb \u00abVedere un assassino&hellip;\n","protected":false},"author":3,"featured_media":75537,"comment_status":"","ping_status":"","sticky":false,"template":"","format":"standard","meta":{"footnotes":"","_share_on_mastodon":"0"},"categories":[160],"tags":[4529,579,56635,6459,56621,1002,56622,56623,13882,797,8708,772,10473,4167,56624,56625,4197,36589,31,13836,56636,118,7961,1262,56614,56615,8788,787,4531,765,56637,56638,4469,13910,2111,56639,788,279,291,56640,56641,1033,50813,37,15626,1039,392,21650,777,13840,30542,803,804,483,35888,790,1367,14,164,165,766,56626,767,56627,56628,56629,6632,7615,2149,56630,4467,3085,769,783,24793,40709,3044,48,56613,56631,56619,1201,400,56632,56617,794,2908,10476,166,770,30753,7,15,4476,402,477,4565,10360,383,13830,111,56633,4572,4575,56616,56620,4477,171,388,41170,56634,4484,4181,2434,863,6443,6313,4211,4470,440,170,4523,4485,4472,997,56618,11,167,12,168,3414,410,9280,838,161,162,163],"class_list":["post-75536","post","type-post","status-publish","format-standard","has-post-thumbnail","category-mondo","tag-abbattuti","tag-accordo","tag-accordo-dobbiamo","tag-addestramento","tag-addestrare","tag-aerea","tag-aerea-regione","tag-aerea-regione-kiev","tag-aeronautica","tag-affermato","tag-aggiungendo","tag-aggiunto","tag-alleati","tag-allerta","tag-allerta-aerea","tag-allerta-aerea-regione","tag-alto","tag-ambasciatrice","tag-amministrazione","tag-amministrazione-militare","tag-amministrazione-militare-capitale","tag-annunciato","tag-armi","tag-arrivo","tag-arrivo-riunione","tag-arrivo-riunione-informale","tag-aspetto","tag-attacchi","tag-attacchi-russi","tag-attacco","tag-attacco-raggio","tag-attacco-raggio-sistemi","tag-attacco-russo","tag-attrezzature","tag-aumentare","tag-aumentare-sanzioni","tag-bambini","tag-belga","tag-belgio","tag-belgio-theo","tag-belgio-theo-francken","tag-bilancio","tag-bilancio-attacchi","tag-bisogno","tag-bryansk","tag-capacita","tag-capitale","tag-capitale-ucraina","tag-capo","tag-capo-amministrazione","tag-capo-amministrazione-militare","tag-cessate","tag-cessate-fuoco","tag-cio","tag-copenaghen","tag-corso","tag-credo","tag-cronaca","tag-dal-mondo","tag-dalmondo","tag-dichiarato","tag-dichiarato-difesa","tag-difesa","tag-difesa-belgio","tag-difesa-ue","tag-difesa-ue-copenaghen","tag-discussioni","tag-dnipropetrovsk","tag-dobbiamo","tag-dobbiamo-aumentare","tag-droni","tag-europa","tag-forze","tag-fuoco","tag-garanzie","tag-garanzie-sicurezza","tag-germania","tag-importante","tag-informale","tag-informale-difesa","tag-informale-ministri","tag-kallas","tag-kiev","tag-kiev-salito","tag-lussemburgo","tag-militare","tag-ministri","tag-missili","tag-mondo","tag-morti","tag-munizioni","tag-news","tag-notizie","tag-notte","tag-pace","tag-politica","tag-possibile","tag-pressione","tag-putin","tag-raggio","tag-regione","tag-regione-kiev","tag-riferisce","tag-riunione","tag-riunione-informale","tag-riunione-informale-ministri","tag-russi","tag-russia","tag-russo","tag-salito","tag-salito-morti","tag-sanzioni","tag-sforzi","tag-si","tag-sicurezza","tag-soldati","tag-sostegno","tag-supporto","tag-telegram","tag-territorio","tag-ucraina","tag-ucraine","tag-ucraini","tag-ucraino","tag-ue","tag-ue-copenaghen","tag-ultime-notizie","tag-ultime-notizie-di-mondo","tag-ultimenotizie","tag-ultimenotiziedimondo","tag-uniti","tag-usa","tag-vendita","tag-vittime","tag-world","tag-world-news","tag-worldnews"],"share_on_mastodon":{"url":"","error":""},"_links":{"self":[{"href":"https:\/\/www.europesays.com\/it\/wp-json\/wp\/v2\/posts\/75536","targetHints":{"allow":["GET"]}}],"collection":[{"href":"https:\/\/www.europesays.com\/it\/wp-json\/wp\/v2\/posts"}],"about":[{"href":"https:\/\/www.europesays.com\/it\/wp-json\/wp\/v2\/types\/post"}],"author":[{"embeddable":true,"href":"https:\/\/www.europesays.com\/it\/wp-json\/wp\/v2\/users\/3"}],"replies":[{"embeddable":true,"href":"https:\/\/www.europesays.com\/it\/wp-json\/wp\/v2\/comments?post=75536"}],"version-history":[{"count":0,"href":"https:\/\/www.europesays.com\/it\/wp-json\/wp\/v2\/posts\/75536\/revisions"}],"wp:featuredmedia":[{"embeddable":true,"href":"https:\/\/www.europesays.com\/it\/wp-json\/wp\/v2\/media\/75537"}],"wp:attachment":[{"href":"https:\/\/www.europesays.com\/it\/wp-json\/wp\/v2\/media?parent=75536"}],"wp:term":[{"taxonomy":"category","embeddable":true,"href":"https:\/\/www.europesays.com\/it\/wp-json\/wp\/v2\/categories?post=75536"},{"taxonomy":"post_tag","embeddable":true,"href":"https:\/\/www.europesays.com\/it\/wp-json\/wp\/v2\/tags?post=75536"}],"curies":[{"name":"wp","href":"https:\/\/api.w.org\/{rel}","templated":true}]}}