{"id":79217,"date":"2025-08-31T07:48:11","date_gmt":"2025-08-31T07:48:11","guid":{"rendered":"https:\/\/www.europesays.com\/it\/79217\/"},"modified":"2025-08-31T07:48:11","modified_gmt":"2025-08-31T07:48:11","slug":"massara-punta-dominguez-gimenez-solo-per-dovbyk","status":"publish","type":"post","link":"https:\/\/www.europesays.com\/it\/79217\/","title":{"rendered":"Massara punta Dominguez: Gimenez solo per Dovbyk"},"content":{"rendered":"<p>Il Ds frena sul possibile scambio: &#8220;Per ora non esiste&#8221;. L&#8217;argentino o George come ala sinistra. Sbarcato Tsimikas<\/p>\n<p>Meno due alla fine del calciomercato. Domani alle ore 20 ci sar\u00e0 il gong e <strong>Massara<\/strong> deve ancora regalare a <strong>Gasperini<\/strong> il rinforzo in attacco. <strong>La trattativa per Sancho<\/strong> \u00e8 ormai arenata mentre rimane in piedi quella per George ma aumentano le difficolt\u00e0. Ieri ha giocato 66 minuti nella vittoria del Chelsea contro il Fulham senza lasciare il segno e l&#8217;infortunio di Delap complica i piani nell&#8217;attacco dei Blues che stanno provando a bloccare la partenza di Jackson verso Monaco di Baviera. Inoltre, scrive Daniele Aloisi su Il Messaggero, il Chelsea non ha ancora abbassato la richiesta da<strong> 23 milioni di euro pi\u00f9 il 30% sulla futura rivendita<\/strong>, la Roma va a caccia di uno sconto e ieri ci sono stati altri contatti. Ma non c&#8217;\u00e8 solamente l&#8217;inglese sul taccuino di Massara. Fari puntati su Dominguez del Bologna. L&#8217;argentino \u00e8 un&#8217;opzione e il Bologna \u00e8 in attesa di un&#8217;offerta ufficiale come confermato dal ds Di Vaio: \u00abAbbiamo fatto una chiacchierata\u00bb. Continuano i contatti col Milan che vuole <strong>Dovbyk<\/strong>. Ma l&#8217;affare potr\u00e0 andare in porto solamente in caso di apertura da parte di <strong>Gimenez<\/strong>, anche se Massara al momento nega questa possibilit\u00e0. Il messicano non ha ancora dato una risposta definitiva. Ancora aperta la pista Pellegrini per il Milan che cerca uncentrocampista dopo l&#8217;infortunio di Jashari. II giocatore \u00e8 stato offerto. Su di lui anche West Ham e Fiorentina. Ieri \u00e8 atterrato a Ciampino <strong>Tsimikas<\/strong>. Il greco si \u00e8 presentato ai tifosi presenti: \u00abSono molto felice di essere qui, dar\u00f2 tutto\u00bb. Arriva dal Liverpool in prestito secco e i giallorossi copriranno per intero l&#8217;ingaggio da circa 2 milioni. In rosa prende il posto di Salah-Eddine, che passa in prestito al PSV. Nelle ultime ore pu\u00f2 sbloccarsi la trattativa col Monza per <strong>Pessina<\/strong>. La Roma lo vorrebbe in prestito e il giocatore ha aperto al trasferimento. Oggi, invece, sar\u00e0 la giornata decisiva per il passaggio di <strong>Baldanzi al Verona<\/strong>. Da definire solamente gli ultimi dettagli: operazione in prestito con diritto di riscatto.<\/p>\n<p class=\"is-copyright\">\u00a9 RIPRODUZIONE RISERVATA<\/p>\n","protected":false},"excerpt":{"rendered":"Il Ds frena sul possibile scambio: &#8220;Per ora non esiste&#8221;. L&#8217;argentino o George come ala sinistra. Sbarcato Tsimikas&hellip;\n","protected":false},"author":3,"featured_media":79218,"comment_status":"","ping_status":"","sticky":false,"template":"","format":"standard","meta":{"footnotes":"","_share_on_mastodon":"0"},"categories":[1452],"tags":[35448,58985,11611,765,586,721,5368,4435,52328,19545,7210,1740,4034,25117,564,2885,1537,90,89,5291,553,6840,987,1739,13183,245,244,2981,52327],"class_list":["post-79217","post","type-post","status-publish","format-standard","has-post-thumbnail","category-calcio","tag-abbassato","tag-abbassato-richiesta","tag-argentino","tag-attacco","tag-bologna","tag-calcio","tag-chelsea","tag-contatti","tag-dominguez","tag-dovbyk","tag-ds","tag-football","tag-george","tag-gimenez","tag-giocatore","tag-infortunio","tag-it","tag-italia","tag-italy","tag-massara","tag-milan","tag-prestito","tag-roma","tag-soccer","tag-solamente","tag-sport","tag-sports","tag-trattativa","tag-tsimikas"],"share_on_mastodon":{"url":"","error":""},"_links":{"self":[{"href":"https:\/\/www.europesays.com\/it\/wp-json\/wp\/v2\/posts\/79217","targetHints":{"allow":["GET"]}}],"collection":[{"href":"https:\/\/www.europesays.com\/it\/wp-json\/wp\/v2\/posts"}],"about":[{"href":"https:\/\/www.europesays.com\/it\/wp-json\/wp\/v2\/types\/post"}],"author":[{"embeddable":true,"href":"https:\/\/www.europesays.com\/it\/wp-json\/wp\/v2\/users\/3"}],"replies":[{"embeddable":true,"href":"https:\/\/www.europesays.com\/it\/wp-json\/wp\/v2\/comments?post=79217"}],"version-history":[{"count":0,"href":"https:\/\/www.europesays.com\/it\/wp-json\/wp\/v2\/posts\/79217\/revisions"}],"wp:featuredmedia":[{"embeddable":true,"href":"https:\/\/www.europesays.com\/it\/wp-json\/wp\/v2\/media\/79218"}],"wp:attachment":[{"href":"https:\/\/www.europesays.com\/it\/wp-json\/wp\/v2\/media?parent=79217"}],"wp:term":[{"taxonomy":"category","embeddable":true,"href":"https:\/\/www.europesays.com\/it\/wp-json\/wp\/v2\/categories?post=79217"},{"taxonomy":"post_tag","embeddable":true,"href":"https:\/\/www.europesays.com\/it\/wp-json\/wp\/v2\/tags?post=79217"}],"curies":[{"name":"wp","href":"https:\/\/api.w.org\/{rel}","templated":true}]}}