{"id":80186,"date":"2025-08-31T21:32:13","date_gmt":"2025-08-31T21:32:13","guid":{"rendered":"https:\/\/www.europesays.com\/it\/80186\/"},"modified":"2025-08-31T21:32:13","modified_gmt":"2025-08-31T21:32:13","slug":"tudor-dopo-genoa-juve-0-1-vittoria-meritatissima-scudetto-macche","status":"publish","type":"post","link":"https:\/\/www.europesays.com\/it\/80186\/","title":{"rendered":"Tudor dopo Genoa-Juve 0-1: &#8220;Vittoria meritatissima. Scudetto? Macch\u00e9&#8230;&#8221;"},"content":{"rendered":"<p>                                Il tecnico juventino si gode il secondo successo consecutivo, che conferma la sua squadra a punteggio pieno: &#8220;Vittoria meritatissima&#8221;<\/p>\n<p class=\"paragraph\" spellcheck=\"true\">Catenaccio totale. Nonostante <a href=\"https:\/\/www.gazzetta.it\/Calcio\/Serie-A\/Juventus\/31-08-2025\/genoa-juve-0-1-gol-vlahovic.shtml?intcmp=hyperlink-articolo-gazit\" title=\"David spreca, Vlahovic entra e fa vincere la Juve: Genoa ko, anche Tudor a punteggio pieno\" rel=\"nofollow noopener\" target=\"_blank\">la vittoria in casa del Genoa<\/a>, il punteggio pieno in classifica e <a href=\"https:\/\/www.gazzetta.it\/Calcio\/Serie-A\/Juventus\/31-08-2025\/nico-gonzalez-atletico-madrid-ci-siamo-e-ora-la-juve-puo-affondare-per-zhegrova.shtml?intcmp=hyperlink-articolo-gazit\" title=\"Juve, ecco Zhegrova: arriva domani per le visite. E Nico saluta: \u00e8 fatta all&#039;Atletico\" rel=\"nofollow noopener\" target=\"_blank\">un Edon Zhegrova che sta per sbarcare a Torino<\/a> (con Nico Gonzalez diretto a Madrid, Igor Tudor non fa nessuna concessione alle domande sul mercato. &#8220;C&#8217;\u00e8 ancora domani e vediamo cosa succede &#8211; ribatte al quesito sul kosovaro ormai quasi ex Lilla -. Comolli sta provando a rinforzare la squadra, ma io sono tranquillo. Io sono sempre felice: ho la squadra che mi piace, i giocatori che mi piacciono, alleno la Juve: cosa si pu\u00f2 volere di pi\u00f9 dalla vita?&#8221;.<\/p>\n<p>    genoa-juve, tudor su vlahovic\u2014 \u00a0<\/p>\n<p class=\"paragraph is-inline\" spellcheck=\"true\">L&#8217;allenatore della Juve non si risparmia, invece, quando si tratta di fare complimenti ai suoi per l&#8217;atteggiamento. &#8220;Oggi mi \u00e8 piaciuta tutta la squadra &#8211; ammette Tudor -. La sensazione era di avere una squadra vera che \u00e8 sul pezzo, concentrata, bella tosta, che non vuol regalare niente e che dal primo all&#8217;ultimo momento sa cosa vuole, con la mentalit\u00e0 di non concedere gol dietro. \u00c8 una vittoria meritatissima&#8221;. Concreto e diretto sul campo e pure a parole, il croato, che puntualizza ancora una volta cosa si aspetti dai suoi. &#8220;Cosa vuol dire quando una squadra \u00e8 bella? La squadra deve essere sempre lo specchio di un allenatore, poi c&#8217;\u00e8 la mentalit\u00e0 della squadra che deve essere concentrata e umile &#8211; spiega -. Queste cose sono sempre state una caratteristica di questo club e non si devono mai mettere in dubbio&#8221;. Sul secondo gol consecutivo (e stavolta pure decisivo) di Dusan Vlahovic, il tecnico juventino torna abbottonato. &#8220;\u00c8 una bellissima sensazione che tutti i 5 cambi sono entrati alla grande, poi Vlahovic sta bene e io sono contento perch\u00e9 gli attaccanti sono importanti &#8211; dice a Dazn -. Se ho chiesto di tenerlo? L&#8217;allenatore vuole sempre giocatori forti, pi\u00f9 ne ha e meglio \u00e8, poi il mercato lo fa Comolli&#8221;. E se qualcuno prova a presentare Juventus-Inter della prossima giornata come un primo duello scudetto, Tudor entra in tackle.\u00a0&#8220;Macch\u00e9, abbiamo fatto solo due partite&#8230;&#8221;.<\/p>\n","protected":false},"excerpt":{"rendered":"Il tecnico juventino si gode il secondo successo consecutivo, che conferma la sua squadra a punteggio pieno: &#8220;Vittoria&hellip;\n","protected":false},"author":3,"featured_media":80187,"comment_status":"","ping_status":"","sticky":false,"template":"","format":"standard","meta":{"footnotes":"","_share_on_mastodon":"0"},"categories":[1452],"tags":[1960,5471,721,10572,59621,59622,7085,1740,6298,3412,1976,1537,90,89,565,24448,59623,6091,1412,59624,7441,6072,17168,1739,245,244,1857,59625,7520,2224,578],"class_list":["post-80186","post","type-post","status-publish","format-standard","has-post-thumbnail","category-calcio","tag-allenatore","tag-bella","tag-calcio","tag-comolli","tag-concentrata","tag-consecutivo","tag-diretto","tag-football","tag-genoa","tag-giocatori","tag-gol","tag-it","tag-italia","tag-italy","tag-juve","tag-juventino","tag-macche","tag-mentalita","tag-mercato","tag-meritatissima","tag-punteggio","tag-scudetto","tag-sensazione","tag-soccer","tag-sport","tag-sports","tag-squadra","tag-squadra-vera","tag-tudor","tag-vittoria","tag-vlahovic"],"share_on_mastodon":{"url":"","error":""},"_links":{"self":[{"href":"https:\/\/www.europesays.com\/it\/wp-json\/wp\/v2\/posts\/80186","targetHints":{"allow":["GET"]}}],"collection":[{"href":"https:\/\/www.europesays.com\/it\/wp-json\/wp\/v2\/posts"}],"about":[{"href":"https:\/\/www.europesays.com\/it\/wp-json\/wp\/v2\/types\/post"}],"author":[{"embeddable":true,"href":"https:\/\/www.europesays.com\/it\/wp-json\/wp\/v2\/users\/3"}],"replies":[{"embeddable":true,"href":"https:\/\/www.europesays.com\/it\/wp-json\/wp\/v2\/comments?post=80186"}],"version-history":[{"count":0,"href":"https:\/\/www.europesays.com\/it\/wp-json\/wp\/v2\/posts\/80186\/revisions"}],"wp:featuredmedia":[{"embeddable":true,"href":"https:\/\/www.europesays.com\/it\/wp-json\/wp\/v2\/media\/80187"}],"wp:attachment":[{"href":"https:\/\/www.europesays.com\/it\/wp-json\/wp\/v2\/media?parent=80186"}],"wp:term":[{"taxonomy":"category","embeddable":true,"href":"https:\/\/www.europesays.com\/it\/wp-json\/wp\/v2\/categories?post=80186"},{"taxonomy":"post_tag","embeddable":true,"href":"https:\/\/www.europesays.com\/it\/wp-json\/wp\/v2\/tags?post=80186"}],"curies":[{"name":"wp","href":"https:\/\/api.w.org\/{rel}","templated":true}]}}