{"id":81619,"date":"2025-09-01T17:03:09","date_gmt":"2025-09-01T17:03:09","guid":{"rendered":"https:\/\/www.europesays.com\/it\/81619\/"},"modified":"2025-09-01T17:03:09","modified_gmt":"2025-09-01T17:03:09","slug":"collegno-papa-entra-in-campo-e-picchia-calciatore-13enne-avversario-del-figlio-gli-frattura-malleolo-e-zigomo","status":"publish","type":"post","link":"https:\/\/www.europesays.com\/it\/81619\/","title":{"rendered":"Collegno, pap\u00e0 entra in campo e picchia calciatore 13enne avversario del figlio: gli frattura malleolo e zigomo"},"content":{"rendered":"<p>    di<br \/>\n    Alberto Giulini<\/p>\n<p class=\"summary-art is-line-h-12\">L&#8217;uomo ha scavalcato la recinzione e si \u00e8 scagliato contro il portiere avversario dopo una rissa. La partita giovanile finisce nel caos: il ragazzo ha riportato fratture a malleolo e zigomo. Indagano i carabinieri<\/p>\n<p class=\"chapter-paragraph\">Una piccola rissa tra giovani calciatori \u00e8 degenerata quando<b> un genitore ha scavalcato la recinzione ed \u00e8 entrato in campo<\/b>. Il padre, anzich\u00e9 placare gli animi, si \u00e8 scagliato con violenza contro un avversario del figlio.<\/p>\n<p>    Insulti e rissa<\/p>\n<p class=\"chapter-paragraph\">A Collegno, dopo la sfida tra <b>Carmagnola e Volpiano Pianese Under 14 del Super Oscar<\/b>, volano insulti tra i giovanissimi calciatori. Scatta un parapiglia e alcuni ragazzi arrivano allo <b>scontro<\/b>. In un momento di follia, il genitore di un ragazzo del Carmagnola, 40 anni,\u00a0\u00a0<b>entra in campo e aggredisce il portiere della squadra avversaria: lo colpisce con un pugno al volto<\/b>, lo scaraventa a terra e continua a colpirlo, forse per difendere il figlio aggredito in precedenza.\u00a0    &#13;<br \/>\n&#13;<br \/>\n&#13;<br \/>\n&#13;<br \/>\n&#13;<br \/>\n&#13;<br \/>\n&#13;<br \/>\n&#13;<br \/>\n&#13;<br \/>\n&#13;<br \/>\n&#13;<br \/>\n&#13;<br \/>\n&#13;<br \/>\n&#13;<br \/>\n&#13;<br \/>\n&#13;<br \/>\n&#13;<br \/>\n&#13;<br \/>\n&#13;<br \/>\n&#13;<br \/>\n&#13;<br \/>\n&#13;<br \/>\n&#13;<br \/>\n&#13;<br \/>\n&#13;<br \/>\n&#13;<br \/>\n&#13;<br \/>\n&#13;<br \/>\n&#13;<br \/>\n&#13;<br \/>\n&#13;<br \/>\n&#13;<br \/>\n&#13;<br \/>\n&#13;<br \/>\n&#13;<br \/>\n&#13;<br \/>\n&#13;<br \/>\n&#13;<br \/>\n&#13;<br \/>\n&#13;<br \/>\n&#13;<br \/>\n&#13;<br \/>\n&#13;<br \/>\n&#13;<br \/>\n&#13;<br \/>\n&#13;<br \/>\n&#13;<br \/>\n&#13;<br \/>\n&#13;<br \/>\n&#13;<br \/>\n&#13;<br \/>\n&#13;<br \/>\n&#13;\n<\/p>\n<p>    Genitore identificato<\/p>\n<p class=\"chapter-paragraph\">A riportare la calma \u00e8 innanzitutto l\u2019intervento dei dirigenti delle due squadre. Il ragazzo, 13 anni, viene trasportato all\u2019ospedale Martini dove i medici riscontrano la<b> frattura del malleolo oltre a una forte contusione allo zigomo<\/b>. Il genitore autore dell\u2019aggressione \u00e8 stato identificato dai carabinieri.\u00a0 \u00a0<\/p>\n<p>    Il racconto del mister<\/p>\n<p class=\"chapter-paragraph\"><b>Andrea Mirasola<\/b>, allenatore del Volpiano Pianese racconta: \u00abI fatti sono chiari, semplici e brutali. Gli animi in campo erano accesi per una partita combattuta, qualche loro sfott\u00f2 di fine gara e qualche nostra reazione avevano acceso un parapiglia, ma sono <b>alterchi tra ragazzi che sarebbero stati certamente sedati<\/b>. All\u2019improvviso questo genitore del Carmagnola si \u00e8 buttato in campo e <b>ha picchiato il nostro portiere<\/b>. Tutti noi ci siamo buttati in mezzo per fermarlo perch\u00e9 abbiamo davvero temuto per l\u2019incolumit\u00e0 del ragazzo. <b>Io, il mio staff e i ragazzi siamo sotto choc<\/b>, il nostro portiere \u00e8 andato via in ambulanza con un probabile zigomo rotto. <b>Mi aspetto che la giustizia ordinaria faccia il suo corso<\/b>\u00bb<\/p>\n<p>    Il sindaco<\/p>\n<p class=\"chapter-paragraph\">Si tratta di un \u00ab<b>episodio sicuramente grave <\/b>di cui non eravamo a conoscenza. Lo sport \u00e8 una di quelle attivit\u00e0 volte ad aggregazione e benessere, quindi questo episodio \u00e8 decisamente poco edificante. Esprimiamo massima<b> solidariet\u00e0 al ragazzo<\/b>, ai genitori e alla squadra colpita dall\u2019evento\u00bb. Cos\u00ec all&#8217;agenzia di stampa LaPresse <b>il sindaco di Volpiano Giovanni Panichelli<\/b>, a proposito dell\u2019aggressione da parte di un genitore della squadra avversaria a un ragazzino 13enne del Volpiano calcio avvenuta a Collegno. \u00abGi\u00e0 spiace se accade qualcosa di simile tra ragazzi, o sugli spalti tra genitori, ma addirittura <b>un genitore verso un ragazzo<\/b>. Pur non conoscendo i dettagli dell\u2019episodio ci sentiamo di dire che \u00e8 grave e poco edificante\u00bb aggiunge il primo cittadino.<\/p>\n<p>    Le scuse della societ\u00e0<\/p>\n<p class=\"chapter-paragraph\">In un lungo comunicato arriva anche <b>la condanna del Carmagnola<\/b>: \u00abI valori dello sport, in particolare a livello giovanile, devono sempre ispirarsi al rispetto reciproco, all\u2019educazione e alla crescita personale dei ragazzi. Quanto accaduto rappresenta un comportamento grave e inaccettabile\u00bb.\u00a0\u00abCi sentiamo in dovere &#8211; scrive la societ\u00e0 &#8211; di porgere le nostre pi\u00f9 sincere scuse alla giovane vittima dell\u2019aggressione e alla sua famiglia, all\u2019intera comunit\u00e0 sportiva coinvolta, agli spettatori, ai ragazzi e alle famiglie che hanno assistito con sgomento all\u2019accaduto\u00bb.<\/p>\n<p class=\"is-mr-t-20 is-mr-b-20\"><b><br \/>\n                    <a href=\"https:\/\/torino.corriere.it\/?intcmp=Notizielocali_nd_010623_corriere_ss_nd\" target=\"_blank\" rel=\"nofollow noopener\">Vai a tutte le notizie di Torino<\/a><br \/>\n            <\/b><\/p>\n<p class=\"chapter-paragraph\"><b><a href=\"https:\/\/www.corriere.it\/newsletter\/?theme=35&amp;intcmp=IIIcolonna_NL_CorTorino\" target=\"_blank\" rel=\"nofollow noopener\">Iscriviti alla newsletter di Corriere Torino<\/a><\/b><\/p>\n<p class=\"is-last-update\" datetime=\"2025-09-01T18:38:15+02:00\">1 settembre 2025 ( modifica il 1 settembre 2025 | 18:38)<\/p>\n<p class=\"is-copyright\">\n            \u00a9 RIPRODUZIONE RISERVATA\n        <\/p>\n","protected":false},"excerpt":{"rendered":"di Alberto Giulini L&#8217;uomo ha scavalcato la recinzione e si \u00e8 scagliato contro il portiere avversario dopo una&hellip;\n","protected":false},"author":3,"featured_media":81620,"comment_status":"","ping_status":"","sticky":false,"template":"","format":"standard","meta":{"footnotes":"","_share_on_mastodon":"0"},"categories":[6],"tags":[500,4593,60301,3304,15961,60302,1952,921,3905,58381,10090,14,60303,12028,60304,9162,2716,5830,60305,705,60306,2753,14446,830,8,18226,14843,1537,90,89,60300,60307,7,15,82,9,83,10,60308,2855,1699,5402,9764,1857,13,11,80,84,12,81,85,60298,60299],"class_list":["post-81619","post","type-post","status-publish","format-standard","has-post-thumbnail","category-ultime-notizie","tag-accaduto","tag-aggressione","tag-animi","tag-avversaria","tag-avversario","tag-avversario-figlio","tag-calciatori","tag-campo","tag-carabinieri","tag-carmagnola","tag-collegno","tag-cronaca","tag-edificante","tag-entra","tag-entra-campo","tag-episodio","tag-figlio","tag-frattura","tag-frattura-malleolo","tag-genitore","tag-genitore-ragazzo","tag-genitori","tag-giovanile","tag-grave","tag-headlines","tag-identificato","tag-insulti","tag-it","tag-italia","tag-italy","tag-malleolo","tag-malleolo-zigomo","tag-news","tag-notizie","tag-notizie-di-cronaca","tag-notizie-principali","tag-notiziedicronaca","tag-notizieprincipali","tag-parapiglia","tag-portiere","tag-ragazzi","tag-ragazzo","tag-rissa","tag-squadra","tag-titoli","tag-ultime-notizie","tag-ultime-notizie-di-cronaca","tag-ultime-notizie-e-news-di-oggi","tag-ultimenotizie","tag-ultimenotiziedicronaca","tag-ultimenotizieenewsdioggi","tag-volpiano","tag-zigomo"],"share_on_mastodon":{"url":"","error":""},"_links":{"self":[{"href":"https:\/\/www.europesays.com\/it\/wp-json\/wp\/v2\/posts\/81619","targetHints":{"allow":["GET"]}}],"collection":[{"href":"https:\/\/www.europesays.com\/it\/wp-json\/wp\/v2\/posts"}],"about":[{"href":"https:\/\/www.europesays.com\/it\/wp-json\/wp\/v2\/types\/post"}],"author":[{"embeddable":true,"href":"https:\/\/www.europesays.com\/it\/wp-json\/wp\/v2\/users\/3"}],"replies":[{"embeddable":true,"href":"https:\/\/www.europesays.com\/it\/wp-json\/wp\/v2\/comments?post=81619"}],"version-history":[{"count":0,"href":"https:\/\/www.europesays.com\/it\/wp-json\/wp\/v2\/posts\/81619\/revisions"}],"wp:featuredmedia":[{"embeddable":true,"href":"https:\/\/www.europesays.com\/it\/wp-json\/wp\/v2\/media\/81620"}],"wp:attachment":[{"href":"https:\/\/www.europesays.com\/it\/wp-json\/wp\/v2\/media?parent=81619"}],"wp:term":[{"taxonomy":"category","embeddable":true,"href":"https:\/\/www.europesays.com\/it\/wp-json\/wp\/v2\/categories?post=81619"},{"taxonomy":"post_tag","embeddable":true,"href":"https:\/\/www.europesays.com\/it\/wp-json\/wp\/v2\/tags?post=81619"}],"curies":[{"name":"wp","href":"https:\/\/api.w.org\/{rel}","templated":true}]}}