{"id":81662,"date":"2025-09-01T17:29:10","date_gmt":"2025-09-01T17:29:10","guid":{"rendered":"https:\/\/www.europesays.com\/it\/81662\/"},"modified":"2025-09-01T17:29:10","modified_gmt":"2025-09-01T17:29:10","slug":"tra-poco-violenti-temporali-e-grandine-vediamo-le-zone-a-rischio","status":"publish","type":"post","link":"https:\/\/www.europesays.com\/it\/81662\/","title":{"rendered":"tra poco violenti temporali e grandine, vediamo le zone a rischio"},"content":{"rendered":"<p><img decoding=\"async\" fetchpriority=\"high\" loading=\"eager\" itemprop=\"image\" class=\"news_content_image\" src=\"https:\/\/www.europesays.com\/it\/wp-content\/uploads\/2025\/09\/prossimeore010925.jpg\" alt=\"\" title=\"Tra poco arrivano temporali e grandine, tante le regioni a rischio\" width=\"700\" height=\"503\"\/>Tra poco arrivano temporali e grandine, tante le regioni a rischio\n<\/p>\n<p><b>Tra poco scoppieanno violenti temporali<\/b>, quanto meno su parte del nostro Paese.<\/p>\n<p>Nonostante un timido aumento della pressione atmosferica sul bacino del Mediterraneo, il quadro meteorologico non \u00e8 per nulla stabile ed \u00e8 di nuovo insidiato da una <b>vasta saccatura<\/b> presente sul Nord Europa la quale sta pilotando un&#8217;ennesima perturbazione verso l&#8217;Italia.<br \/>I suoi effetti sono gi\u00e0 evidenti in queste ore, con nubi sempre pi\u00f9 minacciose che stanno dando luogo a rovesci e temporali importanti al <b>Nordovest<\/b>, come pure sui rilievi alpini e prealpini di <b>Piemonte<\/b>, <b>Lombardia occidentale<\/b> e <b>Valle d\u2019Aosta<\/b>.<\/p>\n<p><b>EVOLUZIONE PROSSIME ORE<\/b><br \/>Con il passare delle ore, mentre al Sud e su gran parte del Centro proseguir\u00e0 un contesto abbastanza tranquillo, avremo un <b>ulteriore peggioramento al Nord<\/b>: <b>piogge<\/b>, <b>rovesci<\/b> e forti <b>temporali <\/b>si sposteranno dal <b>Nordovest<\/b> verso levante, coinvolgendo dapprima il resto dell\u2019arco alpino e poi, entro sera, anche tutta l\u2019area del <b>Triveneto<\/b>, con fenomeni in locale sconfinamento verso le aree pianeggianti.<br \/>Sempre entro la serata, attenzione all\u2019area alpina tra la <b>Valle d\u2019Aosta<\/b>, l\u2019<b>Alto Piemonte<\/b> e ai rilievi lombardi: su queste zone \u00e8 attesa una parentesi di <b>forte maltempo<\/b> con abbondanti accumuli di pioggia e temporali a tratti violenti, accompagnati da forti raffiche di vento, nubifragi e locali grandinate.<br \/>Proseguir\u00e0 invece il bel tempo al <b>Sud<\/b> e su gran parte del <b>Centro<\/b>, fatta eccezione per qualche temporale in arrivo sulla <b>Toscana<\/b>, sintomo che la perturbazione tender\u00e0 a spostare il suo baricentro verso levante e sar\u00e0 pronta a portare ulteriori grattacapi anche su alcuni tratti delle regioni centro-meridionali nella giornata di <b>Marted\u00ec 2 Settembre<\/b>.<img decoding=\"async\" fetchpriority=\"low\" loading=\"lazy\" itemprop=\"image\" class=\"news_content_image\" src=\"https:\/\/www.europesays.com\/it\/wp-content\/uploads\/2025\/09\/prec_lune_1925_0.jpg\" alt=\"\" title=\"Le zone coinvolte dalle precipitazioni nella giornata di Luned\u00ec 1 Settembre\" width=\"700\" height=\"501\"\/>Le zone coinvolte dalle precipitazioni nella giornata di Luned\u00ec 1 Settembre<b>GRANDINE: LE ZONE A RISCHIO<br \/><\/b>Andr\u00e0 prestata la massima attenzione nelle prossime ore, quando l&#8217;ingresso del fronte instabile destabilizzer\u00e0 non poco l&#8217;atmosfera, provocando temporali anche forti a partire dalle Alpi occidentali, ma in rapida estensione alla <b>Liguria <\/b>e poi via via alle pianure di <b>Piemonte<\/b>, <b>Lombardia<\/b>, <b>Veneto <\/b>e <b>Friuli Venezia Giulia<\/b>.<br \/>Il vortice in arrivo richiamer\u00e0 correnti molto umide e calde di Scirocco le quali forniranno l&#8217;energia per lo sviluppo di <b>celle temporalesche<\/b> particolarmente violente. Il rischio, come peraltro gi\u00e0 accaduto la scorsa settimana, \u00e8 che si possano formare delle <b>supercelle <\/b>foriere di <b>grandine <\/b>di piccole-medie dimensioni.<\/p>\n<p><b>MARTEDI&#8217; 2 SETTEMBRE: IL MALTEMPO SI SPOSTA AL CENTRO<\/b><br \/>Tra la prossima notte e la primissima parte della mattinata di <b>Marted\u00ec 2 Settembre<\/b> ci aspettiamo gli ultimi forti temporali al Nord Est, con ancora la possibilit\u00e0 di grandinate e nubifragi; successivamente <b>il maltempo si sposter\u00e0 in maniera piuttosto rapida verso le regioni del Centro<\/b>; a maggiore rischio, qui, sar\u00e0 il versante tirrenico: <b>Toscana<\/b>, <b>Lazio <\/b>e <b>Campania <\/b>dovranno fare i conti con acquazzoni e un deciso calo delle temperature.<br \/>Attenzione perch\u00e9 l&#8217;atmosfera si manterr\u00e0 comunque instabile al Nord: non escludiamo, infatti, la possibilit\u00e0 di qualche isolato temporale specie sulle pianure lombarde e del Triveneto. La mappa qui sotto mette bene in evidenza le zone pi\u00f9 a rischio di precipitazioni nel corso di Marted\u00ec 2 Settembre.<br \/>PER APPROFONDIRE: <a href=\"https:\/\/www.ilmeteo.it\/notizie\/allerta-meteo-avviso-della-protezione-civile-in-arrivo-forti-temporali-e-nubifragi-su-3-regioni-173001\" rel=\"nofollow noopener\" target=\"_blank\"><b>Allerta Meteo, avviso della Protezione Civile: in arrivo forti temporali e nubifragi su 3 regioni<\/b><\/a><\/p>\n","protected":false},"excerpt":{"rendered":"Tra poco arrivano temporali e grandine, tante le regioni a rischio Tra poco scoppieanno violenti temporali, quanto meno&hellip;\n","protected":false},"author":3,"featured_media":81663,"comment_status":"","ping_status":"","sticky":false,"template":"","format":"standard","meta":{"footnotes":""},"categories":[79],"tags":[14,93,94,1537,90,89,419,7,15,11,84,91,12,85,92],"class_list":{"0":"post-81662","1":"post","2":"type-post","3":"status-publish","4":"format-standard","5":"has-post-thumbnail","7":"category-italia","8":"tag-cronaca","9":"tag-cronaca-italiana","10":"tag-cronacaitaliana","11":"tag-it","12":"tag-italia","13":"tag-italy","14":"tag-meteo","15":"tag-news","16":"tag-notizie","17":"tag-ultime-notizie","18":"tag-ultime-notizie-e-news-di-oggi","19":"tag-ultime-notizie-italia","20":"tag-ultimenotizie","21":"tag-ultimenotizieenewsdioggi","22":"tag-ultimenotizieitalia"},"share_on_mastodon":{"url":"","error":""},"_links":{"self":[{"href":"https:\/\/www.europesays.com\/it\/wp-json\/wp\/v2\/posts\/81662","targetHints":{"allow":["GET"]}}],"collection":[{"href":"https:\/\/www.europesays.com\/it\/wp-json\/wp\/v2\/posts"}],"about":[{"href":"https:\/\/www.europesays.com\/it\/wp-json\/wp\/v2\/types\/post"}],"author":[{"embeddable":true,"href":"https:\/\/www.europesays.com\/it\/wp-json\/wp\/v2\/users\/3"}],"replies":[{"embeddable":true,"href":"https:\/\/www.europesays.com\/it\/wp-json\/wp\/v2\/comments?post=81662"}],"version-history":[{"count":0,"href":"https:\/\/www.europesays.com\/it\/wp-json\/wp\/v2\/posts\/81662\/revisions"}],"wp:featuredmedia":[{"embeddable":true,"href":"https:\/\/www.europesays.com\/it\/wp-json\/wp\/v2\/media\/81663"}],"wp:attachment":[{"href":"https:\/\/www.europesays.com\/it\/wp-json\/wp\/v2\/media?parent=81662"}],"wp:term":[{"taxonomy":"category","embeddable":true,"href":"https:\/\/www.europesays.com\/it\/wp-json\/wp\/v2\/categories?post=81662"},{"taxonomy":"post_tag","embeddable":true,"href":"https:\/\/www.europesays.com\/it\/wp-json\/wp\/v2\/tags?post=81662"}],"curies":[{"name":"wp","href":"https:\/\/api.w.org\/{rel}","templated":true}]}}