{"id":85054,"date":"2025-09-03T09:25:10","date_gmt":"2025-09-03T09:25:10","guid":{"rendered":"https:\/\/www.europesays.com\/it\/85054\/"},"modified":"2025-09-03T09:25:10","modified_gmt":"2025-09-03T09:25:10","slug":"gp-barcellona-morbidelli-pista-completamente-diversa-dallungheria","status":"publish","type":"post","link":"https:\/\/www.europesays.com\/it\/85054\/","title":{"rendered":"GP Barcellona, Morbidelli: \u201cPista completamente diversa dall\u2019Ungheria\u201d"},"content":{"rendered":"<p><strong>GP Catalunya Barcellona Pertamina Enduro VR46 Racing Team MotoGP 2025<\/strong> \u2013 Franco Morbidelli arriva al Montmel\u00f2 di Barcellona con il <a href=\"https:\/\/motograndprix.motorionline.com\/motogp-ufficiale-morbidelli-rinnova-con-vr46-per-il-2026-dichiarazioni-news\/\" target=\"_blank\" rel=\"noopener nofollow\">contratto appena rinnovato con il VR46 Racing Team<\/a>.<\/p>\n<p>L\u2019italo-brasiliano, che aveva anticipato l\u2019annuncio ufficiale gi\u00e0 in Ungheria, avr\u00e0 quindi la mente sgombra e cercher\u00e0 di migliorare il suo score, che lo vede attualmente con 2 podi all\u2019attivo nel 2025.<\/p>\n<p>Ecco cosa ha detto \u201cMorbido\u201d che al Balaton Park aveva chiuso in terza posizione la Sprint Race, mentre nella gara domenicale aveva tagliato il traguardo in sesta posizione.<\/p>\n<p>Dichiarazioni Franco Morbidelli Preview GP Catalunya Barcellona Pertamina Enduro VR46 Racing Team MotoGP 2025<\/p>\n<p>\u201cArriviamo al Gran Premio di Catalogna con l\u2019ufficialit\u00e0 del rinnovo con il team per il prossimo anno e sono molto felice. Barcellona \u00e8 una pista completamente diversa dall\u2019Ungheria, dove abbiamo corso due settimane fa. \u00c8 un tracciato che conosciamo molto bene, dove abbiamo fatto tanti giri, sia in GP che nei test. Anche il grip \u00e8 particolare, perci\u00f2 sar\u00e0 complicato. I risultati ottenuti nell\u2019ultima gara ci devono mostrare la linea da seguire per questo weekend.\u201d<\/p>\n<p>\t\t\tMotorionline.com \u00e8 stato selezionato dal nuovo servizio di Google News,<br \/>se vuoi essere sempre aggiornato sulle nostre notizie<br \/>\n\t\t\t<a href=\"https:\/\/news.google.com\/publications\/CAAqBwgKMOmIsgEww9kM?hl=it&amp;gl=IT&amp;ceid=IT:it\" target=\"_blank\" rel=\"nofollow noopener\">Seguici qui<\/a><\/p>\n","protected":false},"excerpt":{"rendered":"GP Catalunya Barcellona Pertamina Enduro VR46 Racing Team MotoGP 2025 \u2013 Franco Morbidelli arriva al Montmel\u00f2 di Barcellona&hellip;\n","protected":false},"author":3,"featured_media":85055,"comment_status":"","ping_status":"","sticky":false,"template":"","format":"standard","meta":{"footnotes":""},"categories":[1455],"tags":[351,3438,12829,62396,62397,1537,90,89,1783,1785,3932,1806,3512,1784,18689,245,244],"class_list":{"0":"post-85054","1":"post","2":"type-post","3":"status-publish","4":"format-standard","5":"has-post-thumbnail","7":"category-moto","8":"tag-barcellona","9":"tag-ducati","10":"tag-franco-morbidelli","11":"tag-gp-barcellona","12":"tag-gp-catalunya","13":"tag-it","14":"tag-italia","15":"tag-italy","16":"tag-moto","17":"tag-motogp","18":"tag-motogp-2025","19":"tag-motomondiale","20":"tag-motomondiale-2025","21":"tag-motorcycle","22":"tag-pertamina-enduro-vr46-racing-team","23":"tag-sport","24":"tag-sports"},"share_on_mastodon":{"url":"","error":""},"_links":{"self":[{"href":"https:\/\/www.europesays.com\/it\/wp-json\/wp\/v2\/posts\/85054","targetHints":{"allow":["GET"]}}],"collection":[{"href":"https:\/\/www.europesays.com\/it\/wp-json\/wp\/v2\/posts"}],"about":[{"href":"https:\/\/www.europesays.com\/it\/wp-json\/wp\/v2\/types\/post"}],"author":[{"embeddable":true,"href":"https:\/\/www.europesays.com\/it\/wp-json\/wp\/v2\/users\/3"}],"replies":[{"embeddable":true,"href":"https:\/\/www.europesays.com\/it\/wp-json\/wp\/v2\/comments?post=85054"}],"version-history":[{"count":0,"href":"https:\/\/www.europesays.com\/it\/wp-json\/wp\/v2\/posts\/85054\/revisions"}],"wp:featuredmedia":[{"embeddable":true,"href":"https:\/\/www.europesays.com\/it\/wp-json\/wp\/v2\/media\/85055"}],"wp:attachment":[{"href":"https:\/\/www.europesays.com\/it\/wp-json\/wp\/v2\/media?parent=85054"}],"wp:term":[{"taxonomy":"category","embeddable":true,"href":"https:\/\/www.europesays.com\/it\/wp-json\/wp\/v2\/categories?post=85054"},{"taxonomy":"post_tag","embeddable":true,"href":"https:\/\/www.europesays.com\/it\/wp-json\/wp\/v2\/tags?post=85054"}],"curies":[{"name":"wp","href":"https:\/\/api.w.org\/{rel}","templated":true}]}}