{"id":85142,"date":"2025-09-03T10:18:11","date_gmt":"2025-09-03T10:18:11","guid":{"rendered":"https:\/\/www.europesays.com\/it\/85142\/"},"modified":"2025-09-03T10:18:11","modified_gmt":"2025-09-03T10:18:11","slug":"lotto-stagione-finita-per-lo-sfortunato-lennert-van-eetvelt","status":"publish","type":"post","link":"https:\/\/www.europesays.com\/it\/85142\/","title":{"rendered":"Lotto, stagione finita per lo sfortunato Lennert Van Eetvelt?"},"content":{"rendered":"<p>\t\t<img width=\"1200\" height=\"800\" src=\"https:\/\/www.europesays.com\/it\/wp-content\/uploads\/2025\/08\/Lennert-Van-Eetvelt.jpg\" class=\"attachment-full size-full wp-post-image\" alt=\"\" data-main-img=\"1\" decoding=\"async\" fetchpriority=\"high\"  \/><\/p>\n<p>\t\t\t\t\t\t\t \u00a9 Sirotti<\/p>\n<p>\t\t\t\t\t<a href=\"https:\/\/cyclingpro.net\/spaziociclismo\/altro\/scopri-lapp-ufficiale-di-spaziociclismo\/\" title=\"\" rel=\"nofollow noopener\" target=\"_blank\"><br \/>\n\t\t\t\t\t\t<img loading=\"lazy\" decoding=\"async\" src=\"https:\/\/www.europesays.com\/it\/wp-content\/uploads\/2025\/07\/Banner-App-SpazioCiclismo.png\" alt=\"\" width=\"728\" height=\"91\"\/><br \/>\n\t\t\t\t\t<\/a><\/p>\n<p>Continuano le sfortune per <strong>Lennert Van Eetvelt<\/strong>. Brutte notizie per il corridore fiammingo, che non prende parte ad una corsa da quando \u00e8 stato costretto ad abbandonare il<strong> Tour de France<\/strong> prima della partenza della quindicesima tappa e che rischia ora di non poter indossare un dorsale fino al prossimo anno. Caduto durante la seconda frazione della Grande Boucle, riportando problemi alla schiena che lo avevano poi costretto al ritiro, il 24enne della <strong>Lotto <\/strong>sembra soffrire pi\u00f9 di quanto ci si aspettava inizialmente e dopo essere stato costretto a saltare l\u2019appuntamento con la Vuelta a Espa\u00f1a, quasi sicuramente non potr\u00e0 prendere il via nelle due corse canadesi di fine stagione GP de Qu\u00e9bec e GP de Montr\u00e9al, in programma la prossima settimana.<\/p>\n<p>\u201cLa riabilitazione di Lennert sta richiedendo pi\u00f9 tempo del previsto \u2013 ha dichiarato il direttore sportivo Kurt Van de Wouwer a WielerFlits ricordando come il 2025 sia stato un anno decisamente complicato per il 24enne di Binkom, non potendo cos\u00ec ripetere le grandi prestazioni della passata stagione \u2013 Un ritorno in gruppo non \u00e8 previsto in tempi brevi\u201d. Tanto che non \u00e8 da escludere che non lo vedremo pi\u00f9 in gara nel 2025: \u201c\u00c8 una possibilit\u00e0 \u2013 ammette \u2013 Lennert viene da un periodo molto difficile, e se non riuscir\u00e0 ad allenarsi al meglio entro la prossima settimana dovremo iniziare a pensare al prossimo anno\u201d<\/p>\n<p>Seguici<\/p>\n<p>\t\t\t\t\t\t\t\t\t\t<a href=\"https:\/\/news.google.com\/publications\/CAAqBwgKMNaVhQswhaiCAw?hl=it&amp;gl=IT&amp;ceid=IT%3Ait\" title=\"Google News\" target=\"_blank\" rel=\"nofollow noopener\" class=\"post-followus-btn google-new-btn\"><br \/>\n\t\t\t\t\t\t<img decoding=\"async\" src=\"https:\/\/cyclingpro.net\/spaziociclismo\/wp-content\/themes\/jannah\/assets\/images\/google-news.svg\" alt=\"Google News\" loading=\"lazy\" width=\"120\" height=\"22\"\/><br \/>\n\t\t\t\t\t<\/a><br \/>\n\t\t\t\t\t\t\t\t\t\t<a href=\"https:\/\/flipboard.com\/@SpazioCiclismo\" title=\"Flipboard\" target=\"_blank\" rel=\"nofollow noopener\" class=\"post-followus-btn flipboard-btn\"><br \/>\n\t\t\t\t\t\t<img decoding=\"async\" src=\"https:\/\/cyclingpro.net\/spaziociclismo\/wp-content\/themes\/jannah\/assets\/images\/flipboard.svg\" alt=\"Flipboard\" loading=\"lazy\" width=\"152\" height=\"30\"\/><br \/>\n\t\t\t\t\t<\/a><\/p>\n","protected":false},"excerpt":{"rendered":"\u00a9 Sirotti Continuano le sfortune per Lennert Van Eetvelt. Brutte notizie per il corridore fiammingo, che non prende&hellip;\n","protected":false},"author":3,"featured_media":29650,"comment_status":"","ping_status":"","sticky":false,"template":"","format":"standard","meta":{"footnotes":"","_share_on_mastodon":"0"},"categories":[1456],"tags":[1824,1825,1537,90,89,29306,25065,245,244],"class_list":["post-85142","post","type-post","status-publish","format-standard","has-post-thumbnail","category-ciclismo","tag-ciclismo","tag-cycling","tag-it","tag-italia","tag-italy","tag-lennert-van-eetvelt","tag-lotto-cycling-team-2025","tag-sport","tag-sports"],"share_on_mastodon":{"url":"","error":""},"_links":{"self":[{"href":"https:\/\/www.europesays.com\/it\/wp-json\/wp\/v2\/posts\/85142","targetHints":{"allow":["GET"]}}],"collection":[{"href":"https:\/\/www.europesays.com\/it\/wp-json\/wp\/v2\/posts"}],"about":[{"href":"https:\/\/www.europesays.com\/it\/wp-json\/wp\/v2\/types\/post"}],"author":[{"embeddable":true,"href":"https:\/\/www.europesays.com\/it\/wp-json\/wp\/v2\/users\/3"}],"replies":[{"embeddable":true,"href":"https:\/\/www.europesays.com\/it\/wp-json\/wp\/v2\/comments?post=85142"}],"version-history":[{"count":0,"href":"https:\/\/www.europesays.com\/it\/wp-json\/wp\/v2\/posts\/85142\/revisions"}],"wp:featuredmedia":[{"embeddable":true,"href":"https:\/\/www.europesays.com\/it\/wp-json\/wp\/v2\/media\/29650"}],"wp:attachment":[{"href":"https:\/\/www.europesays.com\/it\/wp-json\/wp\/v2\/media?parent=85142"}],"wp:term":[{"taxonomy":"category","embeddable":true,"href":"https:\/\/www.europesays.com\/it\/wp-json\/wp\/v2\/categories?post=85142"},{"taxonomy":"post_tag","embeddable":true,"href":"https:\/\/www.europesays.com\/it\/wp-json\/wp\/v2\/tags?post=85142"}],"curies":[{"name":"wp","href":"https:\/\/api.w.org\/{rel}","templated":true}]}}